{"id":27265,"date":"2025-12-11T20:22:56","date_gmt":"2025-12-11T23:22:56","guid":{"rendered":"https:\/\/novosaopaulo.com.br\/n1\/?p=27265"},"modified":"2025-12-11T20:23:52","modified_gmt":"2025-12-11T23:23:52","slug":"guilherme-dantas-lanca-nesta-sexta-feira-12-sem-deus-nem-tente","status":"publish","type":"post","link":"https:\/\/novosaopaulo.com.br\/n1\/guilherme-dantas-lanca-nesta-sexta-feira-12-sem-deus-nem-tente\/","title":{"rendered":"Guilherme Dantas lan\u00e7a nesta sexta-feira (12) \u201cSem Deus Nem Tente\u201d"},"content":{"rendered":"\n<p>Guilherme Dantas lan\u00e7a oficialmente a m\u00fasica \u201cSem Deus Nem Tente\u201d, novidade que estar\u00e1 dispon\u00edvel em todas as plataformas digitais a partir desta sexta-feira (12). A faixa chega como um dos destaques da fase atual do cantor, compositor e sanfoneiro cearense e apresenta sua parceria com William Sanfona. Os dois dividem os vocais em uma interpreta\u00e7\u00e3o carregada de emo\u00e7\u00e3o, que promete conectar com o p\u00fablico.<\/p>\n\n\n\n<p>A presen\u00e7a e o estilo de William Sanfona traz um impacto especial para a parceria. O artista sergipano \u00e9 conhecido pelo trabalho que une forr\u00f3 e espiritualidade, levando mensagens de devo\u00e7\u00e3o e esperan\u00e7a por meio de suas interpreta\u00e7\u00f5es marcantes.<\/p>\n\n\n\n<p>A m\u00fasica aborda a f\u00e9 de maneira direta e emocional. A letra carrega um sentimento de entrega e de confian\u00e7a, real\u00e7ando a for\u00e7a espiritual que inspira o t\u00edtulo \u201cSem Deus Nem Tente\u201d.<\/p>\n\n\n\n<p>\u201cEstou muito feliz com o lan\u00e7amento de \u2018Sem Deus Nem Tente\u2019. Essa m\u00fasica fala em acreditar, de ter f\u00e9 e reflete muito a minha conex\u00e3o com a sanfona. Ter o William comigo trouxe uma profundidade ainda maior, porque ele tamb\u00e9m vive essa miss\u00e3o de levar mensagens de f\u00e9 por meio da m\u00fasica. Tenho certeza que o p\u00fablico vai sentir tudo isso quando ouvir a can\u00e7\u00e3o\u201d, destaca Guilherme Dantas.<\/p>\n\n\n\n<p>O single marca mais um passo em um momento de grande movimento na carreira do artista. O novo projeto se soma ao rec\u00e9m-lan\u00e7ado \u201cBom de Verdade\u201d, com quatro faixas que incluem as in\u00e9ditas \u201cN\u00e3o Vou, N\u00e3o Vou\u201d e \u201cBaby, Cad\u00ea Voc\u00ea\u201d. Uma forma de encerrar o ano com chave de ouro.<\/p>\n\n\n\n<p>Reconhecido como um dos compositores mais vers\u00e1teis do Brasil, Guilherme j\u00e1 teve obras gravadas por Wesley Safad\u00e3o, Xand Avi\u00e3o e Henrique &amp; Juliano. Como int\u00e9rprete, ele fortalece cada vez mais sua trajet\u00f3ria, levando a cultura nordestina para novos p\u00fablicos e palcos.<\/p>\n\n\n\n<p><strong>Servi\u00e7o &#8211; Lan\u00e7amento de \u201cSem Deus Nem Tente\u201d nas plataformas de m\u00fasica<br><br><\/strong><\/p>\n\n\n\n<p>Data: Sexta-feira, 12 de dezembro<\/p>\n\n\n\n<p>Hor\u00e1rio: Dispon\u00edvel a partir de 00h<\/p>\n\n\n\n<p><br><strong>Sobre Guilherme Dantas<\/strong><\/p>\n\n\n\n<p>Cantor, compositor e sanfoneiro, o cearense Guilherme Dantas diz que enxerga com os olhos do cora\u00e7\u00e3o. Com defici\u00eancia visual desde que nasceu, ele iniciou, aos 4 anos, sua conex\u00e3o com a m\u00fasica de forma instintiva, dominando o teclado por ouvido. Sua habilidade o levou a conquistar m\u00faltiplos pr\u00eamios em concursos e a desenvolver sua voca\u00e7\u00e3o como instrumentista, com destaque para sua maestria na sanfona.<\/p>\n\n\n\n<p>Em 2007, Guilherme recebeu uma bolsa para estudar no Souza Lima, o maior conservat\u00f3rio de m\u00fasica da Am\u00e9rica Latina, localizado em S\u00e3o Paulo. Na capital paulista, aprimorou seus conhecimentos no piano e explorou diferentes vertentes art\u00edsticas. N\u00e3o demorou para que convites para estudar no exterior surgissem, mas Dantas escolheu voltar para o Cear\u00e1 para se dedicar a sua verdadeira paix\u00e3o: o forr\u00f3. Desde ent\u00e3o, suas composi\u00e7\u00f5es ganharam reconhecimento, marcando presen\u00e7a nos repert\u00f3rios de artistas consagrados como Wesley Safad\u00e3o, Mano Walter, Xand Avi\u00e3o e Henrique e Juliano.<\/p>\n\n\n\n<p>Em 2024, Guilherme Dantas assinou contrato com a Vybbe, renomada empresa de gerenciamento de carreiras, marcando o in\u00edcio de uma nova fase em sua trajet\u00f3ria art\u00edstica. Seu primeiro DVD, intitulado &#8220;Prazer, Guilherme Dantas&#8221;, conta com participa\u00e7\u00f5es especiais de Xand Avi\u00e3o, Tarc\u00edsio do Acordeon e Dorgival Danta, al\u00e9m de ser o primeiro projeto audiovisual de forr\u00f3 que conta com audiodescri\u00e7\u00e3o.<\/p>\n\n\n\n<p>Entre os lan\u00e7amentos recentes de 2025, o artista tem trabalhado a s\u00e9rie de EPs \u201c<em>Como Seria\u201d<\/em>, na qual resgata grandes sucessos do forr\u00f3 e outros ritmos nordestinos em novos medleys. O projeto re\u00fane releituras de m\u00fasicas que marcaram gera\u00e7\u00f5es, reafirmando seu compromisso com a valoriza\u00e7\u00e3o da cultura nordestina e o di\u00e1logo entre tradi\u00e7\u00e3o e modernidade.<\/p>\n","protected":false},"excerpt":{"rendered":"<p>Guilherme Dantas lan\u00e7a oficialmente a m\u00fasica \u201cSem Deus Nem Tente\u201d, novidade que estar\u00e1 dispon\u00edvel em&#8230;<\/p>\n","protected":false},"author":1,"featured_media":27266,"comment_status":"open","ping_status":"open","sticky":false,"template":"","format":"standard","meta":{"footnotes":""},"categories":[2],"tags":[],"featured_image_urls":{"full":["https:\/\/novosaopaulo.com.br\/n1\/wp-content\/uploads\/2025\/12\/WhatsApp-Image-2025-12-11-at-18.08.10.jpeg",560,388,false],"thumbnail":["https:\/\/novosaopaulo.com.br\/n1\/wp-content\/uploads\/2025\/12\/WhatsApp-Image-2025-12-11-at-18.08.10-150x150.jpeg",150,150,true],"medium":["https:\/\/novosaopaulo.com.br\/n1\/wp-content\/uploads\/2025\/12\/WhatsApp-Image-2025-12-11-at-18.08.10-300x208.jpeg",300,208,true],"medium_large":["https:\/\/novosaopaulo.com.br\/n1\/wp-content\/uploads\/2025\/12\/WhatsApp-Image-2025-12-11-at-18.08.10.jpeg",560,388,false],"large":["https:\/\/novosaopaulo.com.br\/n1\/wp-content\/uploads\/2025\/12\/WhatsApp-Image-2025-12-11-at-18.08.10.jpeg",560,388,false],"1536x1536":["https:\/\/novosaopaulo.com.br\/n1\/wp-content\/uploads\/2025\/12\/WhatsApp-Image-2025-12-11-at-18.08.10.jpeg",560,388,false],"2048x2048":["https:\/\/novosaopaulo.com.br\/n1\/wp-content\/uploads\/2025\/12\/WhatsApp-Image-2025-12-11-at-18.08.10.jpeg",560,388,false],"newsever-slider-full":["https:\/\/novosaopaulo.com.br\/n1\/wp-content\/uploads\/2025\/12\/WhatsApp-Image-2025-12-11-at-18.08.10.jpeg",560,388,false],"newsever-featured":["https:\/\/novosaopaulo.com.br\/n1\/wp-content\/uploads\/2025\/12\/WhatsApp-Image-2025-12-11-at-18.08.10.jpeg",560,388,false],"newsever-medium":["https:\/\/novosaopaulo.com.br\/n1\/wp-content\/uploads\/2025\/12\/WhatsApp-Image-2025-12-11-at-18.08.10.jpeg",560,388,false]},"author_info":{"display_name":"Reda\u00e7\u00e3o","author_link":"https:\/\/novosaopaulo.com.br\/n1\/author\/g5poa\/"},"category_info":"<a href=\"https:\/\/novosaopaulo.com.br\/n1\/category\/cidades\/\" rel=\"category tag\">Cidades<\/a>","tag_info":"Cidades","comment_count":"0","_links":{"self":[{"href":"https:\/\/novosaopaulo.com.br\/n1\/wp-json\/wp\/v2\/posts\/27265"}],"collection":[{"href":"https:\/\/novosaopaulo.com.br\/n1\/wp-json\/wp\/v2\/posts"}],"about":[{"href":"https:\/\/novosaopaulo.com.br\/n1\/wp-json\/wp\/v2\/types\/post"}],"author":[{"embeddable":true,"href":"https:\/\/novosaopaulo.com.br\/n1\/wp-json\/wp\/v2\/users\/1"}],"replies":[{"embeddable":true,"href":"https:\/\/novosaopaulo.com.br\/n1\/wp-json\/wp\/v2\/comments?post=27265"}],"version-history":[{"count":2,"href":"https:\/\/novosaopaulo.com.br\/n1\/wp-json\/wp\/v2\/posts\/27265\/revisions"}],"predecessor-version":[{"id":27269,"href":"https:\/\/novosaopaulo.com.br\/n1\/wp-json\/wp\/v2\/posts\/27265\/revisions\/27269"}],"wp:featuredmedia":[{"embeddable":true,"href":"https:\/\/novosaopaulo.com.br\/n1\/wp-json\/wp\/v2\/media\/27266"}],"wp:attachment":[{"href":"https:\/\/novosaopaulo.com.br\/n1\/wp-json\/wp\/v2\/media?parent=27265"}],"wp:term":[{"taxonomy":"category","embeddable":true,"href":"https:\/\/novosaopaulo.com.br\/n1\/wp-json\/wp\/v2\/categories?post=27265"},{"taxonomy":"post_tag","embeddable":true,"href":"https:\/\/novosaopaulo.com.br\/n1\/wp-json\/wp\/v2\/tags?post=27265"}],"curies":[{"name":"wp","href":"https:\/\/api.w.org\/{rel}","templated":true}]}}