{"id":27262,"date":"2025-12-11T15:56:57","date_gmt":"2025-12-11T18:56:57","guid":{"rendered":"https:\/\/novosaopaulo.com.br\/n1\/?p=27262"},"modified":"2025-12-11T15:56:57","modified_gmt":"2025-12-11T18:56:57","slug":"violencia-coercitiva-o-fenomeno-invisivel-que-antecede-e-potencializa-casos-de-feminicidio","status":"publish","type":"post","link":"https:\/\/novosaopaulo.com.br\/n1\/violencia-coercitiva-o-fenomeno-invisivel-que-antecede-e-potencializa-casos-de-feminicidio\/","title":{"rendered":"Viol\u00eancia coercitiva: o fen\u00f4meno invis\u00edvel que antecede e potencializa casos de feminic\u00eddio"},"content":{"rendered":"\n<p>Os dados mais recentes sobre feminic\u00eddios somente na cidade de S\u00e3o Paulo-SP, com 53 casos registrados de janeiro a outubro deste ano, um triste recorde hist\u00f3rico, tornaram p\u00fablico aquilo que, para quem atua diariamente na prote\u00e7\u00e3o \u00e0s mulheres, como \u00e9 o meu caso, j\u00e1 era percept\u00edvel: a viol\u00eancia de g\u00eanero se intensificou de forma alarmante.<\/p>\n\n\n\n<p>\u00c0 frente da Delegacia de Pol\u00edcia de Defesa da Mulher (DDM) de Aruj\u00e1-SP, constato que este tipo de crime raramente come\u00e7a com o que chega ao notici\u00e1rio. H\u00e1 um padr\u00e3o conhecido e estudado que abarca ciclos de controle emocional e psicol\u00f3gico, ci\u00fame legitimado como cuidado, humilha\u00e7\u00f5es que reduzem a autoestima da companheira, e agress\u00f5es, que, com o tempo, se tornam mais frequentes e mais perigosas.<\/p>\n\n\n\n<p>O feminic\u00eddio, neste contexto, n\u00e3o surge como evento inesperado, mas, sim, como o fim tr\u00e1gico de uma escalada que poderia ter sido interrompida desde as primeiras viola\u00e7\u00f5es.<\/p>\n\n\n\n<p>O caso da mulher que teve as pernas amputadas por ter sido<br>arrastada pelo carro do ex-namorado, na Marginal Tiet\u00ea, na Vila Maria, Zona Norte de S\u00e3o Paulo, ilustra a dimens\u00e3o extrema a que a agress\u00e3o e o \u00f3dio contra o p\u00fablico feminino pode chegar quando n\u00e3o h\u00e1 ruptura do ciclo.<\/p>\n\n\n\n<p>Outro epis\u00f3dio recente ocorreu dentro de uma pastelaria, no Jardim Fontalis, tamb\u00e9m na Zona Norte da capital paulista. Ao chegar no estabelecimento, um homem desferiu seis tiros \u00e0 queima-roupa na namorada, diante de diversas testemunhas. A escolha de um local p\u00fablico por parte do agressor para o cometimento do delito revela o sentimento de dom\u00ednio absoluto sobre a v\u00edtima e a naturaliza\u00e7\u00e3o da viol\u00eancia, que deixa de ser escondida, velada, e passa a ser exibida como demonstra\u00e7\u00e3o de machismo e de poder.<\/p>\n\n\n\n<p>Estes casos, embora chocantes, seguem elementos comuns de viol\u00eancia coercitiva: isolamento, manipula\u00e7\u00e3o emocional, depend\u00eancia afetiva, amea\u00e7a constante, vigil\u00e2ncia e a banaliza\u00e7\u00e3o do sofrimento da mulher.<\/p>\n\n\n\n<p>O papel das DDMs se torna central para garantir atendimento qualificado, acolhimento adequado e apura\u00e7\u00e3o rigorosa. Em Aruj\u00e1, investimos na an\u00e1lise r\u00e1pida das medidas protetivas, na coleta efetiva de provas digitais e no di\u00e1logo constante com os demais servi\u00e7os da rede de apoio, ampliando a capacidade de preven\u00e7\u00e3o.<\/p>\n\n\n\n<p>Entretanto, nenhuma institui\u00e7\u00e3o sozinha \u00e9 capaz de enfrentar um problema social e estrutural desta monta. O combate \u00e0 viol\u00eancia contra a mulher requer pol\u00edticas p\u00fablicas permanentes, campanhas educativas, conscientiza\u00e7\u00e3o comunit\u00e1ria e forma\u00e7\u00e3o continuada de profissionais de todas as \u00e1reas que a rede de prote\u00e7\u00e3o abarca. E, n\u00e3o menos importante: \u00e9 essencial que a sociedade reconhe\u00e7a que viol\u00eancia dom\u00e9stica n\u00e3o \u00e9 assunto privado &#8211; \u00e9 viola\u00e7\u00e3o de direitos e demanda, desta maneira, que depende de resposta coletiva.<\/p>\n\n\n\n<p>Como profissional da Seguran\u00e7a P\u00fablica, reafirmo que, cada den\u00fancia \u00e9 uma oportunidade de interromper um ciclo, de proteger uma vida e de mostrar que qualquer tipo de agress\u00e3o n\u00e3o pode ser tolerada. O feminic\u00eddio n\u00e3o \u00e9 inevit\u00e1vel, mas \u00e9 pass\u00edvel de preven\u00e7\u00e3o. E preveni-lo \u00e9 responsabilidade de todos n\u00f3s \u2014 Estado e sociedade \u2014 com firmeza, consci\u00eancia e compromisso permanente.<\/p>\n\n\n\n<p>*Dra. Regina Campanelli \u00e9 delegada de Pol\u00edcia, titular da Delegacia de Defesa da Mulher (DDM) de Aruj\u00e1-SP e da Delegacia de \u00c1rea de Santa Isabel-SP; p\u00f3s-graduada em Direito Processual Civil P\u00fablico; e especialista em Direito Penal, em Processo Penal, em Escuta Especializada de Crian\u00e7as e Adolescentes, e no Atendimento a Mulheres V\u00edtimas de Viol\u00eancia Dom\u00e9stica; \u00e9 fundadora do movimento \u201cElas por Elas\u201d, e autora da obra jur\u00eddica \u201cElas no Direito.<\/p>\n\n\n\n<p>*Delegada Regina Campanelli<\/p>\n","protected":false},"excerpt":{"rendered":"<p>Os dados mais recentes sobre feminic\u00eddios somente na cidade de S\u00e3o Paulo-SP, com 53 casos&#8230;<\/p>\n","protected":false},"author":1,"featured_media":27263,"comment_status":"open","ping_status":"open","sticky":false,"template":"","format":"standard","meta":{"footnotes":""},"categories":[2],"tags":[],"featured_image_urls":{"full":["https:\/\/novosaopaulo.com.br\/n1\/wp-content\/uploads\/2025\/12\/WhatsApp-Image-2025-12-11-at-15.51.21.jpeg",832,1216,false],"thumbnail":["https:\/\/novosaopaulo.com.br\/n1\/wp-content\/uploads\/2025\/12\/WhatsApp-Image-2025-12-11-at-15.51.21-150x150.jpeg",150,150,true],"medium":["https:\/\/novosaopaulo.com.br\/n1\/wp-content\/uploads\/2025\/12\/WhatsApp-Image-2025-12-11-at-15.51.21-205x300.jpeg",205,300,true],"medium_large":["https:\/\/novosaopaulo.com.br\/n1\/wp-content\/uploads\/2025\/12\/WhatsApp-Image-2025-12-11-at-15.51.21-768x1122.jpeg",640,935,true],"large":["https:\/\/novosaopaulo.com.br\/n1\/wp-content\/uploads\/2025\/12\/WhatsApp-Image-2025-12-11-at-15.51.21-701x1024.jpeg",640,935,true],"1536x1536":["https:\/\/novosaopaulo.com.br\/n1\/wp-content\/uploads\/2025\/12\/WhatsApp-Image-2025-12-11-at-15.51.21.jpeg",832,1216,false],"2048x2048":["https:\/\/novosaopaulo.com.br\/n1\/wp-content\/uploads\/2025\/12\/WhatsApp-Image-2025-12-11-at-15.51.21.jpeg",832,1216,false],"newsever-slider-full":["https:\/\/novosaopaulo.com.br\/n1\/wp-content\/uploads\/2025\/12\/WhatsApp-Image-2025-12-11-at-15.51.21-832x845.jpeg",832,845,true],"newsever-featured":["https:\/\/novosaopaulo.com.br\/n1\/wp-content\/uploads\/2025\/12\/WhatsApp-Image-2025-12-11-at-15.51.21.jpeg",832,1216,false],"newsever-medium":["https:\/\/novosaopaulo.com.br\/n1\/wp-content\/uploads\/2025\/12\/WhatsApp-Image-2025-12-11-at-15.51.21-720x475.jpeg",720,475,true]},"author_info":{"display_name":"Reda\u00e7\u00e3o","author_link":"https:\/\/novosaopaulo.com.br\/n1\/author\/g5poa\/"},"category_info":"<a href=\"https:\/\/novosaopaulo.com.br\/n1\/category\/cidades\/\" rel=\"category tag\">Cidades<\/a>","tag_info":"Cidades","comment_count":"0","_links":{"self":[{"href":"https:\/\/novosaopaulo.com.br\/n1\/wp-json\/wp\/v2\/posts\/27262"}],"collection":[{"href":"https:\/\/novosaopaulo.com.br\/n1\/wp-json\/wp\/v2\/posts"}],"about":[{"href":"https:\/\/novosaopaulo.com.br\/n1\/wp-json\/wp\/v2\/types\/post"}],"author":[{"embeddable":true,"href":"https:\/\/novosaopaulo.com.br\/n1\/wp-json\/wp\/v2\/users\/1"}],"replies":[{"embeddable":true,"href":"https:\/\/novosaopaulo.com.br\/n1\/wp-json\/wp\/v2\/comments?post=27262"}],"version-history":[{"count":1,"href":"https:\/\/novosaopaulo.com.br\/n1\/wp-json\/wp\/v2\/posts\/27262\/revisions"}],"predecessor-version":[{"id":27264,"href":"https:\/\/novosaopaulo.com.br\/n1\/wp-json\/wp\/v2\/posts\/27262\/revisions\/27264"}],"wp:featuredmedia":[{"embeddable":true,"href":"https:\/\/novosaopaulo.com.br\/n1\/wp-json\/wp\/v2\/media\/27263"}],"wp:attachment":[{"href":"https:\/\/novosaopaulo.com.br\/n1\/wp-json\/wp\/v2\/media?parent=27262"}],"wp:term":[{"taxonomy":"category","embeddable":true,"href":"https:\/\/novosaopaulo.com.br\/n1\/wp-json\/wp\/v2\/categories?post=27262"},{"taxonomy":"post_tag","embeddable":true,"href":"https:\/\/novosaopaulo.com.br\/n1\/wp-json\/wp\/v2\/tags?post=27262"}],"curies":[{"name":"wp","href":"https:\/\/api.w.org\/{rel}","templated":true}]}}