{"id":27253,"date":"2025-12-10T22:25:29","date_gmt":"2025-12-11T01:25:29","guid":{"rendered":"https:\/\/novosaopaulo.com.br\/n1\/?p=27253"},"modified":"2025-12-10T22:25:30","modified_gmt":"2025-12-11T01:25:30","slug":"ministro-do-empreendedorismo-e-diretor-do-ministerio-da-saude-inauguram-centro-de-radioterapia-em-marilia-sp","status":"publish","type":"post","link":"https:\/\/novosaopaulo.com.br\/n1\/ministro-do-empreendedorismo-e-diretor-do-ministerio-da-saude-inauguram-centro-de-radioterapia-em-marilia-sp\/","title":{"rendered":"Ministro do Empreendedorismo e diretor do Minist\u00e9rio da Sa\u00fade inauguram Centro de Radioterapia em Mar\u00edlia (SP)"},"content":{"rendered":"\n<p>Nesta quinta-feira (11), em Mar\u00edlia, o ministro do Empreendedorismo, da Microempresa e Empresa de Pequeno Porte, M\u00e1rcio Fran\u00e7a, e o diretor do Departamento de Aten\u00e7\u00e3o ao C\u00e2ncer do Minist\u00e9rio da Sa\u00fade, Jos\u00e9 Barreto, anunciam a expans\u00e3o da oferta de tratamento para pacientes com c\u00e2ncer em S\u00e3o Paulo, com inaugura\u00e7\u00e3o de um Centro de Radioterapia na cidade paulista.<\/p>\n\n\n\n<p>Do Hospital das Cl\u00ednicas da FAMEMA, onde o servi\u00e7o de radioterapia ser\u00e1 inaugurado, M\u00e1rcio Fran\u00e7a e Jos\u00e9 Barreto participam, virtualmente, de outras inaugura\u00e7\u00f5es que acontecem de forma simult\u00e2nea nos munic\u00edpios de Itabira (MG), Goi\u00e2nia (GO), S\u00e3o Lu\u00eds (MA) e Colatina (ES), com a participa\u00e7\u00e3o do presidente da Rep\u00fablica, Luiz In\u00e1cio Lula da Silva, do ministro da Sa\u00fade, Alexandre Padilha, e de outros ministros de Estado.<\/p>\n\n\n\n<p>Medida do programa Agora Tem Especialistas, a iniciativa fortalece a assist\u00eancia oncol\u00f3gica no pa\u00eds ao ampliar a capacidade de atendimento do SUS, a fim de reduzir o tempo de espera na rede p\u00fablica dos estados e munic\u00edpios.<\/p>\n\n\n\n<p>SERVI\u00c7O<\/p>\n\n\n\n<p>11h \u2013 Inaugura\u00e7\u00e3o de Centro de Radioterapia em Mar\u00edlia (SP)<br>Com o ministro do Empreendedorismo M\u00e1rcio Fran\u00e7a e o diretor do Departamento de Aten\u00e7\u00e3o ao C\u00e2ncer do Minist\u00e9rio da Sa\u00fade Jos\u00e9 Barreto<\/p>\n\n\n\n<p>\ud83d\uddd3\ufe0f Data: 11\/12\/2025 (quinta-feira)<br>\ud83d\udd51 Hor\u00e1rio: 11h<br>\ud83d\udccd Local: Hospital das Cl\u00ednicas da FAMEMA &#8211; Rua Doutor Reinaldo Machado, 255, Fragata, Mar\u00edlia\/SP<\/p>\n\n\n\n<p>Minist\u00e9rio da Sa\u00fade<\/p>\n","protected":false},"excerpt":{"rendered":"<p>Nesta quinta-feira (11), em Mar\u00edlia, o ministro do Empreendedorismo, da Microempresa e Empresa de Pequeno&#8230;<\/p>\n","protected":false},"author":1,"featured_media":27254,"comment_status":"open","ping_status":"open","sticky":false,"template":"","format":"standard","meta":{"footnotes":""},"categories":[2],"tags":[],"featured_image_urls":{"full":["https:\/\/novosaopaulo.com.br\/n1\/wp-content\/uploads\/2025\/12\/original_Padilha_10.jpeg",1200,800,false],"thumbnail":["https:\/\/novosaopaulo.com.br\/n1\/wp-content\/uploads\/2025\/12\/original_Padilha_10-150x150.jpeg",150,150,true],"medium":["https:\/\/novosaopaulo.com.br\/n1\/wp-content\/uploads\/2025\/12\/original_Padilha_10-300x200.jpeg",300,200,true],"medium_large":["https:\/\/novosaopaulo.com.br\/n1\/wp-content\/uploads\/2025\/12\/original_Padilha_10-768x512.jpeg",640,427,true],"large":["https:\/\/novosaopaulo.com.br\/n1\/wp-content\/uploads\/2025\/12\/original_Padilha_10-1024x683.jpeg",640,427,true],"1536x1536":["https:\/\/novosaopaulo.com.br\/n1\/wp-content\/uploads\/2025\/12\/original_Padilha_10.jpeg",1200,800,false],"2048x2048":["https:\/\/novosaopaulo.com.br\/n1\/wp-content\/uploads\/2025\/12\/original_Padilha_10.jpeg",1200,800,false],"newsever-slider-full":["https:\/\/novosaopaulo.com.br\/n1\/wp-content\/uploads\/2025\/12\/original_Padilha_10.jpeg",1200,800,false],"newsever-featured":["https:\/\/novosaopaulo.com.br\/n1\/wp-content\/uploads\/2025\/12\/original_Padilha_10-1024x683.jpeg",1024,683,true],"newsever-medium":["https:\/\/novosaopaulo.com.br\/n1\/wp-content\/uploads\/2025\/12\/original_Padilha_10-720x475.jpeg",720,475,true]},"author_info":{"display_name":"Reda\u00e7\u00e3o","author_link":"https:\/\/novosaopaulo.com.br\/n1\/author\/g5poa\/"},"category_info":"<a href=\"https:\/\/novosaopaulo.com.br\/n1\/category\/cidades\/\" rel=\"category tag\">Cidades<\/a>","tag_info":"Cidades","comment_count":"0","_links":{"self":[{"href":"https:\/\/novosaopaulo.com.br\/n1\/wp-json\/wp\/v2\/posts\/27253"}],"collection":[{"href":"https:\/\/novosaopaulo.com.br\/n1\/wp-json\/wp\/v2\/posts"}],"about":[{"href":"https:\/\/novosaopaulo.com.br\/n1\/wp-json\/wp\/v2\/types\/post"}],"author":[{"embeddable":true,"href":"https:\/\/novosaopaulo.com.br\/n1\/wp-json\/wp\/v2\/users\/1"}],"replies":[{"embeddable":true,"href":"https:\/\/novosaopaulo.com.br\/n1\/wp-json\/wp\/v2\/comments?post=27253"}],"version-history":[{"count":1,"href":"https:\/\/novosaopaulo.com.br\/n1\/wp-json\/wp\/v2\/posts\/27253\/revisions"}],"predecessor-version":[{"id":27255,"href":"https:\/\/novosaopaulo.com.br\/n1\/wp-json\/wp\/v2\/posts\/27253\/revisions\/27255"}],"wp:featuredmedia":[{"embeddable":true,"href":"https:\/\/novosaopaulo.com.br\/n1\/wp-json\/wp\/v2\/media\/27254"}],"wp:attachment":[{"href":"https:\/\/novosaopaulo.com.br\/n1\/wp-json\/wp\/v2\/media?parent=27253"}],"wp:term":[{"taxonomy":"category","embeddable":true,"href":"https:\/\/novosaopaulo.com.br\/n1\/wp-json\/wp\/v2\/categories?post=27253"},{"taxonomy":"post_tag","embeddable":true,"href":"https:\/\/novosaopaulo.com.br\/n1\/wp-json\/wp\/v2\/tags?post=27253"}],"curies":[{"name":"wp","href":"https:\/\/api.w.org\/{rel}","templated":true}]}}