{"id":27250,"date":"2025-12-10T22:23:23","date_gmt":"2025-12-11T01:23:23","guid":{"rendered":"https:\/\/novosaopaulo.com.br\/n1\/?p=27250"},"modified":"2025-12-10T22:23:23","modified_gmt":"2025-12-11T01:23:23","slug":"poa-se-destaca-no-ranking-do-programa-municipio-verde-azul-e-conquista-segundo-lugar-no-alto-tiete","status":"publish","type":"post","link":"https:\/\/novosaopaulo.com.br\/n1\/poa-se-destaca-no-ranking-do-programa-municipio-verde-azul-e-conquista-segundo-lugar-no-alto-tiete\/","title":{"rendered":"Po\u00e1 se destaca no ranking do Programa Munic\u00edpio Verde Azul e conquista segundo lugar no Alto Tiet\u00ea"},"content":{"rendered":"\n<p>Munic\u00edpio supera m\u00e9dia paulista e consolida avan\u00e7o nas pol\u00edticas ambientais<\/p>\n\n\n\n<p>Po\u00e1 garantiu posi\u00e7\u00e3o de destaque no cen\u00e1rio ambiental paulista ao conquistar o 13\u00ba lugar no ranking do Programa Munic\u00edpio Verde Azul (PMVA), referente ao ciclo 2024-2025. O resultado, divulgado nesta ter\u00e7a-feira (9), coloca o munic\u00edpio como o segundo melhor do Alto Tiet\u00ea entre as cidades com popula\u00e7\u00e3o entre 100 mil e 499.999 habitantes, alcan\u00e7ando 83,75 pontos, acima da m\u00e9dia necess\u00e1ria para certifica\u00e7\u00e3o estadual.<\/p>\n\n\n\n<p>A edi\u00e7\u00e3o atual do programa avaliou 347 munic\u00edpios paulistas. Desses, apenas 98 obtiveram certifica\u00e7\u00e3o e 91 foram classificados como qualificados. A pontua\u00e7\u00e3o m\u00ednima para receber o selo estadual \u00e9 de 75 pontos, marca superada por Po\u00e1.<\/p>\n\n\n\n<p>O \u00edndice \u00e9 calculado por meio de dez diretivas consideradas estrat\u00e9gicas para o desenvolvimento sustent\u00e1vel: Governan\u00e7a Ambiental, Adapta\u00e7\u00e3o \u00e0s Mudan\u00e7as Clim\u00e1ticas, Educa\u00e7\u00e3o Ambiental, Saneamento B\u00e1sico, Res\u00edduos S\u00f3lidos, Qualidade do Ar e Mitiga\u00e7\u00e3o de Gases de Efeito Estufa, Biodiversidade, Arboriza\u00e7\u00e3o Urbana, Recursos H\u00eddricos e Zoneamento Ecol\u00f3gico-Econ\u00f4mico.<\/p>\n\n\n\n<p>A secret\u00e1ria de Meio Ambiente e Recursos Naturais de Po\u00e1, Claudete Canada, destaca que a performance de Po\u00e1 indica evolu\u00e7\u00e3o consistente em diferentes \u00e1reas, refletindo a articula\u00e7\u00e3o de pol\u00edticas p\u00fablicas voltadas ao meio ambiente, com resultados que come\u00e7am a ser percebidos pela popula\u00e7\u00e3o de forma mais direta, seja na melhoria dos servi\u00e7os de coleta e destina\u00e7\u00e3o de res\u00edduos, na amplia\u00e7\u00e3o de a\u00e7\u00f5es educativas ou na gest\u00e3o dos recursos naturais.<\/p>\n\n\n\n<p>\u201cA participa\u00e7\u00e3o no PMVA funciona como um term\u00f4metro anual da capacidade de gest\u00e3o ambiental das cidades paulistas. Nesse sentido, o salto de qualidade observado em Po\u00e1 amplia as possibilidades de capta\u00e7\u00e3o de recursos, implanta\u00e7\u00e3o de novos programas e fortalecimento da governan\u00e7a ambiental local. Este avan\u00e7o tamb\u00e9m se conecta ao reconhecimento internacional que o munic\u00edpio vem alcan\u00e7ando, como nossa participa\u00e7\u00e3o na COP 30, em plen\u00e1rias de Mulheres pelo Clima, Biodiversidade e Financiamento Clim\u00e1tico, sendo Po\u00e1 a \u00fanica cidade da regi\u00e3o presente nesse contexto global\u201d disse.<\/p>\n\n\n\n<p>O prefeito Saulo Souza destacou que o desempenho no Programa Munic\u00edpio Verde Azul representa um marco importante para Po\u00e1 e refor\u00e7a a seriedade do trabalho desenvolvido na \u00e1rea ambiental. \u201cEsse resultado mostra que Po\u00e1 est\u00e1 no caminho certo. Avan\u00e7amos de forma consistente em pol\u00edticas p\u00fablicas que impactam diretamente a qualidade de vida da nossa popula\u00e7\u00e3o. Superar a m\u00e9dia estadual e alcan\u00e7ar o segundo lugar no Alto Tiet\u00ea, \u00e9 fruto de planejamento, dedica\u00e7\u00e3o t\u00e9cnica e compromisso com a sustentabilidade. Seguiremos fortalecendo nossa governan\u00e7a ambiental, ampliando a\u00e7\u00f5es educativas e aprimorando cada vez mais a gest\u00e3o dos nossos recursos naturais\u201d, afirmou.<\/p>\n\n\n\n<p>Mais destaques<\/p>\n\n\n\n<p>O avan\u00e7o ambiental se soma a outros resultados expressivos alcan\u00e7ados pelo munic\u00edpio ao longo do ano. Po\u00e1 registrou um salto hist\u00f3rico no Ranking de Competitividade dos Munic\u00edpios 2025, elaborado pelo CLP, subindo da 153\u00aa para a 100\u00aa posi\u00e7\u00e3o e tornando-se a cidade mais bem colocada do Alto Tiet\u00ea entre os 418 munic\u00edpios avaliados. No campo econ\u00f4mico, Po\u00e1 figurou entre as 50 cidades que mais geraram empregos formais em setembro no Estado de S\u00e3o Paulo, alcan\u00e7ando o terceiro melhor desempenho regional e a 29\u00aa posi\u00e7\u00e3o estadual, segundo dados da Funda\u00e7\u00e3o Seade e do Caged. Em novembro, o munic\u00edpio recebeu ainda o Selo Caixa Gest\u00e3o Sustent\u00e1vel \u2013 n\u00edvel Cristal, reconhecimento in\u00e9dito que destaca as boas pr\u00e1ticas de governan\u00e7a, responsabilidade socioambiental e efici\u00eancia administrativa implementadas na atual gest\u00e3o.<\/p>\n\n\n\n<p>Foto: SECOM \/ Prefeitura de Po\u00e1<\/p>\n","protected":false},"excerpt":{"rendered":"<p>Munic\u00edpio supera m\u00e9dia paulista e consolida avan\u00e7o nas pol\u00edticas ambientais Po\u00e1 garantiu posi\u00e7\u00e3o de destaque&#8230;<\/p>\n","protected":false},"author":1,"featured_media":27251,"comment_status":"open","ping_status":"open","sticky":false,"template":"","format":"standard","meta":{"footnotes":""},"categories":[8],"tags":[],"featured_image_urls":{"full":["https:\/\/novosaopaulo.com.br\/n1\/wp-content\/uploads\/2025\/12\/WhatsApp-Image-2025-12-10-at-19.51.07.jpeg",1183,705,false],"thumbnail":["https:\/\/novosaopaulo.com.br\/n1\/wp-content\/uploads\/2025\/12\/WhatsApp-Image-2025-12-10-at-19.51.07-150x150.jpeg",150,150,true],"medium":["https:\/\/novosaopaulo.com.br\/n1\/wp-content\/uploads\/2025\/12\/WhatsApp-Image-2025-12-10-at-19.51.07-300x179.jpeg",300,179,true],"medium_large":["https:\/\/novosaopaulo.com.br\/n1\/wp-content\/uploads\/2025\/12\/WhatsApp-Image-2025-12-10-at-19.51.07-768x458.jpeg",640,382,true],"large":["https:\/\/novosaopaulo.com.br\/n1\/wp-content\/uploads\/2025\/12\/WhatsApp-Image-2025-12-10-at-19.51.07-1024x610.jpeg",640,381,true],"1536x1536":["https:\/\/novosaopaulo.com.br\/n1\/wp-content\/uploads\/2025\/12\/WhatsApp-Image-2025-12-10-at-19.51.07.jpeg",1183,705,false],"2048x2048":["https:\/\/novosaopaulo.com.br\/n1\/wp-content\/uploads\/2025\/12\/WhatsApp-Image-2025-12-10-at-19.51.07.jpeg",1183,705,false],"newsever-slider-full":["https:\/\/novosaopaulo.com.br\/n1\/wp-content\/uploads\/2025\/12\/WhatsApp-Image-2025-12-10-at-19.51.07.jpeg",1183,705,false],"newsever-featured":["https:\/\/novosaopaulo.com.br\/n1\/wp-content\/uploads\/2025\/12\/WhatsApp-Image-2025-12-10-at-19.51.07-1024x610.jpeg",1024,610,true],"newsever-medium":["https:\/\/novosaopaulo.com.br\/n1\/wp-content\/uploads\/2025\/12\/WhatsApp-Image-2025-12-10-at-19.51.07-720x475.jpeg",720,475,true]},"author_info":{"display_name":"Reda\u00e7\u00e3o","author_link":"https:\/\/novosaopaulo.com.br\/n1\/author\/g5poa\/"},"category_info":"<a href=\"https:\/\/novosaopaulo.com.br\/n1\/category\/poa\/\" rel=\"category tag\">Po\u00e1<\/a>","tag_info":"Po\u00e1","comment_count":"0","_links":{"self":[{"href":"https:\/\/novosaopaulo.com.br\/n1\/wp-json\/wp\/v2\/posts\/27250"}],"collection":[{"href":"https:\/\/novosaopaulo.com.br\/n1\/wp-json\/wp\/v2\/posts"}],"about":[{"href":"https:\/\/novosaopaulo.com.br\/n1\/wp-json\/wp\/v2\/types\/post"}],"author":[{"embeddable":true,"href":"https:\/\/novosaopaulo.com.br\/n1\/wp-json\/wp\/v2\/users\/1"}],"replies":[{"embeddable":true,"href":"https:\/\/novosaopaulo.com.br\/n1\/wp-json\/wp\/v2\/comments?post=27250"}],"version-history":[{"count":1,"href":"https:\/\/novosaopaulo.com.br\/n1\/wp-json\/wp\/v2\/posts\/27250\/revisions"}],"predecessor-version":[{"id":27252,"href":"https:\/\/novosaopaulo.com.br\/n1\/wp-json\/wp\/v2\/posts\/27250\/revisions\/27252"}],"wp:featuredmedia":[{"embeddable":true,"href":"https:\/\/novosaopaulo.com.br\/n1\/wp-json\/wp\/v2\/media\/27251"}],"wp:attachment":[{"href":"https:\/\/novosaopaulo.com.br\/n1\/wp-json\/wp\/v2\/media?parent=27250"}],"wp:term":[{"taxonomy":"category","embeddable":true,"href":"https:\/\/novosaopaulo.com.br\/n1\/wp-json\/wp\/v2\/categories?post=27250"},{"taxonomy":"post_tag","embeddable":true,"href":"https:\/\/novosaopaulo.com.br\/n1\/wp-json\/wp\/v2\/tags?post=27250"}],"curies":[{"name":"wp","href":"https:\/\/api.w.org\/{rel}","templated":true}]}}