{"id":27242,"date":"2025-12-10T22:19:58","date_gmt":"2025-12-11T01:19:58","guid":{"rendered":"https:\/\/novosaopaulo.com.br\/n1\/?p=27242"},"modified":"2025-12-10T22:19:59","modified_gmt":"2025-12-11T01:19:59","slug":"itaqua-abre-70-vagas-para-o-programa-frente-de-trabalho","status":"publish","type":"post","link":"https:\/\/novosaopaulo.com.br\/n1\/itaqua-abre-70-vagas-para-o-programa-frente-de-trabalho\/","title":{"rendered":"Itaqu\u00e1 abre 70 vagas para o Programa Frente de Trabalho"},"content":{"rendered":"\n<p>Inscri\u00e7\u00f5es devem ser realizadas de 10 a 12 de dezembro<\/p>\n\n\n\n<p>A Secretaria de Assist\u00eancia Social de Itaquaquecetuba anunciou a abertura das inscri\u00e7\u00f5es para o Programa Frente de Trabalho, iniciativa voltada ao apoio de fam\u00edlias em situa\u00e7\u00e3o de vulnerabilidade econ\u00f4mica.<\/p>\n\n\n\n<p>O programa oferece oportunidade de qualifica\u00e7\u00e3o profissional e incentivo \u00e0 gera\u00e7\u00e3o de renda, contribuindo para o fortalecimento da autonomia e da inclus\u00e3o social dos participantes com 70 vagas destinadas a cidad\u00e3os desempregados ou em situa\u00e7\u00e3o de vulnerabilidade socioecon\u00f4mica.<\/p>\n\n\n\n<p>As inscri\u00e7\u00f5es devem ser realizadas presencialmente entre 10 e 12 de dezembro, das 9h \u00e0s 16h, nos Centros de Refer\u00eancia de Assist\u00eancia Social (CRAS) do munic\u00edpio: Caiuby (rua Ribeir\u00e3o Preto, 9), Paineira (rua Serra dos Caraj\u00e1s, 570), Quinta da Boa Vista (estrada de S\u00e3o Bento, 1691), Recanto M\u00f4nica (rua Governador Ademar Pereira Barros, 222) e Morro Branco (avenida \u00cdtalo Adami, 2.023).<\/p>\n\n\n\n<p>Podem participar moradores da cidade que tenham 18 anos ou mais, estejam desempregados, n\u00e3o recebam benef\u00edcios como seguro-desemprego, aposentadoria ou pens\u00e3o, n\u00e3o possuam rendimentos pr\u00f3prios e residam na cidade h\u00e1 pelo menos dois anos. Tamb\u00e9m \u00e9 necess\u00e1rio apresentar atestado de antecedentes criminais atualizado e apenas um integrante por fam\u00edlia pode se inscrever.<\/p>\n\n\n\n<p>\u201cO Frente de Trabalho \u00e9 uma a\u00e7\u00e3o essencial para garantir dignidade e novas perspectivas \u00e0s fam\u00edlias que mais precisam. Nosso objetivo \u00e9 oferecer n\u00e3o apenas uma ocupa\u00e7\u00e3o tempor\u00e1ria, como tamb\u00e9m qualifica\u00e7\u00e3o e oportunidades reais de gera\u00e7\u00e3o de renda\u201d, afirmou o secret\u00e1rio de Assist\u00eancia Social e Sa\u00fade, Gabriel Rocha.<\/p>\n\n\n\n<p>Para efetivar a inscri\u00e7\u00e3o, \u00e9 obrigat\u00f3rio apresentar documentos originais, que tamb\u00e9m podem ser digitais, do RG ou CNH, CPF, carteira de trabalho, comprovante de resid\u00eancia que comprove perman\u00eancia m\u00ednima de 24 meses no munic\u00edpio, atestado de antecedentes criminais e a folha resumo do Cadastro \u00danico. O formul\u00e1rio de inscri\u00e7\u00e3o ser\u00e1 preenchido mediante a apresenta\u00e7\u00e3o dos documentos originais e os anexos ser\u00e3o preenchidos no local da inscri\u00e7\u00e3o.<\/p>\n\n\n\n<p>O secret\u00e1rio de Governo, Marcello Barbosa, destacou a import\u00e2ncia da uni\u00e3o entre as pol\u00edticas p\u00fablicas para ampliar o alcance das a\u00e7\u00f5es sociais no munic\u00edpio. \u201cO programa refor\u00e7a o compromisso da administra\u00e7\u00e3o municipal em criar oportunidades reais para a popula\u00e7\u00e3o. Quando governo e assist\u00eancia social atuam de forma integrada, conseguimos transformar vidas e oferecer caminhos de autonomia e dignidade.\u201d<\/p>\n\n\n\n<p>O Frente de Trabalho oferece bolsa-aux\u00edlio mensal de R$ 1,8 mil com jornada semanal de 24 horas distribu\u00eddas em quatro dias de trabalho, com 6 horas di\u00e1rias, al\u00e9m de mais um dia semanal com 6 horas de curso de qualifica\u00e7\u00e3o profissional, cuja participa\u00e7\u00e3o \u00e9 obrigat\u00f3ria para perman\u00eancia no programa. A dura\u00e7\u00e3o \u00e9 de 12 meses, com possibilidade de prorroga\u00e7\u00e3o por mais 12.<\/p>\n\n\n\n<p>A defini\u00e7\u00e3o do posto de trabalho de cada benefici\u00e1rio ser\u00e1 feita pela coordena\u00e7\u00e3o do programa levando em conta o perfil e as habilidades do participante, a proximidade entre sua resid\u00eancia e o local de atua\u00e7\u00e3o, bem como as necessidades dos \u00f3rg\u00e3os e entidades da administra\u00e7\u00e3o municipal.<\/p>\n\n\n\n<p>\u201cNosso compromisso \u00e9 garantir que nenhuma fam\u00edlia fique para tr\u00e1s. Com o Frente de Trabalho, oferecemos oportunidade, qualifica\u00e7\u00e3o e renda. Reafirmamos nosso respeito e cuidado com quem mais precisa\u201d, finalizou o prefeito Eduardo Boigues.<\/p>\n\n\n\n<p>Fotos: Dayane Oliveira, Eduardo Borges e Caroline Assis<\/p>\n\n\n\n<figure class=\"wp-block-gallery has-nested-images columns-default is-cropped wp-block-gallery-1 is-layout-flex wp-block-gallery-is-layout-flex\">\n<figure class=\"wp-block-image size-large\"><img fetchpriority=\"high\" decoding=\"async\" width=\"1024\" height=\"656\" data-id=\"27243\" src=\"https:\/\/novosaopaulo.com.br\/n1\/wp-content\/uploads\/2025\/12\/WhatsApp-Image-2025-12-10-at-15.59.09-1-1024x656.jpeg\" alt=\"\" class=\"wp-image-27243\" srcset=\"https:\/\/novosaopaulo.com.br\/n1\/wp-content\/uploads\/2025\/12\/WhatsApp-Image-2025-12-10-at-15.59.09-1-1024x656.jpeg 1024w, https:\/\/novosaopaulo.com.br\/n1\/wp-content\/uploads\/2025\/12\/WhatsApp-Image-2025-12-10-at-15.59.09-1-300x192.jpeg 300w, https:\/\/novosaopaulo.com.br\/n1\/wp-content\/uploads\/2025\/12\/WhatsApp-Image-2025-12-10-at-15.59.09-1-768x492.jpeg 768w, https:\/\/novosaopaulo.com.br\/n1\/wp-content\/uploads\/2025\/12\/WhatsApp-Image-2025-12-10-at-15.59.09-1.jpeg 1280w\" sizes=\"(max-width: 1024px) 100vw, 1024px\" \/><\/figure>\n\n\n\n<figure class=\"wp-block-image size-large\"><img decoding=\"async\" width=\"1024\" height=\"706\" data-id=\"27244\" src=\"https:\/\/novosaopaulo.com.br\/n1\/wp-content\/uploads\/2025\/12\/WhatsApp-Image-2025-12-10-at-15.59.09-1024x706.jpeg\" alt=\"\" class=\"wp-image-27244\" srcset=\"https:\/\/novosaopaulo.com.br\/n1\/wp-content\/uploads\/2025\/12\/WhatsApp-Image-2025-12-10-at-15.59.09-1024x706.jpeg 1024w, https:\/\/novosaopaulo.com.br\/n1\/wp-content\/uploads\/2025\/12\/WhatsApp-Image-2025-12-10-at-15.59.09-300x207.jpeg 300w, https:\/\/novosaopaulo.com.br\/n1\/wp-content\/uploads\/2025\/12\/WhatsApp-Image-2025-12-10-at-15.59.09-768x529.jpeg 768w, https:\/\/novosaopaulo.com.br\/n1\/wp-content\/uploads\/2025\/12\/WhatsApp-Image-2025-12-10-at-15.59.09.jpeg 1280w\" sizes=\"(max-width: 1024px) 100vw, 1024px\" \/><\/figure>\n<\/figure>\n","protected":false},"excerpt":{"rendered":"<p>Inscri\u00e7\u00f5es devem ser realizadas de 10 a 12 de dezembro A Secretaria de Assist\u00eancia Social&#8230;<\/p>\n","protected":false},"author":1,"featured_media":27245,"comment_status":"open","ping_status":"open","sticky":false,"template":"","format":"standard","meta":{"footnotes":""},"categories":[34],"tags":[],"featured_image_urls":{"full":["https:\/\/novosaopaulo.com.br\/n1\/wp-content\/uploads\/2025\/12\/WhatsApp-Image-2025-12-10-at-15.59.08.jpeg",1280,910,false],"thumbnail":["https:\/\/novosaopaulo.com.br\/n1\/wp-content\/uploads\/2025\/12\/WhatsApp-Image-2025-12-10-at-15.59.08-150x150.jpeg",150,150,true],"medium":["https:\/\/novosaopaulo.com.br\/n1\/wp-content\/uploads\/2025\/12\/WhatsApp-Image-2025-12-10-at-15.59.08-300x213.jpeg",300,213,true],"medium_large":["https:\/\/novosaopaulo.com.br\/n1\/wp-content\/uploads\/2025\/12\/WhatsApp-Image-2025-12-10-at-15.59.08-768x546.jpeg",640,455,true],"large":["https:\/\/novosaopaulo.com.br\/n1\/wp-content\/uploads\/2025\/12\/WhatsApp-Image-2025-12-10-at-15.59.08-1024x728.jpeg",640,455,true],"1536x1536":["https:\/\/novosaopaulo.com.br\/n1\/wp-content\/uploads\/2025\/12\/WhatsApp-Image-2025-12-10-at-15.59.08.jpeg",1280,910,false],"2048x2048":["https:\/\/novosaopaulo.com.br\/n1\/wp-content\/uploads\/2025\/12\/WhatsApp-Image-2025-12-10-at-15.59.08.jpeg",1280,910,false],"newsever-slider-full":["https:\/\/novosaopaulo.com.br\/n1\/wp-content\/uploads\/2025\/12\/WhatsApp-Image-2025-12-10-at-15.59.08-1280x845.jpeg",1280,845,true],"newsever-featured":["https:\/\/novosaopaulo.com.br\/n1\/wp-content\/uploads\/2025\/12\/WhatsApp-Image-2025-12-10-at-15.59.08-1024x728.jpeg",1024,728,true],"newsever-medium":["https:\/\/novosaopaulo.com.br\/n1\/wp-content\/uploads\/2025\/12\/WhatsApp-Image-2025-12-10-at-15.59.08-720x475.jpeg",720,475,true]},"author_info":{"display_name":"Reda\u00e7\u00e3o","author_link":"https:\/\/novosaopaulo.com.br\/n1\/author\/g5poa\/"},"category_info":"<a href=\"https:\/\/novosaopaulo.com.br\/n1\/category\/alto-tiete\/\" rel=\"category tag\">Alto Tiet\u00ea<\/a>","tag_info":"Alto Tiet\u00ea","comment_count":"0","_links":{"self":[{"href":"https:\/\/novosaopaulo.com.br\/n1\/wp-json\/wp\/v2\/posts\/27242"}],"collection":[{"href":"https:\/\/novosaopaulo.com.br\/n1\/wp-json\/wp\/v2\/posts"}],"about":[{"href":"https:\/\/novosaopaulo.com.br\/n1\/wp-json\/wp\/v2\/types\/post"}],"author":[{"embeddable":true,"href":"https:\/\/novosaopaulo.com.br\/n1\/wp-json\/wp\/v2\/users\/1"}],"replies":[{"embeddable":true,"href":"https:\/\/novosaopaulo.com.br\/n1\/wp-json\/wp\/v2\/comments?post=27242"}],"version-history":[{"count":1,"href":"https:\/\/novosaopaulo.com.br\/n1\/wp-json\/wp\/v2\/posts\/27242\/revisions"}],"predecessor-version":[{"id":27246,"href":"https:\/\/novosaopaulo.com.br\/n1\/wp-json\/wp\/v2\/posts\/27242\/revisions\/27246"}],"wp:featuredmedia":[{"embeddable":true,"href":"https:\/\/novosaopaulo.com.br\/n1\/wp-json\/wp\/v2\/media\/27245"}],"wp:attachment":[{"href":"https:\/\/novosaopaulo.com.br\/n1\/wp-json\/wp\/v2\/media?parent=27242"}],"wp:term":[{"taxonomy":"category","embeddable":true,"href":"https:\/\/novosaopaulo.com.br\/n1\/wp-json\/wp\/v2\/categories?post=27242"},{"taxonomy":"post_tag","embeddable":true,"href":"https:\/\/novosaopaulo.com.br\/n1\/wp-json\/wp\/v2\/tags?post=27242"}],"curies":[{"name":"wp","href":"https:\/\/api.w.org\/{rel}","templated":true}]}}