{"id":27239,"date":"2025-12-10T22:18:19","date_gmt":"2025-12-11T01:18:19","guid":{"rendered":"https:\/\/novosaopaulo.com.br\/n1\/?p=27239"},"modified":"2025-12-10T22:18:19","modified_gmt":"2025-12-11T01:18:19","slug":"prefeito-saulo-souza-anuncia-abertura-da-estacao-natal-poa-2025-no-proximo-sabado","status":"publish","type":"post","link":"https:\/\/novosaopaulo.com.br\/n1\/prefeito-saulo-souza-anuncia-abertura-da-estacao-natal-poa-2025-no-proximo-sabado\/","title":{"rendered":"Prefeito Saulo Souza anuncia abertura da Esta\u00e7\u00e3o Natal Po\u00e1 2025 no pr\u00f3ximo s\u00e1bado"},"content":{"rendered":"\n<p>Retomada das celebra\u00e7\u00f5es natalinas no munic\u00edpio incluem a abertura da Vila de Natal, na Pra\u00e7a de Eventos, trem natalino e a maior \u00e1rvore de Natal da hist\u00f3ria de Po\u00e1, instalada na na Pra\u00e7a da B\u00edblia; programa\u00e7\u00e3o \u00e9 totalmente gratuita<\/p>\n\n\n\n<p>O prefeito Saulo Souza, ao lado da primeira-dama e presidente do Fundo Social, Flavia Souza, anunciou oficialmente a Esta\u00e7\u00e3o Natal Po\u00e1 2025, que marcar\u00e1 a retomada de uma grande celebra\u00e7\u00e3o natalina na cidade. Entre os dias os 13 e 23 de dezembro, das 15 \u00e0s 20 horas, a Pra\u00e7a de Eventos Luc\u00edlia Gomes Felippe receber\u00e1 a Vila de Natal, com a Casa do Papai Noel, decora\u00e7\u00e3o tem\u00e1tica, al\u00e9m de atra\u00e7\u00f5es gratuitas, como brinquedos infl\u00e1veis e atra\u00e7\u00f5es culturais, enquanto a Pra\u00e7a da B\u00edblia j\u00e1 recebeu a maior \u00e1rvore de Natal da hist\u00f3ria de Po\u00e1, refor\u00e7ando o brilho especial desta edi\u00e7\u00e3o. A programa\u00e7\u00e3o inclui ainda um trenzinho de Natal que ir\u00e1 circular pelo centro da cidade.<br>Com atmosfera m\u00e1gica, a Vila de Natal ser\u00e1 um local perfeito para reunir fam\u00edlias e registrar momentos inesquec\u00edveis, com a Casa do Papai Noel, \u00e1reas instagram\u00e1veis, decora\u00e7\u00e3o tem\u00e1tica, brinquedos infl\u00e1veis, distribui\u00e7\u00e3o de pipoca e algod\u00e3o doce, al\u00e9m da presen\u00e7a di\u00e1ria do Papai Noel. A programa\u00e7\u00e3o, totalmente gratuita, conta ainda com apresenta\u00e7\u00f5es musicais que prometem embalar o clima natalino e trazer ainda mais magia ao espa\u00e7o.<br>Outro destaque \u00e9 o trem natalino, que partir\u00e1 da Esta\u00e7\u00e3o Natal Po\u00e1 para um percurso pela regi\u00e3o central da cidade, oferecendo um passeio encantador para moradores e visitantes. Entre os locais contemplados est\u00e1 a Pra\u00e7a da B\u00edblia, que recebeu decora\u00e7\u00e3o especial e abriga a maior \u00e1rvore de Natal j\u00e1 instalada em Po\u00e1, iluminando o espa\u00e7o e refor\u00e7ando o clima acolhedor das festividades.<br>De acordo com o prefeito Saulo Souza, a Esta\u00e7\u00e3o Natal Po\u00e1 2025 marca a retomada de uma grande celebra\u00e7\u00e3o natalina gratuita ap\u00f3s muitos anos sem uma programa\u00e7\u00e3o dessa dimens\u00e3o. Segundo ele, a cidade est\u00e1 preparada para viver dias de alegria e confraterniza\u00e7\u00e3o. \u201cPreparamos uma grande festa para celebrar um ano de muito trabalho e realiza\u00e7\u00f5es. A Esta\u00e7\u00e3o Natal Po\u00e1 2025, promovida pelo Fundo Social em parceria com a iniciativa privada, chega para encantar toda a popula\u00e7\u00e3o. Po\u00e1 tem pressa e merece a presen\u00e7a de Jesus em todas as fam\u00edlias. Desejo muita sa\u00fade, uni\u00e3o e alegria a todos, e espero voc\u00eas para celebrarmos juntos\u201d, convidou.<br>Programa\u00e7\u00e3o cultural<br>A Esta\u00e7\u00e3o Natal Po\u00e1 2025 contar\u00e1 com apresenta\u00e7\u00f5es de um grande coral de 150 vozes, al\u00e9m da Banda Marcial, do Coral Municipal e artistas locais. Ao longo do primeiro fim de semana, o p\u00fablico poder\u00e1 conferir uma programa\u00e7\u00e3o variada, com m\u00fasica e apresenta\u00e7\u00f5es de dan\u00e7a.<br>Entre segunda e ter\u00e7a-feira, dias 15 e 16, as atra\u00e7\u00f5es seguem de forma cont\u00ednua durante toda a tarde, reunindo diferentes grupos culturais da cidade. Na quarta-feira, 17, a tarde come\u00e7a com Dan\u00e7a Circular e segue com atra\u00e7\u00f5es que ocupam todo o per\u00edodo. O mesmo formato se repete na quinta e na sexta-feira, dias dedicados a apresenta\u00e7\u00f5es diversas para todas as idades, incluindo grupos da terceira idade e coreografias especiais.<br>No s\u00e1bado, dia 20, se apresentam grandes grupos culturais, como a Igreja Tabern\u00e1culo, o Coral ICM, composto por bailarinas, m\u00fasicos e atores, al\u00e9m de orquestras e outras atra\u00e7\u00f5es. No domingo, 21, o evento refor\u00e7a a integra\u00e7\u00e3o entre gera\u00e7\u00f5es ao reunir novamente grupos de dan\u00e7a da terceira idade, al\u00e9m de outras atra\u00e7\u00f5es que animam o p\u00fablico at\u00e9 o encerramento da noite.<br>A programa\u00e7\u00e3o continua na segunda-feira, 22, mantendo o formato tradicional de atra\u00e7\u00f5es ao longo da tarde. J\u00e1 na ter\u00e7a-feira, 23 de dezembro, Po\u00e1 encerra oficialmente a Esta\u00e7\u00e3o Natal 2025 com uma s\u00e9rie de apresenta\u00e7\u00f5es que celebram o esp\u00edrito natalino e marcam o fim do circuito cultural deste ano.<br>Opera\u00e7\u00e3o Papai Noel<br>Paralelamente, a cidade refor\u00e7a sua estrat\u00e9gia de seguran\u00e7a com a Opera\u00e7\u00e3o Papai Noel, que amplia o policiamento para garantir tranquilidade a moradores, visitantes, consumidores e comerciantes durante o per\u00edodo de maior movimenta\u00e7\u00e3o. Com a previs\u00e3o de aumento significativo no fluxo de pessoas tanto na Pra\u00e7a de Eventos quanto no com\u00e9rcio central, a Prefeitura de Po\u00e1 intensificou as a\u00e7\u00f5es de seguran\u00e7a. A a\u00e7\u00e3o integra Guarda Civil Municipal (GCM), Pol\u00edcia Militar e Pol\u00edcia Civil em um esquema estrat\u00e9gico voltado ao policiamento preventivo.<br>As rondas foram ampliadas em pontos estrat\u00e9gicos como as avenidas Nove de Julho e Get\u00falio Vargas, e a rua Vinte e Seis de Mar\u00e7o, al\u00e9m dos demais corredores comerciais. A opera\u00e7\u00e3o inclui patrulhamento com viaturas, motos e equipes a p\u00e9, buscando aumentar a efici\u00eancia e a visibilidade da seguran\u00e7a. A a\u00e7\u00e3o tamb\u00e9m conta com apoio da Associa\u00e7\u00e3o Comercial e Industrial de Po\u00e1 (ACIPOA), refor\u00e7ando o compromisso conjunto com a prote\u00e7\u00e3o de consumidores, lojistas e trabalhadores durante o per\u00edodo de festas.<\/p>\n","protected":false},"excerpt":{"rendered":"<p>Retomada das celebra\u00e7\u00f5es natalinas no munic\u00edpio incluem a abertura da Vila de Natal, na Pra\u00e7a&#8230;<\/p>\n","protected":false},"author":1,"featured_media":27240,"comment_status":"open","ping_status":"open","sticky":false,"template":"","format":"standard","meta":{"footnotes":""},"categories":[8],"tags":[],"featured_image_urls":{"full":["https:\/\/novosaopaulo.com.br\/n1\/wp-content\/uploads\/2025\/12\/WhatsApp-Image-2025-12-10-at-15.57.56.jpeg",960,1280,false],"thumbnail":["https:\/\/novosaopaulo.com.br\/n1\/wp-content\/uploads\/2025\/12\/WhatsApp-Image-2025-12-10-at-15.57.56-150x150.jpeg",150,150,true],"medium":["https:\/\/novosaopaulo.com.br\/n1\/wp-content\/uploads\/2025\/12\/WhatsApp-Image-2025-12-10-at-15.57.56-225x300.jpeg",225,300,true],"medium_large":["https:\/\/novosaopaulo.com.br\/n1\/wp-content\/uploads\/2025\/12\/WhatsApp-Image-2025-12-10-at-15.57.56-768x1024.jpeg",640,853,true],"large":["https:\/\/novosaopaulo.com.br\/n1\/wp-content\/uploads\/2025\/12\/WhatsApp-Image-2025-12-10-at-15.57.56-768x1024.jpeg",640,853,true],"1536x1536":["https:\/\/novosaopaulo.com.br\/n1\/wp-content\/uploads\/2025\/12\/WhatsApp-Image-2025-12-10-at-15.57.56.jpeg",960,1280,false],"2048x2048":["https:\/\/novosaopaulo.com.br\/n1\/wp-content\/uploads\/2025\/12\/WhatsApp-Image-2025-12-10-at-15.57.56.jpeg",960,1280,false],"newsever-slider-full":["https:\/\/novosaopaulo.com.br\/n1\/wp-content\/uploads\/2025\/12\/WhatsApp-Image-2025-12-10-at-15.57.56-960x845.jpeg",960,845,true],"newsever-featured":["https:\/\/novosaopaulo.com.br\/n1\/wp-content\/uploads\/2025\/12\/WhatsApp-Image-2025-12-10-at-15.57.56.jpeg",960,1280,false],"newsever-medium":["https:\/\/novosaopaulo.com.br\/n1\/wp-content\/uploads\/2025\/12\/WhatsApp-Image-2025-12-10-at-15.57.56-720x475.jpeg",720,475,true]},"author_info":{"display_name":"Reda\u00e7\u00e3o","author_link":"https:\/\/novosaopaulo.com.br\/n1\/author\/g5poa\/"},"category_info":"<a href=\"https:\/\/novosaopaulo.com.br\/n1\/category\/poa\/\" rel=\"category tag\">Po\u00e1<\/a>","tag_info":"Po\u00e1","comment_count":"0","_links":{"self":[{"href":"https:\/\/novosaopaulo.com.br\/n1\/wp-json\/wp\/v2\/posts\/27239"}],"collection":[{"href":"https:\/\/novosaopaulo.com.br\/n1\/wp-json\/wp\/v2\/posts"}],"about":[{"href":"https:\/\/novosaopaulo.com.br\/n1\/wp-json\/wp\/v2\/types\/post"}],"author":[{"embeddable":true,"href":"https:\/\/novosaopaulo.com.br\/n1\/wp-json\/wp\/v2\/users\/1"}],"replies":[{"embeddable":true,"href":"https:\/\/novosaopaulo.com.br\/n1\/wp-json\/wp\/v2\/comments?post=27239"}],"version-history":[{"count":1,"href":"https:\/\/novosaopaulo.com.br\/n1\/wp-json\/wp\/v2\/posts\/27239\/revisions"}],"predecessor-version":[{"id":27241,"href":"https:\/\/novosaopaulo.com.br\/n1\/wp-json\/wp\/v2\/posts\/27239\/revisions\/27241"}],"wp:featuredmedia":[{"embeddable":true,"href":"https:\/\/novosaopaulo.com.br\/n1\/wp-json\/wp\/v2\/media\/27240"}],"wp:attachment":[{"href":"https:\/\/novosaopaulo.com.br\/n1\/wp-json\/wp\/v2\/media?parent=27239"}],"wp:term":[{"taxonomy":"category","embeddable":true,"href":"https:\/\/novosaopaulo.com.br\/n1\/wp-json\/wp\/v2\/categories?post=27239"},{"taxonomy":"post_tag","embeddable":true,"href":"https:\/\/novosaopaulo.com.br\/n1\/wp-json\/wp\/v2\/tags?post=27239"}],"curies":[{"name":"wp","href":"https:\/\/api.w.org\/{rel}","templated":true}]}}