{"id":27233,"date":"2025-12-10T12:41:03","date_gmt":"2025-12-10T15:41:03","guid":{"rendered":"https:\/\/novosaopaulo.com.br\/n1\/?p=27233"},"modified":"2025-12-10T12:41:04","modified_gmt":"2025-12-10T15:41:04","slug":"la-derma-skincare-chega-ao-mercado-e-destaca-linha-de-produtos-premium-para-os-cuidados-com-a-pele","status":"publish","type":"post","link":"https:\/\/novosaopaulo.com.br\/n1\/la-derma-skincare-chega-ao-mercado-e-destaca-linha-de-produtos-premium-para-os-cuidados-com-a-pele\/","title":{"rendered":"La Derma Skincare chega ao mercado e destaca linha de produtos premium para os cuidados com a pele"},"content":{"rendered":"\n<p>Em celebra\u00e7\u00e3o aos 10 anos de atua\u00e7\u00e3o no mercado, o m\u00e9dico dermatologista e tricologista. Dr. Louren\u00e7o Azevedo (CRM 166292\/SP) brinda o lan\u00e7amento de sua marca La Derma Skincare. Com apresenta\u00e7\u00e3o e disponibilidade ao p\u00fablico a partir do pr\u00f3ximo dia 10 de dezembro, a sele\u00e7\u00e3o da linha premium foi elaborada para resolver as principais queixas do p\u00fablico atendido pelo profissional, como hidrata\u00e7\u00e3o sofisticada, textura leve sem pesar, controle de oleosidade, est\u00edmulo de col\u00e1geno, prote\u00e7\u00e3o antioxidante, luminosidade e produtos complementares para l\u00e1bios e c\u00edlios.<br>De acordo com o especialista, a marca nasce de sua viv\u00eancia di\u00e1ria no consult\u00f3rio, onde percebeu que os pacientes buscam produtos com sensorial leve, textura sofisticada e resultados reais, por\u00e9m sem abrir m\u00e3o da seguran\u00e7a e da tecnologia. Com a compreens\u00e3o dessa demanda, ele decidiu criar uma linha que unisse ativos consagrados da dermatologia com novos ingredientes de alto potencial cient\u00edfico.<br>\u201cA LA Derma foi concebida dentro de um conceito amplo que alia prote\u00e7\u00e3o, antioxidantes, nutri\u00e7\u00e3o, refor\u00e7o da barreira cut\u00e2nea, hidrata\u00e7\u00e3o e, ao mesmo tempo, efeito cosm\u00e9tico elegante, incluindo produtos com prote\u00e7\u00e3o solar e maquiagem integrada. E n\u00e3o poderia deixar de pensar tamb\u00e9m em l\u00e1bios e c\u00edlios, \u00e1reas t\u00e3o negligenciadas no mercado nacional e que fazem parte da beleza completa do rosto\u201d, explica o dermatologista.<br>Em meio a variedade de produtos sugeridos no mercado, a La Derma destaca como principais diferenciais tr\u00eas importantes pilares: (1) Ci\u00eancia real, sem exageros, ou seja, n\u00e3o conta somente conta somente embalagem bonita, mas com uma formula\u00e7\u00e3o precisa, baseada em evid\u00eancias e com ativos est\u00e1veis e eficazes; (2) Sens\u00f3rio premium, sendo que todos os produtos foram testados em pacientes reais, com a garantia de textura leve, toque elegante, r\u00e1pida absor\u00e7\u00e3o e acabamento confort\u00e1vel \u2014 algo raro em marcas manipuladas e at\u00e9 em algumas marcas de luxo; (3) Assinatura dermatol\u00f3gica, com a linha sendo nascida dentro do consult\u00f3rio, acompanhando as queixas reais dos pacientes, as necessidades p\u00f3s-procedimento e o comportamento da pele brasileira.<br>Skincare: tratamento essencial<br>O skincare deixou de ser apenas uma rotina est\u00e9tica, sendo considerado como uma ferramenta de preven\u00e7\u00e3o, autocuidado e longevidade cut\u00e2nea. A utiliza\u00e7\u00e3o de um produto bem formulado potencializa resultados de laser, injet\u00e1veis e bioestimuladores \u2014 e mant\u00e9m a pele saud\u00e1vel no longo prazo. A LA Derma nasce para ser um atalho elegante e seguro dentro de uma rotina acess\u00edvel, coerente e eficaz.<br>A linha da marca conta com 9 itens, tendo cada um seu papel espec\u00edfico. Conhe\u00e7a cada uma das novidades:<br>Exo-Needle (exossomos + spicules)<br>\u00c9 o mais tecnol\u00f3gico da linha. Combina microagulhamento t\u00f3pico com exossomos, aumentando absor\u00e7\u00e3o em at\u00e9 6 vezes e estimulando matriz extracelular.<br>Madagascar diurno com Seaberry Gold Oil\u00ae\ufe0f<br>Une hidrata\u00e7\u00e3o, barreira cut\u00e2nea e a\u00e7\u00e3o anti-inflamat\u00f3ria. O Seaberry Gold Oil\u00ae\ufe0f virou assinatura, porque traduz meu branding: tecnologia, nutri\u00e7\u00e3o e naturalidade.<br>Antioxidante noturno inspirado em mucina:<br>Traz luminosidade, reparo e hidrata\u00e7\u00e3o profunda, com um acabamento extremamente confort\u00e1vel. \u00c9 o queridinho das peles sens\u00edveis.<br>CLEAR CONTROL Probiotic FPS 50+ :<br>Prote\u00e7\u00e3o solar com probi\u00f3ticos e antioxidantes \u2014 um h\u00edbrido entre skincare e prote\u00e7\u00e3o, com acabamento est\u00e9tico impec\u00e1vel.<br>Glow Booster Serum<br>O s\u00e9rum de assinatura para vi\u00e7o instant\u00e2neo e hidrata\u00e7\u00e3o inteligente. \u00c9 o produto que \u201cacorda a pele\u201d.<br>Espuma Universa:<br>Limpeza gentil sem ressecar, com ativos antioxidantes e calmantes. Uma espuma pensada para preparar a pele para qualquer rotina.<br>Lip Sleeping Mask<br>Uma das melhores texturas da linha: hidrata\u00e7\u00e3o profunda noturna com brilho discreto e ingredientes de reparo.<br>Gloss Labial Lumiskin<br>Efeito glow cosm\u00e9tico + tratamento ao mesmo tempo. Une est\u00e9tica e sa\u00fade.<\/p>\n\n\n\n<p>S\u00e9rum Capilar<br>Tecnologia para fortalecimento, queda e brilho do fio \u2014 completando o cuidado do couro cabeludo.<br>\u201cMinha expectativa \u00e9 que a LA Derma se torne uma rotina de refer\u00eancia em skincare premium, especialmente para quem busca cuidado de alto padr\u00e3o, com transpar\u00eancia e resultados reais. Espero que o paciente sinta a experi\u00eancia completa: desde a embalagem, at\u00e9 o uso cont\u00ednuo e os resultados vis\u00edveis na pele. E claro, desejo que a marca cres\u00e7a, especialmente, com prop\u00f3sito \u2014 acompanhando tecnologia, ci\u00eancia e o comportamento do p\u00fablico\u201d, finaliza o m\u00e9dico dermatologista e tricologista.<br>Servi\u00e7o:<br>La Derma Skincare<br>Lan\u00e7amento oficial: 10 de dezembro de 2025<br>Onde encontrar: Cl\u00ednica Louren\u00e7o Azevedo (Rua Pamplona, 145 CJ 1705 &#8211; Bela Vista, S\u00e3o Paulo) ou pelo site (www.laderma.com.br)<\/p>\n","protected":false},"excerpt":{"rendered":"<p>Em celebra\u00e7\u00e3o aos 10 anos de atua\u00e7\u00e3o no mercado, o m\u00e9dico dermatologista e tricologista. Dr&#8230;.<\/p>\n","protected":false},"author":1,"featured_media":27234,"comment_status":"open","ping_status":"open","sticky":false,"template":"","format":"standard","meta":{"footnotes":""},"categories":[38],"tags":[],"featured_image_urls":{"full":["https:\/\/novosaopaulo.com.br\/n1\/wp-content\/uploads\/2025\/12\/WhatsApp-Image-2025-12-10-at-08.31.49.jpeg",800,800,false],"thumbnail":["https:\/\/novosaopaulo.com.br\/n1\/wp-content\/uploads\/2025\/12\/WhatsApp-Image-2025-12-10-at-08.31.49-150x150.jpeg",150,150,true],"medium":["https:\/\/novosaopaulo.com.br\/n1\/wp-content\/uploads\/2025\/12\/WhatsApp-Image-2025-12-10-at-08.31.49-300x300.jpeg",300,300,true],"medium_large":["https:\/\/novosaopaulo.com.br\/n1\/wp-content\/uploads\/2025\/12\/WhatsApp-Image-2025-12-10-at-08.31.49-768x768.jpeg",640,640,true],"large":["https:\/\/novosaopaulo.com.br\/n1\/wp-content\/uploads\/2025\/12\/WhatsApp-Image-2025-12-10-at-08.31.49.jpeg",640,640,false],"1536x1536":["https:\/\/novosaopaulo.com.br\/n1\/wp-content\/uploads\/2025\/12\/WhatsApp-Image-2025-12-10-at-08.31.49.jpeg",800,800,false],"2048x2048":["https:\/\/novosaopaulo.com.br\/n1\/wp-content\/uploads\/2025\/12\/WhatsApp-Image-2025-12-10-at-08.31.49.jpeg",800,800,false],"newsever-slider-full":["https:\/\/novosaopaulo.com.br\/n1\/wp-content\/uploads\/2025\/12\/WhatsApp-Image-2025-12-10-at-08.31.49.jpeg",800,800,false],"newsever-featured":["https:\/\/novosaopaulo.com.br\/n1\/wp-content\/uploads\/2025\/12\/WhatsApp-Image-2025-12-10-at-08.31.49.jpeg",800,800,false],"newsever-medium":["https:\/\/novosaopaulo.com.br\/n1\/wp-content\/uploads\/2025\/12\/WhatsApp-Image-2025-12-10-at-08.31.49-720x475.jpeg",720,475,true]},"author_info":{"display_name":"Reda\u00e7\u00e3o","author_link":"https:\/\/novosaopaulo.com.br\/n1\/author\/g5poa\/"},"category_info":"<a href=\"https:\/\/novosaopaulo.com.br\/n1\/category\/joao-costa\/\" rel=\"category tag\">Jo\u00e3o Costa<\/a>","tag_info":"Jo\u00e3o Costa","comment_count":"0","_links":{"self":[{"href":"https:\/\/novosaopaulo.com.br\/n1\/wp-json\/wp\/v2\/posts\/27233"}],"collection":[{"href":"https:\/\/novosaopaulo.com.br\/n1\/wp-json\/wp\/v2\/posts"}],"about":[{"href":"https:\/\/novosaopaulo.com.br\/n1\/wp-json\/wp\/v2\/types\/post"}],"author":[{"embeddable":true,"href":"https:\/\/novosaopaulo.com.br\/n1\/wp-json\/wp\/v2\/users\/1"}],"replies":[{"embeddable":true,"href":"https:\/\/novosaopaulo.com.br\/n1\/wp-json\/wp\/v2\/comments?post=27233"}],"version-history":[{"count":1,"href":"https:\/\/novosaopaulo.com.br\/n1\/wp-json\/wp\/v2\/posts\/27233\/revisions"}],"predecessor-version":[{"id":27235,"href":"https:\/\/novosaopaulo.com.br\/n1\/wp-json\/wp\/v2\/posts\/27233\/revisions\/27235"}],"wp:featuredmedia":[{"embeddable":true,"href":"https:\/\/novosaopaulo.com.br\/n1\/wp-json\/wp\/v2\/media\/27234"}],"wp:attachment":[{"href":"https:\/\/novosaopaulo.com.br\/n1\/wp-json\/wp\/v2\/media?parent=27233"}],"wp:term":[{"taxonomy":"category","embeddable":true,"href":"https:\/\/novosaopaulo.com.br\/n1\/wp-json\/wp\/v2\/categories?post=27233"},{"taxonomy":"post_tag","embeddable":true,"href":"https:\/\/novosaopaulo.com.br\/n1\/wp-json\/wp\/v2\/tags?post=27233"}],"curies":[{"name":"wp","href":"https:\/\/api.w.org\/{rel}","templated":true}]}}