{"id":27180,"date":"2025-12-03T17:48:18","date_gmt":"2025-12-03T20:48:18","guid":{"rendered":"https:\/\/novosaopaulo.com.br\/n1\/?p=27180"},"modified":"2025-12-03T17:48:18","modified_gmt":"2025-12-03T20:48:18","slug":"poa-inaugura-nova-sede-da-secretaria-de-desenvolvimento-economico-e-inovacao-e-firma-parceria-com-sincomercio","status":"publish","type":"post","link":"https:\/\/novosaopaulo.com.br\/n1\/poa-inaugura-nova-sede-da-secretaria-de-desenvolvimento-economico-e-inovacao-e-firma-parceria-com-sincomercio\/","title":{"rendered":"Po\u00e1 inaugura nova sede da Secretaria de Desenvolvimento Econ\u00f4mico e Inova\u00e7\u00e3o e firma parceria com Sincom\u00e9rcio"},"content":{"rendered":"\n<p>Novo espa\u00e7o, mais moderno e acess\u00edvel, aliado ao conv\u00eanio com o Sincom\u00e9rcio, fortalece a\u00e7\u00f5es integradas de apoio ao empreendedor, ao trabalhador e ao desenvolvimento econ\u00f4mico da cidade<\/p>\n\n\n\n<p>O prefeito Saulo Souza, ao lado da primeira-dama Flavia Souza e da secret\u00e1ria Jeruza Reis, inaugurou na manh\u00e3 desta ter\u00e7a-feira (2), a nova sede da Secretaria de Desenvolvimento Econ\u00f4mico e Inova\u00e7\u00e3o, localizada na rua Vinte e Seis de Mar\u00e7o, 372, no Centro. Durante a cerim\u00f4nia foi oficializada tamb\u00e9m a assinatura de um termo de parceria com o Sindicato do Com\u00e9rcio Varejista do Alto Tiet\u00ea (Sincom\u00e9rcio). O acordo refor\u00e7a iniciativas conjuntas voltadas ao fortalecimento do com\u00e9rcio local, ao empreendedorismo e \u00e0 amplia\u00e7\u00e3o das pol\u00edticas de desenvolvimento econ\u00f4mico da cidade.<\/p>\n\n\n\n<p>Com a presen\u00e7a dos demais secret\u00e1rios municipais e servidores da pasta, o chefe do Executivo destacou o simbolismo da abertura da nova sede, que re\u00fane, em um \u00fanico endere\u00e7o, servi\u00e7os essenciais para comerciantes, empreendedores, industri\u00e1rios e trabalhadores. \u201cEstamos inaugurando esse novo espa\u00e7o, uma nova casa para essa secretaria t\u00e3o importante, t\u00e3o especial e que recebe uma nova denomina\u00e7\u00e3o, deixa de ser Secretaria de Ind\u00fastria e Com\u00e9rio e passa a ser Secretaria de Desenvolvimento Econ\u00f4mico e Inova\u00e7\u00e3o\u201d, afirmou.<\/p>\n\n\n\n<p>Ele tamb\u00e9m parabenizou a secret\u00e1ria Jeruza Reis e toda a equipe da pasta pela dedica\u00e7\u00e3o na implanta\u00e7\u00e3o da nova estrutura. \u201cFoi um trabalho incans\u00e1vel de todos e tudo isso se soma novos investimentos que v\u00e3o atrair empresas para Po\u00e1, como o conjunto de obras que v\u00e3o transformar a mobilidade e a infraestrutura urbana de Po\u00e1. S\u00e3o R$ 2 bilh\u00f5es para moderniza\u00e7\u00e3o do sistema ferrovi\u00e1rio, revitaliza\u00e7\u00e3o das esta\u00e7\u00f5es de Po\u00e1 e Calmon Viana, reforma das passarelas, obras estruturantes de combate a enchentes e a constru\u00e7\u00e3o de al\u00e7as de acesso ao Trecho Leste do Rodoanel Governador M\u00e1rio Covas\u201d, disse.<\/p>\n\n\n\n<p>Em seu discurso, a secret\u00e1ria de Desenvolvimento Econ\u00f4mico e Inova\u00e7\u00e3o relembou as condi\u00e7\u00f5es dif\u00edceis do antigo espa\u00e7o de trabalho. \u201cOs funcion\u00e1rios estavam em um lugar que era quase insalubre. Era uma antiga garagem da C\u00e2mara, sem acessibilidade e boas condi\u00e7\u00f5es para receber empres\u00e1rios que desejam se instalar em Po\u00e1, por exemplo. Com muito esfor\u00e7o, n\u00f3s temos agora um novo espa\u00e7o moderno, acess\u00edvel e que pode receber a todos com a devida estrutura e conforto. Nossa nova meta \u00e9 fazer com que a secretaria seja cada vez mais estruturada e tecnol\u00f3gica\u201d, destacou.<\/p>\n\n\n\n<p>Jeruza tamb\u00e9m presenteou o prefeito com as chaves da nova sede e fez um agradecimento especial a sua equipe e da Secretaria de Servi\u00e7os Urbanos, respons\u00e1vel por colaborar com a execu\u00e7\u00e3o dos trabalhos que deixaram o pr\u00e9dio pronto para uso.<\/p>\n\n\n\n<p>Parceiros comemoram avan\u00e7o<br>O presidente do Sincom\u00e9rcio do Alto Tiet\u00ea, Valterli Martinez, refor\u00e7ou que a inaugura\u00e7\u00e3o simboliza um passo importante para o fortalecimento do com\u00e9rcio regional. \u201cParabenizo o prefeito e a secret\u00e1ria pela inaugura\u00e7\u00e3o do excelente espa\u00e7o. Estamos aqui com o Sincom\u00e9rcio para agregar valores e trazer um resultado mais positivo para o com\u00e9rcio de Po\u00e1\u201d, frisou.<\/p>\n\n\n\n<p>A gerente regional do Sebrae Alto Tiet\u00ea, Gilvanda Figueiroa, destacou a determina\u00e7\u00e3o da chefe da pasta na busca por melhores condi\u00e7\u00f5es de atendimento. \u201cL\u00e1 no in\u00edcio dessa gest\u00e3o, eu me lembro que a secret\u00e1ria disse: \u2018N\u00e3o podemos ficar onde estamos. O Sebrae n\u00e3o pode ficar onde est\u00e1\u2019. Foi preciso muita determina\u00e7\u00e3o, negocia\u00e7\u00e3o e envolvimento. O impacto que essa nova sede vai causar na popula\u00e7\u00e3o \u00e9 enorme\u201d, avaliou.<\/p>\n\n\n\n<p>A assistente t\u00e9cnica da Secretaria de Desenvolvimento Econ\u00f4mico do Estado de S\u00e3o Paulo, Raquel Cavalcante, se emocionou ao lembrar da longa espera por um espa\u00e7o digno. \u201cMuitas pessoas aqui j\u00e1 me conhecem. Foram 11 anos de dedica\u00e7\u00e3o e espera por um local com estrutura. Eu sempre pedia: \u2018Vamos colocar o PAT e um lugar melhor, um local que receba melhor nossos empres\u00e1rios e trabalhadores\u2019. E a gente n\u00e3o conseguia, mas chegou esse dia, 11 anos depois. Ent\u00e3o, s\u00f3 posso parabenizar o prefeito e a secret\u00e1ria pelo trabalho\u201d, enfatizou.<\/p>\n\n\n\n<p>Servi\u00e7os reunidos<br>A nova sede consolida a estrat\u00e9gia da administra\u00e7\u00e3o municipal de fortalecer a economia da cidade, oferecendo condi\u00e7\u00f5es mais dignas e eficientes para empreendedores, comerciantes e trabalhadores. O local oferece diversos servi\u00e7os como: Junta Militar, Procon, Posto de Atendimento ao Trabalhador (PAT), Sebrae, Banco do Povo, NAP Preenchimentos, Posto de Atendimento Virtual (PAV) da Receita Federal, Bolsa Frente de Trabalho, Ouvidoria Municipal e outros. O atendimento ao p\u00fablico ocorre de segunda a sexta-feira, das 9h \u00e0s 16h. Telefones: (11) 4639-2908 \/ (11) 4639-3146.<\/p>\n\n\n\n<p>Foto: Nivaldo Alves<\/p>\n","protected":false},"excerpt":{"rendered":"<p>Novo espa\u00e7o, mais moderno e acess\u00edvel, aliado ao conv\u00eanio com o Sincom\u00e9rcio, fortalece a\u00e7\u00f5es integradas&#8230;<\/p>\n","protected":false},"author":1,"featured_media":27181,"comment_status":"open","ping_status":"open","sticky":false,"template":"","format":"standard","meta":{"footnotes":""},"categories":[8],"tags":[],"featured_image_urls":{"full":["https:\/\/novosaopaulo.com.br\/n1\/wp-content\/uploads\/2025\/12\/WhatsApp-Image-2025-12-03-at-17.38.54.jpeg",1280,853,false],"thumbnail":["https:\/\/novosaopaulo.com.br\/n1\/wp-content\/uploads\/2025\/12\/WhatsApp-Image-2025-12-03-at-17.38.54-150x150.jpeg",150,150,true],"medium":["https:\/\/novosaopaulo.com.br\/n1\/wp-content\/uploads\/2025\/12\/WhatsApp-Image-2025-12-03-at-17.38.54-300x200.jpeg",300,200,true],"medium_large":["https:\/\/novosaopaulo.com.br\/n1\/wp-content\/uploads\/2025\/12\/WhatsApp-Image-2025-12-03-at-17.38.54-768x512.jpeg",640,427,true],"large":["https:\/\/novosaopaulo.com.br\/n1\/wp-content\/uploads\/2025\/12\/WhatsApp-Image-2025-12-03-at-17.38.54-1024x682.jpeg",640,426,true],"1536x1536":["https:\/\/novosaopaulo.com.br\/n1\/wp-content\/uploads\/2025\/12\/WhatsApp-Image-2025-12-03-at-17.38.54.jpeg",1280,853,false],"2048x2048":["https:\/\/novosaopaulo.com.br\/n1\/wp-content\/uploads\/2025\/12\/WhatsApp-Image-2025-12-03-at-17.38.54.jpeg",1280,853,false],"newsever-slider-full":["https:\/\/novosaopaulo.com.br\/n1\/wp-content\/uploads\/2025\/12\/WhatsApp-Image-2025-12-03-at-17.38.54-1280x845.jpeg",1280,845,true],"newsever-featured":["https:\/\/novosaopaulo.com.br\/n1\/wp-content\/uploads\/2025\/12\/WhatsApp-Image-2025-12-03-at-17.38.54-1024x682.jpeg",1024,682,true],"newsever-medium":["https:\/\/novosaopaulo.com.br\/n1\/wp-content\/uploads\/2025\/12\/WhatsApp-Image-2025-12-03-at-17.38.54-720x475.jpeg",720,475,true]},"author_info":{"display_name":"Reda\u00e7\u00e3o","author_link":"https:\/\/novosaopaulo.com.br\/n1\/author\/g5poa\/"},"category_info":"<a href=\"https:\/\/novosaopaulo.com.br\/n1\/category\/poa\/\" rel=\"category tag\">Po\u00e1<\/a>","tag_info":"Po\u00e1","comment_count":"0","_links":{"self":[{"href":"https:\/\/novosaopaulo.com.br\/n1\/wp-json\/wp\/v2\/posts\/27180"}],"collection":[{"href":"https:\/\/novosaopaulo.com.br\/n1\/wp-json\/wp\/v2\/posts"}],"about":[{"href":"https:\/\/novosaopaulo.com.br\/n1\/wp-json\/wp\/v2\/types\/post"}],"author":[{"embeddable":true,"href":"https:\/\/novosaopaulo.com.br\/n1\/wp-json\/wp\/v2\/users\/1"}],"replies":[{"embeddable":true,"href":"https:\/\/novosaopaulo.com.br\/n1\/wp-json\/wp\/v2\/comments?post=27180"}],"version-history":[{"count":1,"href":"https:\/\/novosaopaulo.com.br\/n1\/wp-json\/wp\/v2\/posts\/27180\/revisions"}],"predecessor-version":[{"id":27182,"href":"https:\/\/novosaopaulo.com.br\/n1\/wp-json\/wp\/v2\/posts\/27180\/revisions\/27182"}],"wp:featuredmedia":[{"embeddable":true,"href":"https:\/\/novosaopaulo.com.br\/n1\/wp-json\/wp\/v2\/media\/27181"}],"wp:attachment":[{"href":"https:\/\/novosaopaulo.com.br\/n1\/wp-json\/wp\/v2\/media?parent=27180"}],"wp:term":[{"taxonomy":"category","embeddable":true,"href":"https:\/\/novosaopaulo.com.br\/n1\/wp-json\/wp\/v2\/categories?post=27180"},{"taxonomy":"post_tag","embeddable":true,"href":"https:\/\/novosaopaulo.com.br\/n1\/wp-json\/wp\/v2\/tags?post=27180"}],"curies":[{"name":"wp","href":"https:\/\/api.w.org\/{rel}","templated":true}]}}