{"id":27160,"date":"2025-12-02T17:46:21","date_gmt":"2025-12-02T20:46:21","guid":{"rendered":"https:\/\/novosaopaulo.com.br\/n1\/?p=27160"},"modified":"2025-12-02T17:46:22","modified_gmt":"2025-12-02T20:46:22","slug":"judocas-de-poa-avancam-na-graduacao-de-faixas-em-cerimonia-marcada-por-emocao-e-reconhecimento","status":"publish","type":"post","link":"https:\/\/novosaopaulo.com.br\/n1\/judocas-de-poa-avancam-na-graduacao-de-faixas-em-cerimonia-marcada-por-emocao-e-reconhecimento\/","title":{"rendered":"Judocas de Po\u00e1 avan\u00e7am na gradua\u00e7\u00e3o de faixas em cerim\u00f4nia marcada por emo\u00e7\u00e3o e reconhecimento"},"content":{"rendered":"\n<p>Evento reuniu alunos, familiares e grandes nomes do jud\u00f4 paulista na EMEB C\u00e2ndido Jos\u00e9 Balazaima<\/p>\n\n\n\n<p>Os alunos da escolinha de Jud\u00f4 da Secretaria de Esportes de Po\u00e1 avan\u00e7aram na gradua\u00e7\u00e3o de faixa no \u00faltimo domingo (30), durante cerim\u00f4nia realizada na Escola Municipal de Educa\u00e7\u00e3o B\u00e1sica (EMEB) Professor C\u00e2ndido Jos\u00e9 Balazaima. O encontro reuniu cerca de 100 alunos, al\u00e9m de familiares, professores e autoridades, consolidando mais um passo no fortalecimento da modalidade no munic\u00edpio. A troca de faixas simbolizou o avan\u00e7o t\u00e9cnico dos jovens judocas e refor\u00e7ou o esporte como ferramenta de disciplina, respeito e forma\u00e7\u00e3o cidad\u00e3.<br>Entre os presentes estiveram o secret\u00e1rio de Esportes, Diogo Ferreira, e o secret\u00e1rio de Educa\u00e7\u00e3o, Diego Moreira, al\u00e9m de importantes refer\u00eancias do jud\u00f4 regional e estadual que prestigiaram o evento, entre eles o mestre Yoshiyuki Shimotsu, 7\u00b0 Dan, considerado o sensei mais graduado do Alto Tiet\u00ea. Em 2025, Shimotsu recebeu o t\u00edtulo de honra de comendador da Federa\u00e7\u00e3o Paulista de Jud\u00f4, reconhecimento \u00e0 sua contribui\u00e7\u00e3o hist\u00f3rica para a modalidade.<br>Tamb\u00e9m participou o delegado regional da 10\u00aa Delegacia Central, Glauber Arag\u00e3o, 5\u00b0 Dan, que conquistou o 3\u00b0 lugar no Campeonato Mundial de Jud\u00f4 realizado em Paris em 2025; e ainda Wellington Teodoro, vice-presidente da 10\u00aa Delegacia Central; a sensei Ana Aquino, coordenadora de Oficiais de Mesa da Federa\u00e7\u00e3o Paulista de Jud\u00f4; e Monsueto Neto, respons\u00e1vel pelo n\u00facleo de Jud\u00f4 da EMEB Heitor Gloeden.<br>Reconhecimento e forma\u00e7\u00e3o<br>Durante o evento, o secret\u00e1rio de Esportes, Diogo Ferreira, destacou o trabalho desenvolvido pela equipe da modalidade e o impacto do jud\u00f4 na vida dos praticantes. \u201cA gradua\u00e7\u00e3o de faixas representa o avan\u00e7o t\u00e9cnico, comportamental e postural do judoca, aspectos insepar\u00e1veis da filosofia do jud\u00f4. Muitos jovens iniciaram suas trajet\u00f3rias recentemente e encontraram no esporte um caminho para desenvolver habilidades sociais, motoras e emocionais\u201d, afirmou.<br>Ele ressaltou ainda a relev\u00e2ncia de Po\u00e1 no cen\u00e1rio regional. \u201cA presen\u00e7a de refer\u00eancias como Glauber Arag\u00e3o e Yoshiyuki Shimotsu demonstra o quanto a cidade tem se consolidado como polo de incentivo e revela\u00e7\u00e3o de talentos.\u201d<br>O secret\u00e1rio de Educa\u00e7\u00e3o, Diego Moreira, refor\u00e7ou o papel formativo da modalidade nas escolas municipais. \u201cMais do que t\u00e9cnica, o jud\u00f4 transmite valores que acompanham os praticantes por toda a vida. Respeito, autocontrole, humildade e evolu\u00e7\u00e3o cont\u00ednua fazem parte da rotina dessas crian\u00e7as e jovens e tamb\u00e9m dos projetos da nossa rede\u201d, destacou.<\/p>\n","protected":false},"excerpt":{"rendered":"<p>Evento reuniu alunos, familiares e grandes nomes do jud\u00f4 paulista na EMEB C\u00e2ndido Jos\u00e9 Balazaima&#8230;<\/p>\n","protected":false},"author":1,"featured_media":27161,"comment_status":"open","ping_status":"open","sticky":false,"template":"","format":"standard","meta":{"footnotes":""},"categories":[8],"tags":[],"featured_image_urls":{"full":["https:\/\/novosaopaulo.com.br\/n1\/wp-content\/uploads\/2025\/12\/WhatsApp-Image-2025-12-02-at-17.42.03.jpeg",576,384,false],"thumbnail":["https:\/\/novosaopaulo.com.br\/n1\/wp-content\/uploads\/2025\/12\/WhatsApp-Image-2025-12-02-at-17.42.03-150x150.jpeg",150,150,true],"medium":["https:\/\/novosaopaulo.com.br\/n1\/wp-content\/uploads\/2025\/12\/WhatsApp-Image-2025-12-02-at-17.42.03-300x200.jpeg",300,200,true],"medium_large":["https:\/\/novosaopaulo.com.br\/n1\/wp-content\/uploads\/2025\/12\/WhatsApp-Image-2025-12-02-at-17.42.03.jpeg",576,384,false],"large":["https:\/\/novosaopaulo.com.br\/n1\/wp-content\/uploads\/2025\/12\/WhatsApp-Image-2025-12-02-at-17.42.03.jpeg",576,384,false],"1536x1536":["https:\/\/novosaopaulo.com.br\/n1\/wp-content\/uploads\/2025\/12\/WhatsApp-Image-2025-12-02-at-17.42.03.jpeg",576,384,false],"2048x2048":["https:\/\/novosaopaulo.com.br\/n1\/wp-content\/uploads\/2025\/12\/WhatsApp-Image-2025-12-02-at-17.42.03.jpeg",576,384,false],"newsever-slider-full":["https:\/\/novosaopaulo.com.br\/n1\/wp-content\/uploads\/2025\/12\/WhatsApp-Image-2025-12-02-at-17.42.03.jpeg",576,384,false],"newsever-featured":["https:\/\/novosaopaulo.com.br\/n1\/wp-content\/uploads\/2025\/12\/WhatsApp-Image-2025-12-02-at-17.42.03.jpeg",576,384,false],"newsever-medium":["https:\/\/novosaopaulo.com.br\/n1\/wp-content\/uploads\/2025\/12\/WhatsApp-Image-2025-12-02-at-17.42.03.jpeg",576,384,false]},"author_info":{"display_name":"Reda\u00e7\u00e3o","author_link":"https:\/\/novosaopaulo.com.br\/n1\/author\/g5poa\/"},"category_info":"<a href=\"https:\/\/novosaopaulo.com.br\/n1\/category\/poa\/\" rel=\"category tag\">Po\u00e1<\/a>","tag_info":"Po\u00e1","comment_count":"0","_links":{"self":[{"href":"https:\/\/novosaopaulo.com.br\/n1\/wp-json\/wp\/v2\/posts\/27160"}],"collection":[{"href":"https:\/\/novosaopaulo.com.br\/n1\/wp-json\/wp\/v2\/posts"}],"about":[{"href":"https:\/\/novosaopaulo.com.br\/n1\/wp-json\/wp\/v2\/types\/post"}],"author":[{"embeddable":true,"href":"https:\/\/novosaopaulo.com.br\/n1\/wp-json\/wp\/v2\/users\/1"}],"replies":[{"embeddable":true,"href":"https:\/\/novosaopaulo.com.br\/n1\/wp-json\/wp\/v2\/comments?post=27160"}],"version-history":[{"count":1,"href":"https:\/\/novosaopaulo.com.br\/n1\/wp-json\/wp\/v2\/posts\/27160\/revisions"}],"predecessor-version":[{"id":27162,"href":"https:\/\/novosaopaulo.com.br\/n1\/wp-json\/wp\/v2\/posts\/27160\/revisions\/27162"}],"wp:featuredmedia":[{"embeddable":true,"href":"https:\/\/novosaopaulo.com.br\/n1\/wp-json\/wp\/v2\/media\/27161"}],"wp:attachment":[{"href":"https:\/\/novosaopaulo.com.br\/n1\/wp-json\/wp\/v2\/media?parent=27160"}],"wp:term":[{"taxonomy":"category","embeddable":true,"href":"https:\/\/novosaopaulo.com.br\/n1\/wp-json\/wp\/v2\/categories?post=27160"},{"taxonomy":"post_tag","embeddable":true,"href":"https:\/\/novosaopaulo.com.br\/n1\/wp-json\/wp\/v2\/tags?post=27160"}],"curies":[{"name":"wp","href":"https:\/\/api.w.org\/{rel}","templated":true}]}}