{"id":27155,"date":"2025-12-02T17:13:59","date_gmt":"2025-12-02T20:13:59","guid":{"rendered":"https:\/\/novosaopaulo.com.br\/n1\/?p=27155"},"modified":"2025-12-02T17:13:59","modified_gmt":"2025-12-02T20:13:59","slug":"novo-secretario-de-seguranca-publica-do-goberno-do-estado-de-sao-paulo","status":"publish","type":"post","link":"https:\/\/novosaopaulo.com.br\/n1\/novo-secretario-de-seguranca-publica-do-goberno-do-estado-de-sao-paulo\/","title":{"rendered":"Novo secret\u00e1rio de seguran\u00e7a p\u00fablica do Goberno do Estado de S\u00e3o Paulo"},"content":{"rendered":"\n<p>Nota Oficial &#8211; INDPESP<\/p>\n\n\n\n<p>\u201cPela primeira vez na hist\u00f3ria, um delegado de Pol\u00edcia assume o comando da Secretaria de Seguran\u00e7a P\u00fablica do Governo do Estado de S\u00e3o Paulo, com a nomea\u00e7\u00e3o oficial, nesta ter\u00e7a-feira (2\/12), do doutor Osvaldo Nico Gon\u00e7alves no cargo.<\/p>\n\n\n\n<p>O novo comandante da pasta conceder\u00e1, em si, grande representatividade para a Pol\u00edcia Civil bandeirante, num momento, inclusive, de grande expectativa, em especial no que tange \u00e0 elabora\u00e7\u00e3o da nova Lei Org\u00e2nica da Pol\u00edcia Civil, que vai balizar a institui\u00e7\u00e3o pelas pr\u00f3ximas d\u00e9cadas.<\/p>\n\n\n\n<p>Trata-se, portanto, de responsabilidade \u00edmpar, cujas decis\u00f5es ter\u00e3o reflexos pelas pr\u00f3ximas gera\u00e7\u00f5es de policiais civis e da Seguran\u00e7a P\u00fablica da popula\u00e7\u00e3o paulista.<\/p>\n\n\n\n<p>O Sindicato dos Delegados de Pol\u00edcia do Estado de S\u00e3o Paulo (Sindpesp) espera que a nova gest\u00e3o seja de maior di\u00e1logo, principalmente com a entidade &#8211; que representa, de forma leg\u00edtima, os delegados de Pol\u00edcia, carreira da qual o doutor Nico faz parte.<\/p>\n\n\n\n<p>Por fim, o Sindpesp parabeniza o novo secret\u00e1rio pelo desafio e deseja exitosa gest\u00e3o.<\/p>\n\n\n\n<p>Jacqueline Valadares<br>Presidente do Sindicato dos Delegados de Pol\u00edcia do Estado de S\u00e3o Paulo (Sindpesp)<\/p>\n","protected":false},"excerpt":{"rendered":"<p>Nota Oficial &#8211; INDPESP \u201cPela primeira vez na hist\u00f3ria, um delegado de Pol\u00edcia assume o&#8230;<\/p>\n","protected":false},"author":1,"featured_media":0,"comment_status":"open","ping_status":"open","sticky":false,"template":"","format":"standard","meta":{"footnotes":""},"categories":[2],"tags":[],"featured_image_urls":{"full":"","thumbnail":"","medium":"","medium_large":"","large":"","1536x1536":"","2048x2048":"","newsever-slider-full":"","newsever-featured":"","newsever-medium":""},"author_info":{"display_name":"Reda\u00e7\u00e3o","author_link":"https:\/\/novosaopaulo.com.br\/n1\/author\/g5poa\/"},"category_info":"<a href=\"https:\/\/novosaopaulo.com.br\/n1\/category\/cidades\/\" rel=\"category tag\">Cidades<\/a>","tag_info":"Cidades","comment_count":"0","_links":{"self":[{"href":"https:\/\/novosaopaulo.com.br\/n1\/wp-json\/wp\/v2\/posts\/27155"}],"collection":[{"href":"https:\/\/novosaopaulo.com.br\/n1\/wp-json\/wp\/v2\/posts"}],"about":[{"href":"https:\/\/novosaopaulo.com.br\/n1\/wp-json\/wp\/v2\/types\/post"}],"author":[{"embeddable":true,"href":"https:\/\/novosaopaulo.com.br\/n1\/wp-json\/wp\/v2\/users\/1"}],"replies":[{"embeddable":true,"href":"https:\/\/novosaopaulo.com.br\/n1\/wp-json\/wp\/v2\/comments?post=27155"}],"version-history":[{"count":1,"href":"https:\/\/novosaopaulo.com.br\/n1\/wp-json\/wp\/v2\/posts\/27155\/revisions"}],"predecessor-version":[{"id":27156,"href":"https:\/\/novosaopaulo.com.br\/n1\/wp-json\/wp\/v2\/posts\/27155\/revisions\/27156"}],"wp:attachment":[{"href":"https:\/\/novosaopaulo.com.br\/n1\/wp-json\/wp\/v2\/media?parent=27155"}],"wp:term":[{"taxonomy":"category","embeddable":true,"href":"https:\/\/novosaopaulo.com.br\/n1\/wp-json\/wp\/v2\/categories?post=27155"},{"taxonomy":"post_tag","embeddable":true,"href":"https:\/\/novosaopaulo.com.br\/n1\/wp-json\/wp\/v2\/tags?post=27155"}],"curies":[{"name":"wp","href":"https:\/\/api.w.org\/{rel}","templated":true}]}}