{"id":27150,"date":"2025-12-01T21:33:27","date_gmt":"2025-12-02T00:33:27","guid":{"rendered":"https:\/\/novosaopaulo.com.br\/n1\/?p=27150"},"modified":"2025-12-01T21:33:28","modified_gmt":"2025-12-02T00:33:28","slug":"caminhoneiros-prometem-parar-o-pais-na-quarta-feira","status":"publish","type":"post","link":"https:\/\/novosaopaulo.com.br\/n1\/caminhoneiros-prometem-parar-o-pais-na-quarta-feira\/","title":{"rendered":"Caminhoneiros prometem parar o Pa\u00eds na quarta-feira"},"content":{"rendered":"\n<p>Os caminhoneiros prometem come\u00e7ar na quarta-feira (04\/12) greve nacional por tempo indeterminado , pela liberta\u00e7\u00e3o do ex-presidente Jair Bolsonaro, que se encontra recolhido \u00e0 sede da Pol\u00edcia Federal, em Bras\u00edlia, para come\u00e7o do cumprimento da pena de 27 anos de pris\u00e3o imposta pelo Supremo Tribunal Federal (STF), que o acusa de ter liderado tentativa de golpe de Estado em 8 de janeiro de 2023. A expectativa \u00e9 que o movimento provoque o colapso no abastecimento de alimentos, medicamentos, combust\u00edveis e outros g\u00eaneros de primeira necessidade, cuja frota nacional do transporte rodovi\u00e1rio responde com 65% da movimenta\u00e7\u00e3o das zonas produtoras aos centros consumidores.<\/p>\n\n\n\n<p>Nos \u00faltimos dias, em meio a protestos setoriais, lideran\u00e7as da classe exortaram a popula\u00e7\u00e3o a estocar mercadorias para fazer frente ao desabastecimento que dever\u00e1 se estabelecer com a paralisa\u00e7\u00e3o.<\/p>\n\n\n\n<p>V\u00e1rias greves de caminhoneiros j\u00e1 ocorreram no Brasil, com destaque para as de 1999, 2013, 2015 e 2018. N\u00e3o h\u00e1 um n\u00famero exato para todas as paralisa\u00e7\u00f5es, pois, al\u00e9m dos movimentos nacionais, houve diversas manifesta\u00e7\u00f5es regionais ao longo dos anos.<\/p>\n\n\n\n<p>As greves mais not\u00e1veis foram: 1999, que teve como pauta o \u00b4protesto contra o reajuste nos valores dos ped\u00e1gios em S\u00e3o Paulo, al\u00e9m de outras quest\u00f5es relacionadas ao setor de transporte rodovi\u00e1rio. A de 2013, movimento regional, sobre o pre\u00e7o do diesel e outras insatisfa\u00e7\u00f5es da categoria. A de 2015, reivindicando o pre\u00e7o do diesel, a cria\u00e7\u00e3o de uma tabela de fretes m\u00ednimos, e o valor do ped\u00e1gio. O movimento durou v\u00e1rios dias e impactou o abastecimento em v\u00e1rias regi\u00f5es.<\/p>\n\n\n\n<p>A greve de 2018 \u00e9 considerada a maior e mais impactante. Durou 11 dias e paralisou o Pa\u00eds. O principal motivo foi o aumento do pre\u00e7o do diesel, gerando falta de combust\u00edveis, alimentos e outros produtos. O governo precisou intervir, e a situa\u00e7\u00e3o teve grande visibilidade pol\u00edtica.<\/p>\n\n\n\n<p>A exemplo de todos os movimentos de ordem pol\u00edtica que vem ocorrendo na atualidade, a greve dos caminhoneiros n\u00e3o \u00e9 uma unanimidade. Existem segmentos que pregam a sua realiza\u00e7\u00e3o e at\u00e9 a radicaliza\u00e7\u00e3o pelos resultados e outros que chegam a contestar o movimento e criticar as lideran\u00e7as que o defendem. A principal das raz\u00f5es est\u00e1 na motiva\u00e7\u00e3o. Ao contr\u00e1rio de paralisa\u00e7\u00f5es anteriores \u2013 contra a alta nos pre\u00e7os do diesel e do ped\u00e1gio e pelo estabelecimento de tabela m\u00ednima de pre\u00e7os para os fretes, a motiva\u00e7\u00e3o atual \u00e9 pol\u00edtica, podendo estender o movimento indefinidamente ou lev\u00e1-lo \u00e0 extin\u00e7\u00e3o se for encontrada a solu\u00e7\u00e3o para os problemas que determinaram sua eclos\u00e3o. Se o Congresso Nacional tiver for\u00e7a pol\u00edtica para votar o projeto da anistia aos envolvidos em 8 de janeiro de 2023, Bolsonaro e seus auxiliares estar\u00e3o libertos e o mesmo se dar\u00e1 aos manifestantes presos dias 8 e 9 de janeiro, logo ap\u00f3s o quebra-quebra ocorrido no Pal\u00e1cio do Planalto, Congresso Nacional e Supremo Tribunal Federal. A anistia ter\u00e1 for\u00e7as suficientes para liberar todos os punidos e suspender a greve do transporte. Com ela, a vida do Pa\u00eds tende a retornar \u00e0 normalidade.<\/p>\n\n\n\n<pre class=\"wp-block-code\"><code>        Acaltelem-se os caminhoneiros  e seus empregadores e\/ou parceiros para, ao defender os r\u00e9us e assemelhados de 8 de janeiro, n\u00e3o correrem o risco de incorrer no mesmo crime que os levou \u00e0 pris\u00e3o. Manifestem-se e reivindique, mas cuidem-se para n\u00e3o sair da legalidade ou darem margem para que os denunciem como o tendo feito. Tentem dissolver os presos do suposto golpe, mas fa\u00e7am todo o poss\u00edvel para n\u00e3o ficarem no lugar deles...<\/code><\/pre>\n\n\n\n<p>Tenente Dirceu Cardoso Gon\u00e7alves &#8211; dirigente da ASPOMIL (Associa\u00e7\u00e3o de Assist. Social dos Policiais Militares de S\u00e3o Paulo).<\/p>\n","protected":false},"excerpt":{"rendered":"<p>Os caminhoneiros prometem come\u00e7ar na quarta-feira (04\/12) greve nacional por tempo indeterminado , pela liberta\u00e7\u00e3o&#8230;<\/p>\n","protected":false},"author":1,"featured_media":23327,"comment_status":"open","ping_status":"open","sticky":false,"template":"","format":"standard","meta":{"footnotes":""},"categories":[2],"tags":[],"featured_image_urls":{"full":["https:\/\/novosaopaulo.com.br\/n1\/wp-content\/uploads\/2025\/04\/Tenente-Dirceu-Cardoso-Goncalves.jpg",600,564,false],"thumbnail":["https:\/\/novosaopaulo.com.br\/n1\/wp-content\/uploads\/2025\/04\/Tenente-Dirceu-Cardoso-Goncalves-150x150.jpg",150,150,true],"medium":["https:\/\/novosaopaulo.com.br\/n1\/wp-content\/uploads\/2025\/04\/Tenente-Dirceu-Cardoso-Goncalves-300x282.jpg",300,282,true],"medium_large":["https:\/\/novosaopaulo.com.br\/n1\/wp-content\/uploads\/2025\/04\/Tenente-Dirceu-Cardoso-Goncalves.jpg",600,564,false],"large":["https:\/\/novosaopaulo.com.br\/n1\/wp-content\/uploads\/2025\/04\/Tenente-Dirceu-Cardoso-Goncalves.jpg",600,564,false],"1536x1536":["https:\/\/novosaopaulo.com.br\/n1\/wp-content\/uploads\/2025\/04\/Tenente-Dirceu-Cardoso-Goncalves.jpg",600,564,false],"2048x2048":["https:\/\/novosaopaulo.com.br\/n1\/wp-content\/uploads\/2025\/04\/Tenente-Dirceu-Cardoso-Goncalves.jpg",600,564,false],"newsever-slider-full":["https:\/\/novosaopaulo.com.br\/n1\/wp-content\/uploads\/2025\/04\/Tenente-Dirceu-Cardoso-Goncalves.jpg",600,564,false],"newsever-featured":["https:\/\/novosaopaulo.com.br\/n1\/wp-content\/uploads\/2025\/04\/Tenente-Dirceu-Cardoso-Goncalves.jpg",600,564,false],"newsever-medium":["https:\/\/novosaopaulo.com.br\/n1\/wp-content\/uploads\/2025\/04\/Tenente-Dirceu-Cardoso-Goncalves-600x475.jpg",600,475,true]},"author_info":{"display_name":"Reda\u00e7\u00e3o","author_link":"https:\/\/novosaopaulo.com.br\/n1\/author\/g5poa\/"},"category_info":"<a href=\"https:\/\/novosaopaulo.com.br\/n1\/category\/cidades\/\" rel=\"category tag\">Cidades<\/a>","tag_info":"Cidades","comment_count":"0","_links":{"self":[{"href":"https:\/\/novosaopaulo.com.br\/n1\/wp-json\/wp\/v2\/posts\/27150"}],"collection":[{"href":"https:\/\/novosaopaulo.com.br\/n1\/wp-json\/wp\/v2\/posts"}],"about":[{"href":"https:\/\/novosaopaulo.com.br\/n1\/wp-json\/wp\/v2\/types\/post"}],"author":[{"embeddable":true,"href":"https:\/\/novosaopaulo.com.br\/n1\/wp-json\/wp\/v2\/users\/1"}],"replies":[{"embeddable":true,"href":"https:\/\/novosaopaulo.com.br\/n1\/wp-json\/wp\/v2\/comments?post=27150"}],"version-history":[{"count":1,"href":"https:\/\/novosaopaulo.com.br\/n1\/wp-json\/wp\/v2\/posts\/27150\/revisions"}],"predecessor-version":[{"id":27151,"href":"https:\/\/novosaopaulo.com.br\/n1\/wp-json\/wp\/v2\/posts\/27150\/revisions\/27151"}],"wp:featuredmedia":[{"embeddable":true,"href":"https:\/\/novosaopaulo.com.br\/n1\/wp-json\/wp\/v2\/media\/23327"}],"wp:attachment":[{"href":"https:\/\/novosaopaulo.com.br\/n1\/wp-json\/wp\/v2\/media?parent=27150"}],"wp:term":[{"taxonomy":"category","embeddable":true,"href":"https:\/\/novosaopaulo.com.br\/n1\/wp-json\/wp\/v2\/categories?post=27150"},{"taxonomy":"post_tag","embeddable":true,"href":"https:\/\/novosaopaulo.com.br\/n1\/wp-json\/wp\/v2\/tags?post=27150"}],"curies":[{"name":"wp","href":"https:\/\/api.w.org\/{rel}","templated":true}]}}