{"id":27124,"date":"2025-11-29T13:35:09","date_gmt":"2025-11-29T16:35:09","guid":{"rendered":"https:\/\/novosaopaulo.com.br\/n1\/?p=27124"},"modified":"2025-11-29T13:35:09","modified_gmt":"2025-11-29T16:35:09","slug":"guilherme-dantas-e-homenageado-na-camara-municipal-de-fortaleza-em-comemoracao-ao-dia-do-musico","status":"publish","type":"post","link":"https:\/\/novosaopaulo.com.br\/n1\/guilherme-dantas-e-homenageado-na-camara-municipal-de-fortaleza-em-comemoracao-ao-dia-do-musico\/","title":{"rendered":"Guilherme Dantas \u00e9 homenageado na C\u00e2mara Municipal de Fortaleza em comemora\u00e7\u00e3o ao Dia do M\u00fasico"},"content":{"rendered":"\n<p>Artista recebeu reconhecimento p\u00fablico por sua contribui\u00e7\u00e3o \u00e0 m\u00fasica nordestina e \u00e0 cultura cearense<\/p>\n\n\n\n<p>O cantor, compositor e sanfoneiro cearense Guilherme Dantas foi homenageado nesta sexta-feira (28) na C\u00e2mara Municipal de Fortaleza, durante uma Sess\u00e3o Solene realizada em comemora\u00e7\u00e3o ao Dia do M\u00fasico.<\/p>\n\n\n\n<p>A iniciativa partiu do vereador Soldado No\u00e9lio, em requerimento aprovado pela Casa Legislativa. A cerim\u00f4nia reuniu vereadores, m\u00fasicos, familiares e admiradores que celebraram a trajet\u00f3ria do artista e sua relev\u00e2ncia para a cultura do Estado.<\/p>\n\n\n\n<p>\u201cReceber esse reconhecimento aqui em Fortaleza \u00e9 muito especial. A m\u00fasica sempre foi minha forma de me conectar com as pessoas, e ver meu trabalho celebrado dessa maneira me enche de gratid\u00e3o. \u00c9 uma honra representar o forr\u00f3 e a nossa cultura!\u201d, afirma Guilherme Dantas.<\/p>\n\n\n\n<p>A homenagem destacou a contribui\u00e7\u00e3o de Guilherme para a m\u00fasica nordestina. Ele \u00e9 autor de grandes sucessos gravados por artistas como Wesley Safad\u00e3o, Xand Avi\u00e3o e Henrique &amp; Juliano. Como int\u00e9rprete, ampliou sua proje\u00e7\u00e3o nacional e consolidou sua identidade art\u00edstica no forr\u00f3 contempor\u00e2neo.<\/p>\n\n\n\n<p>A solenidade integrou as atividades promovidas pela C\u00e2mara em comemora\u00e7\u00e3o ao Dia do M\u00fasico e refor\u00e7ou o compromisso da institui\u00e7\u00e3o com a valoriza\u00e7\u00e3o da produ\u00e7\u00e3o cultural na capital cearense.<\/p>\n\n\n\n<p>A homenagem acontece poucos dias ap\u00f3s o lan\u00e7amento de \u201cBom de Verdade\u201d, novo projeto audiovisual de Guilherme que j\u00e1 est\u00e1 dispon\u00edvel no YouTube no Sua M\u00fasica. O trabalho re\u00fane nove faixas, incluindo m\u00fasicas in\u00e9ditas e sucessos da carreira, e marca o in\u00edcio de uma s\u00e9rie de lan\u00e7amentos que o artista apresentar\u00e1 nos pr\u00f3ximos meses.<\/p>\n\n\n\n<p>Sobre Guilherme Dantas<\/p>\n\n\n\n<p>Cantor, compositor e sanfoneiro, o cearense Guilherme Dantas diz que enxerga com os olhos do cora\u00e7\u00e3o. Com defici\u00eancia visual desde que nasceu, ele iniciou, aos 4 anos, sua conex\u00e3o com a m\u00fasica de forma instintiva, dominando o teclado por ouvido. Sua habilidade o levou a conquistar m\u00faltiplos pr\u00eamios em concursos e a desenvolver sua voca\u00e7\u00e3o como instrumentista, com destaque para sua maestria na sanfona.<\/p>\n\n\n\n<p>Em 2007, Guilherme recebeu uma bolsa para estudar no Souza Lima, o maior conservat\u00f3rio de m\u00fasica da Am\u00e9rica Latina, localizado em S\u00e3o Paulo. Na capital paulista, aprimorou seus conhecimentos no piano e explorou diferentes vertentes art\u00edsticas. N\u00e3o demorou para que convites para estudar no exterior surgissem, mas Dantas escolheu voltar para o Cear\u00e1 para se dedicar a sua verdadeira paix\u00e3o: o forr\u00f3. Desde ent\u00e3o, suas composi\u00e7\u00f5es ganharam reconhecimento, marcando presen\u00e7a nos repert\u00f3rios de artistas consagrados como Wesley Safad\u00e3o, Mano Walter, Xand Avi\u00e3o e Henrique e Juliano.<\/p>\n\n\n\n<p>Em 2024, Guilherme Dantas assinou contrato com a Vybbe, renomada empresa de gerenciamento de carreiras, marcando o in\u00edcio de uma nova fase em sua trajet\u00f3ria art\u00edstica. Seu primeiro DVD, intitulado &#8220;Prazer, Guilherme Dantas&#8221;, conta com participa\u00e7\u00f5es especiais de Xand Avi\u00e3o, Tarc\u00edsio do Acordeon e Dorgival Danta, al\u00e9m de ser o primeiro projeto audiovisual de forr\u00f3 que conta com audiodescri\u00e7\u00e3o.<\/p>\n\n\n\n<p>Entre os lan\u00e7amentos recentes de 2025, o artista tem trabalhado a s\u00e9rie de EPs \u201cComo Seria\u201d, na qual resgata grandes sucessos do forr\u00f3 e outros ritmos nordestinos em novos medleys. O projeto re\u00fane releituras de m\u00fasicas que marcaram gera\u00e7\u00f5es, reafirmando seu compromisso com a valoriza\u00e7\u00e3o da cultura nordestina e o di\u00e1logo entre tradi\u00e7\u00e3o e modernidade.<\/p>\n","protected":false},"excerpt":{"rendered":"<p>Artista recebeu reconhecimento p\u00fablico por sua contribui\u00e7\u00e3o \u00e0 m\u00fasica nordestina e \u00e0 cultura cearense O&#8230;<\/p>\n","protected":false},"author":1,"featured_media":27125,"comment_status":"open","ping_status":"open","sticky":false,"template":"","format":"standard","meta":{"footnotes":""},"categories":[2],"tags":[],"featured_image_urls":{"full":["https:\/\/novosaopaulo.com.br\/n1\/wp-content\/uploads\/2025\/11\/homenagem.jpg",496,389,false],"thumbnail":["https:\/\/novosaopaulo.com.br\/n1\/wp-content\/uploads\/2025\/11\/homenagem-150x150.jpg",150,150,true],"medium":["https:\/\/novosaopaulo.com.br\/n1\/wp-content\/uploads\/2025\/11\/homenagem-300x235.jpg",300,235,true],"medium_large":["https:\/\/novosaopaulo.com.br\/n1\/wp-content\/uploads\/2025\/11\/homenagem.jpg",496,389,false],"large":["https:\/\/novosaopaulo.com.br\/n1\/wp-content\/uploads\/2025\/11\/homenagem.jpg",496,389,false],"1536x1536":["https:\/\/novosaopaulo.com.br\/n1\/wp-content\/uploads\/2025\/11\/homenagem.jpg",496,389,false],"2048x2048":["https:\/\/novosaopaulo.com.br\/n1\/wp-content\/uploads\/2025\/11\/homenagem.jpg",496,389,false],"newsever-slider-full":["https:\/\/novosaopaulo.com.br\/n1\/wp-content\/uploads\/2025\/11\/homenagem.jpg",496,389,false],"newsever-featured":["https:\/\/novosaopaulo.com.br\/n1\/wp-content\/uploads\/2025\/11\/homenagem.jpg",496,389,false],"newsever-medium":["https:\/\/novosaopaulo.com.br\/n1\/wp-content\/uploads\/2025\/11\/homenagem.jpg",496,389,false]},"author_info":{"display_name":"Reda\u00e7\u00e3o","author_link":"https:\/\/novosaopaulo.com.br\/n1\/author\/g5poa\/"},"category_info":"<a href=\"https:\/\/novosaopaulo.com.br\/n1\/category\/cidades\/\" rel=\"category tag\">Cidades<\/a>","tag_info":"Cidades","comment_count":"0","_links":{"self":[{"href":"https:\/\/novosaopaulo.com.br\/n1\/wp-json\/wp\/v2\/posts\/27124"}],"collection":[{"href":"https:\/\/novosaopaulo.com.br\/n1\/wp-json\/wp\/v2\/posts"}],"about":[{"href":"https:\/\/novosaopaulo.com.br\/n1\/wp-json\/wp\/v2\/types\/post"}],"author":[{"embeddable":true,"href":"https:\/\/novosaopaulo.com.br\/n1\/wp-json\/wp\/v2\/users\/1"}],"replies":[{"embeddable":true,"href":"https:\/\/novosaopaulo.com.br\/n1\/wp-json\/wp\/v2\/comments?post=27124"}],"version-history":[{"count":1,"href":"https:\/\/novosaopaulo.com.br\/n1\/wp-json\/wp\/v2\/posts\/27124\/revisions"}],"predecessor-version":[{"id":27126,"href":"https:\/\/novosaopaulo.com.br\/n1\/wp-json\/wp\/v2\/posts\/27124\/revisions\/27126"}],"wp:featuredmedia":[{"embeddable":true,"href":"https:\/\/novosaopaulo.com.br\/n1\/wp-json\/wp\/v2\/media\/27125"}],"wp:attachment":[{"href":"https:\/\/novosaopaulo.com.br\/n1\/wp-json\/wp\/v2\/media?parent=27124"}],"wp:term":[{"taxonomy":"category","embeddable":true,"href":"https:\/\/novosaopaulo.com.br\/n1\/wp-json\/wp\/v2\/categories?post=27124"},{"taxonomy":"post_tag","embeddable":true,"href":"https:\/\/novosaopaulo.com.br\/n1\/wp-json\/wp\/v2\/tags?post=27124"}],"curies":[{"name":"wp","href":"https:\/\/api.w.org\/{rel}","templated":true}]}}