{"id":27113,"date":"2025-11-28T18:46:27","date_gmt":"2025-11-28T21:46:27","guid":{"rendered":"https:\/\/novosaopaulo.com.br\/n1\/?p=27113"},"modified":"2025-11-28T18:46:28","modified_gmt":"2025-11-28T21:46:28","slug":"imot-celebra-49-anos-de-historia-e-16-da-sede-mogiana-com-homenagem-ao-fundador","status":"publish","type":"post","link":"https:\/\/novosaopaulo.com.br\/n1\/imot-celebra-49-anos-de-historia-e-16-da-sede-mogiana-com-homenagem-ao-fundador\/","title":{"rendered":"Imot celebra 49 anos de hist\u00f3ria e 16 da sede mogiana com homenagem ao fundador"},"content":{"rendered":"\n<p>Ortopedista Pedro Ribeiro de Andrade Filho, hoje com 78 anos, foi idealizador da cl\u00ednica em 1976; integrou a 1\u00aa turma do curso de Medicina de Mogi das Cruzes e apostou no desenvolvimento da cidade<\/p>\n\n\n\n<p>O Instituto Mogiano de Ortopedia e Traumatologia (Imot) celebra 49 anos de funda\u00e7\u00e3o e 16 anos desde a inaugura\u00e7\u00e3o de sua ampla e moderna sede, em Mogi das Cruzes \u2014 um marco na trajet\u00f3ria da cl\u00ednica. O im\u00f3vel, inaugurado em 26 de novembro de 2009, leva o nome de seu fundador, o m\u00e9dico ortopedista Pedro Ribeiro de Andrade Filho, hoje com 78 anos \u2014 uma homenagem ao profissional que soma cinco d\u00e9cadas de toda uma vida dedicada \u00e0 Medicina.<\/p>\n\n\n\n<p>Dr. Pedro se recorda do in\u00edcio, em agosto de 1976, quando fundou o Imot, hoje um dos maiores institutos especializados em Ortopedia e Traumatologia do Brasil:<\/p>\n\n\n\n<p>\u201cNaqueles tempos, jamais imaginaria que o Imot ganharia a propor\u00e7\u00e3o que tem hoje. No come\u00e7o, n\u00e3o t\u00ednhamos tantos recursos para avaliar os pacientes. Hoje contamos com muitos especialistas, uma grande estrutura e tecnologia com o que h\u00e1 de mais atual. Por outro lado, mesmo com os avan\u00e7os da Medicina, nada vai substituir o trabalho humano do m\u00e9dico\u201d, pontua.<\/p>\n\n\n\n<p>Dr. Pedro veio de S\u00e3o Paulo para Mogi das Cruzes com o objetivo de iniciar as aulas na 1\u00aa turma de Medicina da UMC, em 1968. Abra\u00e7ou a profiss\u00e3o seguindo os passos de seu pai, o pediatra Pedro Ribeiro de Andrade.<\/p>\n\n\n\n<p>O m\u00e9dico conta que, naquela \u00e9poca, o est\u00e1gio era realizado na Santa Casa de Miseric\u00f3rdia, mesmo local onde trabalhou por anos assim que se formou. Tamb\u00e9m lecionou na UMC como professor assistente e adjunto.<\/p>\n\n\n\n<p>Em meio a tanto trabalho, ele se uniu ao colega e m\u00e9dico Luiz Ant\u00f4nio Villela de Lima e ent\u00e3o abriram a primeira unidade do Imot, no centro de Mogi das Cruzes, com um objetivo em comum: a dedica\u00e7\u00e3o ao atendimento exclusivo na cl\u00ednica e aos pacientes.<\/p>\n\n\n\n<p>Posteriormente, Ricardo Percyl Matheus ingressou na sociedade. Na sequ\u00eancia, o ortopedista Rossini Tavares se juntou ao grupo. Neste per\u00edodo, a sede do Imot passou por dois endere\u00e7os na Vila Oliveira.<\/p>\n\n\n\n<p>Tanto Villela de Lima quanto Percyl Matheus faleceram. Cada parte societ\u00e1ria foi adquirida pelos m\u00e9dicos Marcos Ant\u00f4nio Nali e Fl\u00e1vio Samea. A \u00faltima inclus\u00e3o foi do tamb\u00e9m m\u00e9dico Alexandre Nogueira Ribeiro de Andrade, filho do Dr. Pedro. A partir de ent\u00e3o, o Imot deu um salto em evolu\u00e7\u00e3o e iniciou sua expans\u00e3o.<\/p>\n\n\n\n<p>No dia 26 de novembro de 2009, foi inaugurada a sede pr\u00f3pria do Instituto, com 3.000 metros quadrados, no n\u00famero 433 da rua Otto Unger, no Centro de Mogi. Quatro dias depois, em 30 de novembro, come\u00e7aram os atendimentos. Na \u00e9poca, o pr\u00e9dio foi batizado com o nome de seu fundador: Dr. Pedro Ribeiro de Andrade &#8211; uma surpresa guardada a sete chaves para o m\u00e9dico, que, ainda hoje, passados 16 anos, se emociona com as recorda\u00e7\u00f5es:<\/p>\n\n\n\n<p>\u201cEu n\u00e3o sabia que eles iriam me fazer essa homenagem e surpresa. Tudo isso aqui, o Imot que temos hoje, foi pensado por eles. Eu digo que apenas dei luz \u00e0 crian\u00e7a, mas s\u00e3o eles quem a criaram\u201d, declarou o veterano.<\/p>\n\n\n\n<p>E a amplia\u00e7\u00e3o do Imot n\u00e3o parou. A estrutura atual conta com pronto atendimento diariamente, consultas, fisioterapia e diversos tratamentos especializados, al\u00e9m do Imot Care, com cuidados inter e multidisciplinares, e o Imot MovSa\u00fade, com servi\u00e7os exclusivos e inovadores.<\/p>\n\n\n\n<p>A atua\u00e7\u00e3o se expandiu para a regi\u00e3o. Suzano recebeu uma filial na d\u00e9cada de 1990. Para 2026, o grupo empresarial ir\u00e1 inaugurar uma nova cl\u00ednica, ampla, ainda mais moderna, j\u00e1 em fase de obras.<\/p>\n\n\n\n<p>O ortopedista Alexandre Andrade celebra a excelente fase do Imot. Tamb\u00e9m se orgulha da trajet\u00f3ria da fam\u00edlia, atualmente na 4\u00aa gera\u00e7\u00e3o de m\u00e9dicos \u2014 seus filhos, Giovanna Andrade e Pedro Ribeiro de Andrade Neto, tamb\u00e9m escolheram a Medicina. Giovanna, inclusive, atua no Imot.<\/p>\n\n\n\n<p>\u201c\u00c9 um privil\u00e9gio muito grande ser filho do dr. Pedro e seguir os passos de uma pessoa que fez tanto pela popula\u00e7\u00e3o de Mogi das Cruzes e regi\u00e3o na \u00e1rea da Sa\u00fade. Ele \u00e9 exemplo para muitos, tanto no aspecto pessoal quanto no profissional. O legado que deixa nunca ser\u00e1 esquecido. Dr Pedro mudou a hist\u00f3ria da Ortopedia em Mogi h\u00e1 quase 50 anos, quando acreditou e apostou na cidade e abriu a primeira cl\u00ednica\u201d, declarou Alexandre.<\/p>\n\n\n\n<p>Sobre o Imot<br>O Imot fica na rua Otto Unger, 433, Centro, Mogi das Cruzes. Mais informa\u00e7\u00f5es: telefone (11) 4728-3420, no site e redes sociais (@clinicaimot). Em Suzano, o endere\u00e7o \u00e9 rua Augusta Aparecida Carvalho Morais, 250 Jardim Santa Helena. Telefone (11) 4741-3333.<\/p>\n","protected":false},"excerpt":{"rendered":"<p>Ortopedista Pedro Ribeiro de Andrade Filho, hoje com 78 anos, foi idealizador da cl\u00ednica em&#8230;<\/p>\n","protected":false},"author":1,"featured_media":27114,"comment_status":"open","ping_status":"open","sticky":false,"template":"","format":"standard","meta":{"footnotes":""},"categories":[2],"tags":[],"featured_image_urls":{"full":["https:\/\/novosaopaulo.com.br\/n1\/wp-content\/uploads\/2025\/11\/WhatsApp-Image-2025-11-28-at-14.34.44.jpeg",1179,1003,false],"thumbnail":["https:\/\/novosaopaulo.com.br\/n1\/wp-content\/uploads\/2025\/11\/WhatsApp-Image-2025-11-28-at-14.34.44-150x150.jpeg",150,150,true],"medium":["https:\/\/novosaopaulo.com.br\/n1\/wp-content\/uploads\/2025\/11\/WhatsApp-Image-2025-11-28-at-14.34.44-300x255.jpeg",300,255,true],"medium_large":["https:\/\/novosaopaulo.com.br\/n1\/wp-content\/uploads\/2025\/11\/WhatsApp-Image-2025-11-28-at-14.34.44-768x653.jpeg",640,544,true],"large":["https:\/\/novosaopaulo.com.br\/n1\/wp-content\/uploads\/2025\/11\/WhatsApp-Image-2025-11-28-at-14.34.44-1024x871.jpeg",640,544,true],"1536x1536":["https:\/\/novosaopaulo.com.br\/n1\/wp-content\/uploads\/2025\/11\/WhatsApp-Image-2025-11-28-at-14.34.44.jpeg",1179,1003,false],"2048x2048":["https:\/\/novosaopaulo.com.br\/n1\/wp-content\/uploads\/2025\/11\/WhatsApp-Image-2025-11-28-at-14.34.44.jpeg",1179,1003,false],"newsever-slider-full":["https:\/\/novosaopaulo.com.br\/n1\/wp-content\/uploads\/2025\/11\/WhatsApp-Image-2025-11-28-at-14.34.44-1179x845.jpeg",1179,845,true],"newsever-featured":["https:\/\/novosaopaulo.com.br\/n1\/wp-content\/uploads\/2025\/11\/WhatsApp-Image-2025-11-28-at-14.34.44-1024x871.jpeg",1024,871,true],"newsever-medium":["https:\/\/novosaopaulo.com.br\/n1\/wp-content\/uploads\/2025\/11\/WhatsApp-Image-2025-11-28-at-14.34.44-720x475.jpeg",720,475,true]},"author_info":{"display_name":"Reda\u00e7\u00e3o","author_link":"https:\/\/novosaopaulo.com.br\/n1\/author\/g5poa\/"},"category_info":"<a href=\"https:\/\/novosaopaulo.com.br\/n1\/category\/cidades\/\" rel=\"category tag\">Cidades<\/a>","tag_info":"Cidades","comment_count":"0","_links":{"self":[{"href":"https:\/\/novosaopaulo.com.br\/n1\/wp-json\/wp\/v2\/posts\/27113"}],"collection":[{"href":"https:\/\/novosaopaulo.com.br\/n1\/wp-json\/wp\/v2\/posts"}],"about":[{"href":"https:\/\/novosaopaulo.com.br\/n1\/wp-json\/wp\/v2\/types\/post"}],"author":[{"embeddable":true,"href":"https:\/\/novosaopaulo.com.br\/n1\/wp-json\/wp\/v2\/users\/1"}],"replies":[{"embeddable":true,"href":"https:\/\/novosaopaulo.com.br\/n1\/wp-json\/wp\/v2\/comments?post=27113"}],"version-history":[{"count":1,"href":"https:\/\/novosaopaulo.com.br\/n1\/wp-json\/wp\/v2\/posts\/27113\/revisions"}],"predecessor-version":[{"id":27115,"href":"https:\/\/novosaopaulo.com.br\/n1\/wp-json\/wp\/v2\/posts\/27113\/revisions\/27115"}],"wp:featuredmedia":[{"embeddable":true,"href":"https:\/\/novosaopaulo.com.br\/n1\/wp-json\/wp\/v2\/media\/27114"}],"wp:attachment":[{"href":"https:\/\/novosaopaulo.com.br\/n1\/wp-json\/wp\/v2\/media?parent=27113"}],"wp:term":[{"taxonomy":"category","embeddable":true,"href":"https:\/\/novosaopaulo.com.br\/n1\/wp-json\/wp\/v2\/categories?post=27113"},{"taxonomy":"post_tag","embeddable":true,"href":"https:\/\/novosaopaulo.com.br\/n1\/wp-json\/wp\/v2\/tags?post=27113"}],"curies":[{"name":"wp","href":"https:\/\/api.w.org\/{rel}","templated":true}]}}