{"id":27074,"date":"2025-11-26T21:05:48","date_gmt":"2025-11-27T00:05:48","guid":{"rendered":"https:\/\/novosaopaulo.com.br\/n1\/?p=27074"},"modified":"2025-11-26T21:05:49","modified_gmt":"2025-11-27T00:05:49","slug":"anistia-foro-privilegiado-e-prisao-de-bolsonaro-agitam-brasilia","status":"publish","type":"post","link":"https:\/\/novosaopaulo.com.br\/n1\/anistia-foro-privilegiado-e-prisao-de-bolsonaro-agitam-brasilia\/","title":{"rendered":"Anistia, foro privilegiado e pris\u00e3o de Bolsonaro agitam Bras\u00edlia"},"content":{"rendered":"\n<p>O distanciamento entre os presidentes da Rep\u00fablica, do Senado e da C\u00e2mara dos Deputados tende a produzir e muitas emo\u00e7\u00f5es no panorama pol\u00edtico nacional. Aliados de Lula fi\u00e9is, prestativos e bem comportados desde sua posse \u00e0 frente das respectivas casas legislativas, o senador Davi Alcolumbre e o deputado Hugo Motta executaram praticamente tudo o que o governo lhes solicitou at\u00e9 que o primeiro (que pretendia a indica\u00e7\u00e3o do senador Rodrigo Pacheco para o lugar de Luiz Carlos Barroso no Supremo Tribunal Federal, surpreendeu-se com a indica\u00e7\u00e3o de Jorge Messias, rebelou-se e. segundo bastidores, afirmou que Lula vai, daqui para a frente, saber o que \u00e9 ter um presidente do Senado desalinhado. Motta, por sua vez, distanciou-se de Lula ao formar ao lado da oposi\u00e7\u00e3o na vota\u00e7\u00e3o do projeto de lei anti-fac\u00e7\u00e3o, cujo texto ficou diferente do que pretende o governo.<\/p>\n\n\n\n<p>Esta quarta-feira poder\u00e1 ser mais um dia de desentendimentos entre Executivo, Legislativo e at\u00e9 Judici\u00e1rio. Est\u00e1 acordado que os parlamentares votar\u00e3o o projeto que elimina o foro privilegiado para senadores e deputados o que, na pr\u00e1tica, protege os parlamentares do alcance dos ministros do STF que, por conta do foro especial, t\u00eam investigado, processado e at\u00e9 encarcerado congressistas, atitudes que no Parlamento s\u00e3o interpretadas como persegui\u00e7\u00e3o. J\u00e1 houve momentos em que mais de 100 senadores e deputados tinham pend\u00eancias na suprema corte. Eliminado o foro privilegiado, eles s\u00f3 poder\u00e3o ser investigados ou processados mediante autoriza\u00e7\u00e3o da casa legislativa onde cumprem o mandato. Voltar\u00e1 a situa\u00e7\u00e3o do passado, onde o Judici\u00e1rio podia pedir, mas o Legislativo dificilmente autorizava medidas contra seus membros.<\/p>\n\n\n\n<p>O segundo e mais explosivo projeto que a C\u00e2mara prev\u00ea votar, se poss\u00edvel ainda hoje, \u00e9 o da anistia aos envolvidos nos epis\u00f3dios de 8 de janeiro de 2023 \u2013 que os governistas e o STF classificam como tentativa de golpe de Estado e levou ao processo em que o ex-presidente Jair Bolsonaro e ex-assessores est\u00e3o condenados a penas que superam os 20 anos de pris\u00e3o. Oposicionistas est\u00e3o confiantes que aprovar\u00e3o a mat\u00e9ria, que o governo e a bancada de situa\u00e7\u00e3o lutam para rejeitar. Se aprovado, os envolvidos ser\u00e3o perdoados; os presos libertos e os que fugiram para o exterior poder\u00e3o retornar sem riscos.<\/p>\n\n\n\n<pre class=\"wp-block-code\"><code>     Al\u00e9m dos dois projetos pol\u00eamicos no Legislativo, Brasilia segue agitada por conta da determina\u00e7\u00e3o do cumprimento de pena por Blsonaro e ex-assessores e do acionamento das segunda turma do STF para se pronunciar sobre as penas aplicadas na primeira turma sob o relato do ministro Alexandre de Moraes. A expectativa \u00e9 de dias tribulados at\u00e9 o momento em que as pend\u00eancias estiverem resolvidas. Nem mesmo o recesso de fim de ano, que come\u00e7a pouco antes do Natal, dever\u00e1 ser suficiente para colocar \u00e1gua na fervura. At\u00e9 porque, independente das decis\u00f5es, ataques e contra-ataques, j\u00e1 vivenciamos o ano eleitoral de 2026, quando estar\u00e3o em jogo a presid\u00eancia e vice-presid\u00eancia da Rep\u00fablica, os governos dos Estados e do Distrito Federal, dois ter\u00e7os do Senado e a totalidade da C\u00e2mara dos Deputados e da Assembleias Legislativas Estaduais... Oremos.<\/code><\/pre>\n\n\n\n<p>Tenente Dirceu Cardoso Gon\u00e7alves &#8211; dirigente da ASPOMIL (Associa\u00e7\u00e3o de Assist. Social dos Policiais Militares de S\u00e3o Paulo).<\/p>\n","protected":false},"excerpt":{"rendered":"<p>O distanciamento entre os presidentes da Rep\u00fablica, do Senado e da C\u00e2mara dos Deputados tende&#8230;<\/p>\n","protected":false},"author":1,"featured_media":23327,"comment_status":"open","ping_status":"open","sticky":false,"template":"","format":"standard","meta":{"footnotes":""},"categories":[2],"tags":[],"featured_image_urls":{"full":["https:\/\/novosaopaulo.com.br\/n1\/wp-content\/uploads\/2025\/04\/Tenente-Dirceu-Cardoso-Goncalves.jpg",600,564,false],"thumbnail":["https:\/\/novosaopaulo.com.br\/n1\/wp-content\/uploads\/2025\/04\/Tenente-Dirceu-Cardoso-Goncalves-150x150.jpg",150,150,true],"medium":["https:\/\/novosaopaulo.com.br\/n1\/wp-content\/uploads\/2025\/04\/Tenente-Dirceu-Cardoso-Goncalves-300x282.jpg",300,282,true],"medium_large":["https:\/\/novosaopaulo.com.br\/n1\/wp-content\/uploads\/2025\/04\/Tenente-Dirceu-Cardoso-Goncalves.jpg",600,564,false],"large":["https:\/\/novosaopaulo.com.br\/n1\/wp-content\/uploads\/2025\/04\/Tenente-Dirceu-Cardoso-Goncalves.jpg",600,564,false],"1536x1536":["https:\/\/novosaopaulo.com.br\/n1\/wp-content\/uploads\/2025\/04\/Tenente-Dirceu-Cardoso-Goncalves.jpg",600,564,false],"2048x2048":["https:\/\/novosaopaulo.com.br\/n1\/wp-content\/uploads\/2025\/04\/Tenente-Dirceu-Cardoso-Goncalves.jpg",600,564,false],"newsever-slider-full":["https:\/\/novosaopaulo.com.br\/n1\/wp-content\/uploads\/2025\/04\/Tenente-Dirceu-Cardoso-Goncalves.jpg",600,564,false],"newsever-featured":["https:\/\/novosaopaulo.com.br\/n1\/wp-content\/uploads\/2025\/04\/Tenente-Dirceu-Cardoso-Goncalves.jpg",600,564,false],"newsever-medium":["https:\/\/novosaopaulo.com.br\/n1\/wp-content\/uploads\/2025\/04\/Tenente-Dirceu-Cardoso-Goncalves-600x475.jpg",600,475,true]},"author_info":{"display_name":"Reda\u00e7\u00e3o","author_link":"https:\/\/novosaopaulo.com.br\/n1\/author\/g5poa\/"},"category_info":"<a href=\"https:\/\/novosaopaulo.com.br\/n1\/category\/cidades\/\" rel=\"category tag\">Cidades<\/a>","tag_info":"Cidades","comment_count":"0","_links":{"self":[{"href":"https:\/\/novosaopaulo.com.br\/n1\/wp-json\/wp\/v2\/posts\/27074"}],"collection":[{"href":"https:\/\/novosaopaulo.com.br\/n1\/wp-json\/wp\/v2\/posts"}],"about":[{"href":"https:\/\/novosaopaulo.com.br\/n1\/wp-json\/wp\/v2\/types\/post"}],"author":[{"embeddable":true,"href":"https:\/\/novosaopaulo.com.br\/n1\/wp-json\/wp\/v2\/users\/1"}],"replies":[{"embeddable":true,"href":"https:\/\/novosaopaulo.com.br\/n1\/wp-json\/wp\/v2\/comments?post=27074"}],"version-history":[{"count":1,"href":"https:\/\/novosaopaulo.com.br\/n1\/wp-json\/wp\/v2\/posts\/27074\/revisions"}],"predecessor-version":[{"id":27075,"href":"https:\/\/novosaopaulo.com.br\/n1\/wp-json\/wp\/v2\/posts\/27074\/revisions\/27075"}],"wp:featuredmedia":[{"embeddable":true,"href":"https:\/\/novosaopaulo.com.br\/n1\/wp-json\/wp\/v2\/media\/23327"}],"wp:attachment":[{"href":"https:\/\/novosaopaulo.com.br\/n1\/wp-json\/wp\/v2\/media?parent=27074"}],"wp:term":[{"taxonomy":"category","embeddable":true,"href":"https:\/\/novosaopaulo.com.br\/n1\/wp-json\/wp\/v2\/categories?post=27074"},{"taxonomy":"post_tag","embeddable":true,"href":"https:\/\/novosaopaulo.com.br\/n1\/wp-json\/wp\/v2\/tags?post=27074"}],"curies":[{"name":"wp","href":"https:\/\/api.w.org\/{rel}","templated":true}]}}