{"id":27042,"date":"2025-11-24T11:26:21","date_gmt":"2025-11-24T14:26:21","guid":{"rendered":"https:\/\/novosaopaulo.com.br\/n1\/?p=27042"},"modified":"2025-11-24T11:26:21","modified_gmt":"2025-11-24T14:26:21","slug":"itaqua-abre-inscricoes-para-eleicao-do-conselho-municipal-de-saude","status":"publish","type":"post","link":"https:\/\/novosaopaulo.com.br\/n1\/itaqua-abre-inscricoes-para-eleicao-do-conselho-municipal-de-saude\/","title":{"rendered":"Itaqu\u00e1 abre inscri\u00e7\u00f5es para elei\u00e7\u00e3o do Conselho Municipal de Sa\u00fade"},"content":{"rendered":"\n<p>Interessados podem se inscrever de 24 a 28 de novembro<\/p>\n\n\n\n<p>Est\u00e3o abertas, at\u00e9 sexta-feira (28), as inscri\u00e7\u00f5es para entidades, movimentos sociais, trabalhadores e prestadores de servi\u00e7os que desejam integrar o Conselho Municipal de Sa\u00fade (CMS) de Itaquaquecetuba no pr\u00f3ximo bi\u00eanio (2026-2027). A elei\u00e7\u00e3o, marcada para 12 de dezembro, definir\u00e1 os representantes respons\u00e1veis por acompanhar, fiscalizar e propor melhorias para o SUS no munic\u00edpio.<\/p>\n\n\n\n<p>O processo foi convocado oficialmente pelo Decreto Municipal n\u00ba 8.635\/2025, que estabelece as regras da disputa e reafirma o compromisso da gest\u00e3o com o fortalecimento do controle social. Para participar, os interessados devem ir at\u00e9 a sede do Conselho Municipal de Sa\u00fade (avenida Emancipa\u00e7\u00e3o, 125 &#8211; Centro) com a documenta\u00e7\u00e3o exigida no edital.<\/p>\n\n\n\n<p>A elei\u00e7\u00e3o acontecer\u00e1 na Secretaria de Cultura (avenida Ver. Jo\u00e3o Fernandes da Silva, 53 &#8211; Vila Virg\u00ednia) e deve mobilizar diferentes segmentos da sociedade. A ideia \u00e9 manter a representa\u00e7\u00e3o parit\u00e1ria e garantir que usu\u00e1rios, trabalhadores, gestores e prestadores de servi\u00e7os tenham voz nas decis\u00f5es sobre as pol\u00edticas p\u00fablicas de sa\u00fade.<\/p>\n\n\n\n<p>Para o secret\u00e1rio de Sa\u00fade e Assist\u00eancia Social, Gabriel Rocha, o processo reafirma o papel da popula\u00e7\u00e3o na constru\u00e7\u00e3o das pol\u00edticas do setor. \u201cO Conselho Municipal de Sa\u00fade \u00e9 um espa\u00e7o essencial para que a comunidade acompanhe e participe da gest\u00e3o do SUS. Quando a sociedade se envolve, conseguimos avan\u00e7ar mais r\u00e1pido na oferta de servi\u00e7os e na constru\u00e7\u00e3o de uma sa\u00fade mais humana e acess\u00edvel.\u201d<\/p>\n\n\n\n<p>O prefeito Eduardo Boigues destacou que ampliar os canais de participa\u00e7\u00e3o tem sido uma diretriz da atual gest\u00e3o. \u201cNosso compromisso \u00e9 garantir que as decis\u00f5es na \u00e1rea da sa\u00fade sejam tomadas com transpar\u00eancia e di\u00e1logo. A presen\u00e7a ativa da sociedade pelo conselho faz toda a diferen\u00e7a para que as pol\u00edticas p\u00fablicas sejam mais justas, eficientes e conectadas com a realidade das pessoas\u201d, finalizou.<\/p>\n\n\n\n<p>O decreto, edital de convoca\u00e7\u00e3o e o calend\u00e1rio do processo eleitoral podem ser consultados no site da prefeitura.<\/p>\n\n\n\n<p>Fotos: Matheus Cruz<\/p>\n","protected":false},"excerpt":{"rendered":"<p>Interessados podem se inscrever de 24 a 28 de novembro Est\u00e3o abertas, at\u00e9 sexta-feira (28),&#8230;<\/p>\n","protected":false},"author":1,"featured_media":27043,"comment_status":"open","ping_status":"open","sticky":false,"template":"","format":"standard","meta":{"footnotes":""},"categories":[34],"tags":[],"featured_image_urls":{"full":["https:\/\/novosaopaulo.com.br\/n1\/wp-content\/uploads\/2025\/11\/WhatsApp-Image-2025-11-24-at-10.38.09.jpeg",1280,804,false],"thumbnail":["https:\/\/novosaopaulo.com.br\/n1\/wp-content\/uploads\/2025\/11\/WhatsApp-Image-2025-11-24-at-10.38.09-150x150.jpeg",150,150,true],"medium":["https:\/\/novosaopaulo.com.br\/n1\/wp-content\/uploads\/2025\/11\/WhatsApp-Image-2025-11-24-at-10.38.09-300x188.jpeg",300,188,true],"medium_large":["https:\/\/novosaopaulo.com.br\/n1\/wp-content\/uploads\/2025\/11\/WhatsApp-Image-2025-11-24-at-10.38.09-768x482.jpeg",640,402,true],"large":["https:\/\/novosaopaulo.com.br\/n1\/wp-content\/uploads\/2025\/11\/WhatsApp-Image-2025-11-24-at-10.38.09-1024x643.jpeg",640,402,true],"1536x1536":["https:\/\/novosaopaulo.com.br\/n1\/wp-content\/uploads\/2025\/11\/WhatsApp-Image-2025-11-24-at-10.38.09.jpeg",1280,804,false],"2048x2048":["https:\/\/novosaopaulo.com.br\/n1\/wp-content\/uploads\/2025\/11\/WhatsApp-Image-2025-11-24-at-10.38.09.jpeg",1280,804,false],"newsever-slider-full":["https:\/\/novosaopaulo.com.br\/n1\/wp-content\/uploads\/2025\/11\/WhatsApp-Image-2025-11-24-at-10.38.09.jpeg",1280,804,false],"newsever-featured":["https:\/\/novosaopaulo.com.br\/n1\/wp-content\/uploads\/2025\/11\/WhatsApp-Image-2025-11-24-at-10.38.09-1024x643.jpeg",1024,643,true],"newsever-medium":["https:\/\/novosaopaulo.com.br\/n1\/wp-content\/uploads\/2025\/11\/WhatsApp-Image-2025-11-24-at-10.38.09-720x475.jpeg",720,475,true]},"author_info":{"display_name":"Reda\u00e7\u00e3o","author_link":"https:\/\/novosaopaulo.com.br\/n1\/author\/g5poa\/"},"category_info":"<a href=\"https:\/\/novosaopaulo.com.br\/n1\/category\/alto-tiete\/\" rel=\"category tag\">Alto Tiet\u00ea<\/a>","tag_info":"Alto Tiet\u00ea","comment_count":"0","_links":{"self":[{"href":"https:\/\/novosaopaulo.com.br\/n1\/wp-json\/wp\/v2\/posts\/27042"}],"collection":[{"href":"https:\/\/novosaopaulo.com.br\/n1\/wp-json\/wp\/v2\/posts"}],"about":[{"href":"https:\/\/novosaopaulo.com.br\/n1\/wp-json\/wp\/v2\/types\/post"}],"author":[{"embeddable":true,"href":"https:\/\/novosaopaulo.com.br\/n1\/wp-json\/wp\/v2\/users\/1"}],"replies":[{"embeddable":true,"href":"https:\/\/novosaopaulo.com.br\/n1\/wp-json\/wp\/v2\/comments?post=27042"}],"version-history":[{"count":1,"href":"https:\/\/novosaopaulo.com.br\/n1\/wp-json\/wp\/v2\/posts\/27042\/revisions"}],"predecessor-version":[{"id":27044,"href":"https:\/\/novosaopaulo.com.br\/n1\/wp-json\/wp\/v2\/posts\/27042\/revisions\/27044"}],"wp:featuredmedia":[{"embeddable":true,"href":"https:\/\/novosaopaulo.com.br\/n1\/wp-json\/wp\/v2\/media\/27043"}],"wp:attachment":[{"href":"https:\/\/novosaopaulo.com.br\/n1\/wp-json\/wp\/v2\/media?parent=27042"}],"wp:term":[{"taxonomy":"category","embeddable":true,"href":"https:\/\/novosaopaulo.com.br\/n1\/wp-json\/wp\/v2\/categories?post=27042"},{"taxonomy":"post_tag","embeddable":true,"href":"https:\/\/novosaopaulo.com.br\/n1\/wp-json\/wp\/v2\/tags?post=27042"}],"curies":[{"name":"wp","href":"https:\/\/api.w.org\/{rel}","templated":true}]}}