{"id":27017,"date":"2025-11-21T20:41:59","date_gmt":"2025-11-21T23:41:59","guid":{"rendered":"https:\/\/novosaopaulo.com.br\/n1\/?p=27017"},"modified":"2025-11-21T20:42:00","modified_gmt":"2025-11-21T23:42:00","slug":"a-solucao-ao-tarifaco-e-a-divisao-dos-poderes","status":"publish","type":"post","link":"https:\/\/novosaopaulo.com.br\/n1\/a-solucao-ao-tarifaco-e-a-divisao-dos-poderes\/","title":{"rendered":"A solu\u00e7\u00e3o ao tarifa\u00e7o e a divis\u00e3o dos Poderes"},"content":{"rendered":"\n<p>A ordem executiva assinada nesta quinta-feira (20), pelo presidente Donald Trump, recoloca no polo positivo as rela\u00e7\u00f5es econ\u00f4micas entre Estados Unidos e Brasil. As duas na\u00e7\u00f5es retomam o clima positivo que constru\u00edram ao longo de dois s\u00e9culos e foi importante para o bem-estar dos dois lados da rela\u00e7\u00e3o. Depois de revogar dias atr\u00e1s a tarifa de 10% que gravou praticamente todos os parceiros comerciais ao redor do planeta, os EUA agora eliminam os 40% que vigoravam desde julho sobre os produtos (caf\u00e9, carne bovina, frutas diversas e manufaturados) que o Brasil fornece aos Estados Unidos. Com o imposto zerado, o produtor brasilelro coloca seu produto a pre\u00e7os competitivos no mercado norte-americano e os compradores de l\u00e1 s\u00e3o beneficiados por pre\u00e7os mais justos do que os gravados pela tarifa elevada.<\/p>\n\n\n\n<pre class=\"wp-block-code\"><code>     Os setores do agroneg\u00f3cio que produzem as mercadorias fornecidas pelo Brasil aos EUA festejam o acontecimento e preparam-se para avan\u00e7ar nas negocia\u00e7\u00f5es, agora com as vistas voltadas para os produtos manufaturados. O com\u00e9rcio com os EUA \u00e9 um dos principais que mantemos na pauta internacional. Vale lembrar que a decis\u00e3o dessa quinta-feira \u00e9 resultado do encontro do chanceler brasileiro Mauro Vieira com o secret\u00e1rio de Estado americano Marco Rubio, que sucedeu reuni\u00f5es onde tamb\u00e9m estiveram presentes o vice-presidente Geraldo Alckmin e o ministro da Fazenda, Fernando Haddad. Os tr\u00eas formam o grupo de negociadores designado pelo presidente Lula da Silva para tratar dos neg\u00f3cios brasileiros frente ao governo de Washington. Lembremos ainda os encontros pessoais de Trump e Lula na assembleia da ONU e na Mal\u00e1sia. Ainda bem que as discuss\u00f5es evolu\u00edram.\n\n     No interesse de brasileiros e norte-americanos, os dois lados devem evitar os radicalismos e principalmente o proselitismo que possa coloc\u00e1-los em posi\u00e7\u00e3o antag\u00f4nica e prejudicar os interesses dos dois povos. Por mais amigo e simpatizante que Lula seja de Nicol\u00e1s Maduro, pensamos que n\u00e3o deve imiscuir-se na sua luta contra o governo norte-americano, pois esta envolve interesses que n\u00e3o s\u00e3o os brasileiros. Da mesma forma, outros pa\u00edses que venham a divergir de Trump e sua equipe n\u00e3o devem encontrar no Brasil o seu ferrenho e incondicional defensor. Cada problema \u00e9 um problema e tem de ser tratado no foro adequado. At\u00e9 mesmo as diverg\u00eancias entre o governo Trump e o Supremo Tribunal Federal brasileiro n\u00e3o devem ser problemas do governo de Bras\u00edlia, mas da corte de justi\u00e7a. Afinal, numa rep\u00fablica como a nossa, os poderes s\u00e3o independentes e harm\u00f4nicos e devem eles pr\u00f3prios resolver suas quest\u00f5es. Agora, que j\u00e1 temos em solu\u00e7\u00e3o o tarifa\u00e7o norte-americano \u2013 motivado em parte pela diverg\u00eancia com o STF, n\u00e3o deve o Poder Executivo (nem o Legislativo) investir seu espa\u00e7o de negocia\u00e7\u00e3o para resolver o contencioso do Judici\u00e1rio. Aquele poder, que \u00e9 independente, tem de reunir as condi\u00e7\u00f5es para fazer valer nacional e at\u00e9 internacionalmente suas decis\u00f5es sem precisar o aporte dos dois outros esteios do trip\u00e9 constitucional.  A economia brasileira j\u00e1 teve preju\u00edzos por quest\u00f5es partidas do movimento judici\u00e1rio. O mais indicado \u00e9 que a suprema corte \u2013 hoje gravada por repres\u00e1lias norte-americanas \u2013 esteja em condi\u00e7\u00f5es de resolver seus problemas sem que isso possa prejudicar o Pa\u00eds genericamente. Se Lula  e seus ministros cuidarem do contencioso do seu governo em rela\u00e7\u00e3o ao governo de Trump e o Congresso Nacional brasileiro mediar seus poss\u00edveis problemas com o similar norte-americano, n\u00e3o restar\u00e1 nada mais a fazer do que o Judici\u00e1rio brasileiro entender-se com o dos EUA, sem cruzar interesses entre setores diferentes da administra\u00e7\u00e3o p\u00fablica. Cada um no seu quadrado e ningu\u00e9m prejudicado pelas atitudes dos vizinhos...<\/code><\/pre>\n\n\n\n<p>Tenente Dirceu Cardoso Gon\u00e7alves &#8211; dirigente da ASPOMIL (Associa\u00e7\u00e3o de Assist. Social dos Policiais Militares de S\u00e3o Paulo).<\/p>\n","protected":false},"excerpt":{"rendered":"<p>A ordem executiva assinada nesta quinta-feira (20), pelo presidente Donald Trump, recoloca no polo positivo&#8230;<\/p>\n","protected":false},"author":1,"featured_media":23327,"comment_status":"open","ping_status":"open","sticky":false,"template":"","format":"standard","meta":{"footnotes":""},"categories":[2],"tags":[],"featured_image_urls":{"full":["https:\/\/novosaopaulo.com.br\/n1\/wp-content\/uploads\/2025\/04\/Tenente-Dirceu-Cardoso-Goncalves.jpg",600,564,false],"thumbnail":["https:\/\/novosaopaulo.com.br\/n1\/wp-content\/uploads\/2025\/04\/Tenente-Dirceu-Cardoso-Goncalves-150x150.jpg",150,150,true],"medium":["https:\/\/novosaopaulo.com.br\/n1\/wp-content\/uploads\/2025\/04\/Tenente-Dirceu-Cardoso-Goncalves-300x282.jpg",300,282,true],"medium_large":["https:\/\/novosaopaulo.com.br\/n1\/wp-content\/uploads\/2025\/04\/Tenente-Dirceu-Cardoso-Goncalves.jpg",600,564,false],"large":["https:\/\/novosaopaulo.com.br\/n1\/wp-content\/uploads\/2025\/04\/Tenente-Dirceu-Cardoso-Goncalves.jpg",600,564,false],"1536x1536":["https:\/\/novosaopaulo.com.br\/n1\/wp-content\/uploads\/2025\/04\/Tenente-Dirceu-Cardoso-Goncalves.jpg",600,564,false],"2048x2048":["https:\/\/novosaopaulo.com.br\/n1\/wp-content\/uploads\/2025\/04\/Tenente-Dirceu-Cardoso-Goncalves.jpg",600,564,false],"newsever-slider-full":["https:\/\/novosaopaulo.com.br\/n1\/wp-content\/uploads\/2025\/04\/Tenente-Dirceu-Cardoso-Goncalves.jpg",600,564,false],"newsever-featured":["https:\/\/novosaopaulo.com.br\/n1\/wp-content\/uploads\/2025\/04\/Tenente-Dirceu-Cardoso-Goncalves.jpg",600,564,false],"newsever-medium":["https:\/\/novosaopaulo.com.br\/n1\/wp-content\/uploads\/2025\/04\/Tenente-Dirceu-Cardoso-Goncalves-600x475.jpg",600,475,true]},"author_info":{"display_name":"Reda\u00e7\u00e3o","author_link":"https:\/\/novosaopaulo.com.br\/n1\/author\/g5poa\/"},"category_info":"<a href=\"https:\/\/novosaopaulo.com.br\/n1\/category\/cidades\/\" rel=\"category tag\">Cidades<\/a>","tag_info":"Cidades","comment_count":"0","_links":{"self":[{"href":"https:\/\/novosaopaulo.com.br\/n1\/wp-json\/wp\/v2\/posts\/27017"}],"collection":[{"href":"https:\/\/novosaopaulo.com.br\/n1\/wp-json\/wp\/v2\/posts"}],"about":[{"href":"https:\/\/novosaopaulo.com.br\/n1\/wp-json\/wp\/v2\/types\/post"}],"author":[{"embeddable":true,"href":"https:\/\/novosaopaulo.com.br\/n1\/wp-json\/wp\/v2\/users\/1"}],"replies":[{"embeddable":true,"href":"https:\/\/novosaopaulo.com.br\/n1\/wp-json\/wp\/v2\/comments?post=27017"}],"version-history":[{"count":1,"href":"https:\/\/novosaopaulo.com.br\/n1\/wp-json\/wp\/v2\/posts\/27017\/revisions"}],"predecessor-version":[{"id":27018,"href":"https:\/\/novosaopaulo.com.br\/n1\/wp-json\/wp\/v2\/posts\/27017\/revisions\/27018"}],"wp:featuredmedia":[{"embeddable":true,"href":"https:\/\/novosaopaulo.com.br\/n1\/wp-json\/wp\/v2\/media\/23327"}],"wp:attachment":[{"href":"https:\/\/novosaopaulo.com.br\/n1\/wp-json\/wp\/v2\/media?parent=27017"}],"wp:term":[{"taxonomy":"category","embeddable":true,"href":"https:\/\/novosaopaulo.com.br\/n1\/wp-json\/wp\/v2\/categories?post=27017"},{"taxonomy":"post_tag","embeddable":true,"href":"https:\/\/novosaopaulo.com.br\/n1\/wp-json\/wp\/v2\/tags?post=27017"}],"curies":[{"name":"wp","href":"https:\/\/api.w.org\/{rel}","templated":true}]}}