{"id":26984,"date":"2025-11-19T20:40:23","date_gmt":"2025-11-19T23:40:23","guid":{"rendered":"https:\/\/novosaopaulo.com.br\/n1\/?p=26984"},"modified":"2025-11-19T20:40:23","modified_gmt":"2025-11-19T23:40:23","slug":"vybbe-renova-com-mari-fernandez-e-reforca-artista-como-peca-central-do-time","status":"publish","type":"post","link":"https:\/\/novosaopaulo.com.br\/n1\/vybbe-renova-com-mari-fernandez-e-reforca-artista-como-peca-central-do-time\/","title":{"rendered":"Vybbe renova com Mari Fernandez e refor\u00e7a artista como pe\u00e7a central do time"},"content":{"rendered":"\n<p>Vybbe renova com Mari Fernandez e refor\u00e7a artista como pe\u00e7a central do time<\/p>\n\n\n\n<p>A Vybbe anuncia nesta quarta-feira (19) a renova\u00e7\u00e3o do contrato com Mari Fernandez, refor\u00e7ando um v\u00ednculo que j\u00e1 \u00e9 s\u00edmbolo de sucesso e crescimento. O evento acontece na Casa Vybbe, em Fortaleza (CE).<br>Para a dire\u00e7\u00e3o, a renova\u00e7\u00e3o representa mais do que um contrato; \u00e9 a confirma\u00e7\u00e3o de uma parceria s\u00f3lida com uma artista que reflete inova\u00e7\u00e3o e talento. Essa alian\u00e7a reitera a posi\u00e7\u00e3o da Vybbe como refer\u00eancia no cen\u00e1rio art\u00edstico brasileiro.<br>\u201cNossa trajet\u00f3ria se confunde com a da Mari. Ela n\u00e3o \u00e9 apenas uma artista da Vybbe, \u00e9 casa, inspira\u00e7\u00e3o e vit\u00f3ria coletiva. Cada passo dela abriu caminho para o que somos hoje. A renova\u00e7\u00e3o confirma que seguimos no mesmo time, celebrando cada lan\u00e7amento como um t\u00edtulo. Mesmo escudo. Mesma camisa. Mesmo compromisso de sempre: crescer juntos!\u201d, afirma Carlos Aristides, s\u00f3cio\u2011fundador da Vybbe.<br>Desde que assinou com a empresa em 2022, Mari se consolidou como uma das grandes vozes do forr\u00f3 e do piseiro. Naquele ano, realizou sua primeira turn\u00ea nacional, chamada \u201cMari Sem Fim\u201d, sob a gest\u00e3o do escrit\u00f3rio. Tamb\u00e9m participou de edi\u00e7\u00f5es da Vybbe Junina, refor\u00e7ando sua identifica\u00e7\u00e3o com as ra\u00edzes nordestinas.<br>Mais recentemente, brilhou no FestyVybbe em Portugal, elevando sua visibilidade internacional e ampliando a presen\u00e7a do escrit\u00f3rio no mercado global.<br>O momento marca o in\u00edcio de um novo ciclo, com lan\u00e7amentos, turn\u00eas e projetos colaborativos que devem consolidar ainda mais a carreira da cantora e a presen\u00e7a da Vybbe no cen\u00e1rio nacional e internacional.<\/p>\n\n\n\n<p>Sobre a Vybbe<br>Criada em 2020, a Vybbe nasceu no Nordeste com o prop\u00f3sito de realizar sonhos por meio da m\u00fasica. Fundada por Carlos Aristides, Everton Silveira, Kleryston Pontes, Armando Carneiro e Xand Avi\u00e3o, a empresa se consolidou como uma das principais for\u00e7as do entretenimento nacional, com foco em gest\u00e3o de carreiras, lan\u00e7amento de artistas e produ\u00e7\u00e3o de eventos.<br>Em 2022, a Vybbe fortaleceu sua atua\u00e7\u00e3o com eventos pr\u00f3prios como Viiixe Forr\u00f3 e Piseiro, Vybbe Junina e Mari Sem Fim. No ano seguinte, lan\u00e7ou o evento Desmanttelo do Nattan e se tornou parceira do tradicional S\u00e3o Jo\u00e3o de Campina Grande.<br>J\u00e1 em 2024, incorporou novos nomes ao elenco \u2014 como Guilherme Dantas, L\u00e9o Foguete, Jonas Esticado, Manim Vaqueiro e Kak\u00e1 e Pedrinho \u2014 e ampliou seu alcance com a aquisi\u00e7\u00e3o da empresa Acertei.<br>Em 2025, estreou o FestyVybbe em Portugal, marcando o in\u00edcio de sua expans\u00e3o internacional.<br>Siga a Vybbe nas redes sociais<br>Instagram<br>Youtube<\/p>\n","protected":false},"excerpt":{"rendered":"<p>Vybbe renova com Mari Fernandez e refor\u00e7a artista como pe\u00e7a central do time A Vybbe&#8230;<\/p>\n","protected":false},"author":1,"featured_media":26985,"comment_status":"open","ping_status":"open","sticky":false,"template":"","format":"standard","meta":{"footnotes":""},"categories":[2],"tags":[],"featured_image_urls":{"full":["https:\/\/novosaopaulo.com.br\/n1\/wp-content\/uploads\/2025\/11\/fc.jpg",566,358,false],"thumbnail":["https:\/\/novosaopaulo.com.br\/n1\/wp-content\/uploads\/2025\/11\/fc-150x150.jpg",150,150,true],"medium":["https:\/\/novosaopaulo.com.br\/n1\/wp-content\/uploads\/2025\/11\/fc-300x190.jpg",300,190,true],"medium_large":["https:\/\/novosaopaulo.com.br\/n1\/wp-content\/uploads\/2025\/11\/fc.jpg",566,358,false],"large":["https:\/\/novosaopaulo.com.br\/n1\/wp-content\/uploads\/2025\/11\/fc.jpg",566,358,false],"1536x1536":["https:\/\/novosaopaulo.com.br\/n1\/wp-content\/uploads\/2025\/11\/fc.jpg",566,358,false],"2048x2048":["https:\/\/novosaopaulo.com.br\/n1\/wp-content\/uploads\/2025\/11\/fc.jpg",566,358,false],"newsever-slider-full":["https:\/\/novosaopaulo.com.br\/n1\/wp-content\/uploads\/2025\/11\/fc.jpg",566,358,false],"newsever-featured":["https:\/\/novosaopaulo.com.br\/n1\/wp-content\/uploads\/2025\/11\/fc.jpg",566,358,false],"newsever-medium":["https:\/\/novosaopaulo.com.br\/n1\/wp-content\/uploads\/2025\/11\/fc.jpg",566,358,false]},"author_info":{"display_name":"Reda\u00e7\u00e3o","author_link":"https:\/\/novosaopaulo.com.br\/n1\/author\/g5poa\/"},"category_info":"<a href=\"https:\/\/novosaopaulo.com.br\/n1\/category\/cidades\/\" rel=\"category tag\">Cidades<\/a>","tag_info":"Cidades","comment_count":"0","_links":{"self":[{"href":"https:\/\/novosaopaulo.com.br\/n1\/wp-json\/wp\/v2\/posts\/26984"}],"collection":[{"href":"https:\/\/novosaopaulo.com.br\/n1\/wp-json\/wp\/v2\/posts"}],"about":[{"href":"https:\/\/novosaopaulo.com.br\/n1\/wp-json\/wp\/v2\/types\/post"}],"author":[{"embeddable":true,"href":"https:\/\/novosaopaulo.com.br\/n1\/wp-json\/wp\/v2\/users\/1"}],"replies":[{"embeddable":true,"href":"https:\/\/novosaopaulo.com.br\/n1\/wp-json\/wp\/v2\/comments?post=26984"}],"version-history":[{"count":1,"href":"https:\/\/novosaopaulo.com.br\/n1\/wp-json\/wp\/v2\/posts\/26984\/revisions"}],"predecessor-version":[{"id":26986,"href":"https:\/\/novosaopaulo.com.br\/n1\/wp-json\/wp\/v2\/posts\/26984\/revisions\/26986"}],"wp:featuredmedia":[{"embeddable":true,"href":"https:\/\/novosaopaulo.com.br\/n1\/wp-json\/wp\/v2\/media\/26985"}],"wp:attachment":[{"href":"https:\/\/novosaopaulo.com.br\/n1\/wp-json\/wp\/v2\/media?parent=26984"}],"wp:term":[{"taxonomy":"category","embeddable":true,"href":"https:\/\/novosaopaulo.com.br\/n1\/wp-json\/wp\/v2\/categories?post=26984"},{"taxonomy":"post_tag","embeddable":true,"href":"https:\/\/novosaopaulo.com.br\/n1\/wp-json\/wp\/v2\/tags?post=26984"}],"curies":[{"name":"wp","href":"https:\/\/api.w.org\/{rel}","templated":true}]}}