{"id":26978,"date":"2025-11-19T14:03:04","date_gmt":"2025-11-19T17:03:04","guid":{"rendered":"https:\/\/novosaopaulo.com.br\/n1\/?p=26978"},"modified":"2025-11-19T14:03:04","modified_gmt":"2025-11-19T17:03:04","slug":"paula-fernandes-anuncia-lancamento-de-versao-de-set-fire-to-the-rain-aprovada-por-adele","status":"publish","type":"post","link":"https:\/\/novosaopaulo.com.br\/n1\/paula-fernandes-anuncia-lancamento-de-versao-de-set-fire-to-the-rain-aprovada-por-adele\/","title":{"rendered":"Paula Fernandes anuncia lan\u00e7amento de vers\u00e3o de \u201cSet Fire To The Rain\u201d aprovada por Adele"},"content":{"rendered":"\n<p>Em \u201cAmar de Novo\u201d, cantora transforma o cl\u00e1ssico de Adele em um retrato sens\u00edvel do amor e da autenticidade que marcam sua nova era<\/p>\n\n\n\n<p>Paula Fernandes lan\u00e7a \u201cAmar de Novo\u201d, vers\u00e3o em portugu\u00eas de \u201cSet Fire To The Rain\u201d, de Adele. O single integra o EP \u201cSIMPLESmente, EU\u201d, que apresenta uma Paula Fernandes em plena conex\u00e3o com sua ess\u00eancia em cinco faixas in\u00e9ditas e ser\u00e1 lan\u00e7ado no dia 27 de novembro. Pr\u00e9-save j\u00e1 est\u00e1 dispon\u00edvel em todas as plataformas de m\u00fasica. Essa nova fase da artista resgata o romantismo, a delicadeza e a autenticidade de sua voz, que sempre marcaram sua identidade, agora com uma liberdade art\u00edstica que lhe permite revelar vulnerabilidade sem perder intensidade.<\/p>\n\n\n\n<p>Admiradora de Adele desde o in\u00edcio da carreira, a cantora brasileira sempre se identificou com a for\u00e7a e a sensibilidade da artista brit\u00e2nica. Em um gesto raro no mercado fonogr\u00e1fico, Adele concedeu autoriza\u00e7\u00e3o oficial para que Paula Fernandes fizesse a primeira vers\u00e3o de uma de suas can\u00e7\u00f5es de maior sucesso, reconhecendo na \u201ccantautora\u201d brasileira a capacidade de traduzir o esp\u00edrito da obra em seu pr\u00f3prio idioma e estilo.<\/p>\n\n\n\n<p>O resultado \u00e9 uma releitura que preserva a intensidade da composi\u00e7\u00e3o original, mas ganha novos arranjos e uma interpreta\u00e7\u00e3o marcada pela sutileza e pelo sentimento que caracterizam o trabalho de Paula Fernandes.<\/p>\n\n\n\n<p>\u201c<em>\u2018Set Fire To The Rain\u2019 sempre me tocou de uma forma especial. \u00c9 uma m\u00fasica que fala sobre entrega e recome\u00e7o, temas que fazem parte do meu momento atual. Poder interpret\u00e1-la com a autoriza\u00e7\u00e3o da pr\u00f3pria Adele foi uma honra. Busquei trazer essa emo\u00e7\u00e3o para o meu universo, mantendo o respeito \u00e0 obra original e colocando nela a minha verdade<\/em>\u201d, conta Paula Fernandes.<\/p>\n\n\n\n<p>Com uma carreira consolidada dentro e fora do Brasil, Paula Fernandes \u00e9 uma das artistas mais reconhecidas da m\u00fasica nacional, com mais de 6 milh\u00f5es de discos vendidos, 15 turn\u00eas internacionais e mais de 20 m\u00fasicas em trilhas de novelas e filmes. Ao longo da trajet\u00f3ria, se tornou a \u00fanica artista brasileira a gravar com Taylor Swift e Shania Twain. E mais feats internacionais vieram: Alejandro Sanz, Juanes e Il Volo.<\/p>\n\n\n\n<p>\u201cAmar de Novo\u201d \u00e9 um s\u00edmbolo de conex\u00e3o, liberdade e amor, um momento que refor\u00e7a o protagonismo de Paula Fernandes como uma das vozes mais expressivas e admiradas da m\u00fasica nacional.<\/p>\n\n\n\n<p>Agora integrando o cast da Opus Entretenimento, Paula Fernandes inicia uma nova etapa de sua carreira ao lado da maior plataforma de shows e entretenimento ao vivo da Am\u00e9rica Latina. A parceria consolida a atua\u00e7\u00e3o da Opus no desenvolvimento estrat\u00e9gico de artistas, reunindo produ\u00e7\u00e3o, promo\u00e7\u00e3o, gest\u00e3o de projetos e estrutura operacional de alta performance, ao lado dos empres\u00e1rios da artista, h\u00e1 mais de 7 anos, Marco Serralheiro e Marcelo Maia. Com isso, a empresa refor\u00e7a seu compromisso institucional em ampliar o alcance de carreiras consolidadas e em seguir conectando grandes nomes da m\u00fasica a p\u00fablicos, mercados e experi\u00eancias de relev\u00e2ncia nacional.<\/p>\n\n\n\n<p><strong>Sobre Paula Fernandes<\/strong><\/p>\n\n\n\n<p>Paula Fernandes \u00e9 uma das principais artistas da m\u00fasica brasileira, com uma trajet\u00f3ria marcada por autenticidade, versatilidade e grandes conquistas. Cantora, compositora e instrumentista, a mineira de Sete Lagoas soma mais de 2,4 bilh\u00f5es de streams nas plataformas de \u00e1udio, 5,6 milh\u00f5es de discos vendidos e dois pr\u00eamios Grammy Latino, a artista se destaca no cen\u00e1rio musical brasileiro e internacional.<\/p>\n\n\n\n<p>Com uma carreira s\u00f3lida no Brasil e no exterior, Paula j\u00e1 realizou 15 turn\u00eas internacionais, passando por pa\u00edses da Europa, Estados Unidos e \u00c1frica, e dividiu o microfone com nomes como Taylor Swift, Shania Twain, Alejandro Sanz, Juanes e Il Volo.<\/p>\n\n\n\n<p>Premiada em diversas categorias da ind\u00fastria do entretenimento, a artista soma oito indica\u00e7\u00f5es ao Grammy Latino, al\u00e9m de reconhecimentos como o Pr\u00eamio Multishow de M\u00fasica Brasileira, Pr\u00eamio da M\u00fasica Brasileira, Trof\u00e9u Imprensa, Meus Pr\u00eamios Nick e Melhores do Ano. Na televis\u00e3o, teve mais de 20 m\u00fasicas em trilhas de novelas e filmes, refor\u00e7ando sua presen\u00e7a marcante no audiovisual brasileiro.<\/p>\n\n\n\n<p>Autora de sucessos como \u201cJeito de Mato\u201d, \u201cP\u00e1ssaro de Fogo\u201d, \u201cPra Voc\u00ea\u201d e \u201cSem Voc\u00ea\u201d, Paula segue explorando novas sonoridades e reafirmando sua ess\u00eancia art\u00edstica. Em 2025, lan\u00e7a o EP \u201cSIMPLESmente Eu\u201d, um projeto que representa leveza, liberdade e conex\u00e3o com suas ra\u00edzes, e se prepara para integrar o elenco da novela \u201cCora\u00e7\u00e3o Acelerado\u201d, prevista para estrear em 2026.<\/p>\n\n\n\n<p>Para saber mais:<\/p>\n\n\n\n<p><a href=\"http:\/\/www.paulafernandes.com.br\">www.paulafernandes.com.br<\/a><\/p>\n\n\n\n<p><a href=\"http:\/\/www.facebook.com\/OficialPaulaFernandes\">www.facebook.com\/OficialPaulaFernandes<\/a><\/p>\n\n\n\n<p><a href=\"http:\/\/www.twitter.com\/PaulaFernandes7\">www.twitter.com\/PaulaFernandes7<\/a><\/p>\n\n\n\n<p><a href=\"http:\/\/www.instagram.com\/paulafernandes\">www.instagram.com\/paulafernandes<\/a><\/p>\n\n\n\n<p><a href=\"http:\/\/www.youtube.com\/user\/PaulaFernandesVEVO\">www.youtube.com\/user\/PaulaFernandesVEVO<\/a><\/p>\n","protected":false},"excerpt":{"rendered":"<p>Em \u201cAmar de Novo\u201d, cantora transforma o cl\u00e1ssico de Adele em um retrato sens\u00edvel do&#8230;<\/p>\n","protected":false},"author":1,"featured_media":26979,"comment_status":"open","ping_status":"open","sticky":false,"template":"","format":"standard","meta":{"footnotes":""},"categories":[2],"tags":[],"featured_image_urls":{"full":["https:\/\/novosaopaulo.com.br\/n1\/wp-content\/uploads\/2025\/11\/Spun-Imagem-Destacada.-2025-11-19T115946.895.jpg",1200,628,false],"thumbnail":["https:\/\/novosaopaulo.com.br\/n1\/wp-content\/uploads\/2025\/11\/Spun-Imagem-Destacada.-2025-11-19T115946.895-150x150.jpg",150,150,true],"medium":["https:\/\/novosaopaulo.com.br\/n1\/wp-content\/uploads\/2025\/11\/Spun-Imagem-Destacada.-2025-11-19T115946.895-300x157.jpg",300,157,true],"medium_large":["https:\/\/novosaopaulo.com.br\/n1\/wp-content\/uploads\/2025\/11\/Spun-Imagem-Destacada.-2025-11-19T115946.895-768x402.jpg",640,335,true],"large":["https:\/\/novosaopaulo.com.br\/n1\/wp-content\/uploads\/2025\/11\/Spun-Imagem-Destacada.-2025-11-19T115946.895-1024x536.jpg",640,335,true],"1536x1536":["https:\/\/novosaopaulo.com.br\/n1\/wp-content\/uploads\/2025\/11\/Spun-Imagem-Destacada.-2025-11-19T115946.895.jpg",1200,628,false],"2048x2048":["https:\/\/novosaopaulo.com.br\/n1\/wp-content\/uploads\/2025\/11\/Spun-Imagem-Destacada.-2025-11-19T115946.895.jpg",1200,628,false],"newsever-slider-full":["https:\/\/novosaopaulo.com.br\/n1\/wp-content\/uploads\/2025\/11\/Spun-Imagem-Destacada.-2025-11-19T115946.895.jpg",1200,628,false],"newsever-featured":["https:\/\/novosaopaulo.com.br\/n1\/wp-content\/uploads\/2025\/11\/Spun-Imagem-Destacada.-2025-11-19T115946.895-1024x536.jpg",1024,536,true],"newsever-medium":["https:\/\/novosaopaulo.com.br\/n1\/wp-content\/uploads\/2025\/11\/Spun-Imagem-Destacada.-2025-11-19T115946.895-720x475.jpg",720,475,true]},"author_info":{"display_name":"Reda\u00e7\u00e3o","author_link":"https:\/\/novosaopaulo.com.br\/n1\/author\/g5poa\/"},"category_info":"<a href=\"https:\/\/novosaopaulo.com.br\/n1\/category\/cidades\/\" rel=\"category tag\">Cidades<\/a>","tag_info":"Cidades","comment_count":"0","_links":{"self":[{"href":"https:\/\/novosaopaulo.com.br\/n1\/wp-json\/wp\/v2\/posts\/26978"}],"collection":[{"href":"https:\/\/novosaopaulo.com.br\/n1\/wp-json\/wp\/v2\/posts"}],"about":[{"href":"https:\/\/novosaopaulo.com.br\/n1\/wp-json\/wp\/v2\/types\/post"}],"author":[{"embeddable":true,"href":"https:\/\/novosaopaulo.com.br\/n1\/wp-json\/wp\/v2\/users\/1"}],"replies":[{"embeddable":true,"href":"https:\/\/novosaopaulo.com.br\/n1\/wp-json\/wp\/v2\/comments?post=26978"}],"version-history":[{"count":1,"href":"https:\/\/novosaopaulo.com.br\/n1\/wp-json\/wp\/v2\/posts\/26978\/revisions"}],"predecessor-version":[{"id":26980,"href":"https:\/\/novosaopaulo.com.br\/n1\/wp-json\/wp\/v2\/posts\/26978\/revisions\/26980"}],"wp:featuredmedia":[{"embeddable":true,"href":"https:\/\/novosaopaulo.com.br\/n1\/wp-json\/wp\/v2\/media\/26979"}],"wp:attachment":[{"href":"https:\/\/novosaopaulo.com.br\/n1\/wp-json\/wp\/v2\/media?parent=26978"}],"wp:term":[{"taxonomy":"category","embeddable":true,"href":"https:\/\/novosaopaulo.com.br\/n1\/wp-json\/wp\/v2\/categories?post=26978"},{"taxonomy":"post_tag","embeddable":true,"href":"https:\/\/novosaopaulo.com.br\/n1\/wp-json\/wp\/v2\/tags?post=26978"}],"curies":[{"name":"wp","href":"https:\/\/api.w.org\/{rel}","templated":true}]}}