{"id":26955,"date":"2025-11-18T18:23:24","date_gmt":"2025-11-18T21:23:24","guid":{"rendered":"https:\/\/novosaopaulo.com.br\/n1\/?p=26955"},"modified":"2025-11-18T18:23:25","modified_gmt":"2025-11-18T21:23:25","slug":"nucleo-teatral-opereta-realiza-festival-de-cultura-preta","status":"publish","type":"post","link":"https:\/\/novosaopaulo.com.br\/n1\/nucleo-teatral-opereta-realiza-festival-de-cultura-preta\/","title":{"rendered":"N\u00facleo Teatral Opereta realiza festival de cultura preta"},"content":{"rendered":"\n<p>Kizomba 2025 chega a terceira edi\u00e7\u00e3o com diversas atividades sobre a consci\u00eancia negra<\/p>\n\n\n\n<p>O N\u00facleo Teatral Opereta promove mais uma edi\u00e7\u00e3o do Kizomba Opereta &#8211; Festival de Cultura Negra que traz arte, debate e resist\u00eancia, em conjunto com a Associa\u00e7\u00e3o Cultural Opereta. O evento conta tamb\u00e9m com v\u00e1rias atividades e trabalhadores da cultura que colaboram para o enaltecimento da cultura afro-brasileira.<\/p>\n\n\n\n<p>A 3\u00aa edi\u00e7\u00e3o ser\u00e1 aberta \u00e0s 17 horas do dia 20 de novembro, Dia da Consci\u00eancia Negra, por Wal Serra e sua viv\u00eancia intitulada Wal Serra e suas encantarias, aberta a todo o p\u00fablico. Em seguida, \u00e0s 19 horas, o N\u00facleo Teatral Opereta far\u00e1 a estreia do espet\u00e1culo &#8216;Cidade sem Lendas&#8217;, contemplado com edital da Lei Paulo Gustavo de Po\u00e1. Ap\u00f3s a apresenta\u00e7\u00e3o, integrantes do grupo far\u00e3o um bate-papo relacionando o novo trabalho com os desafios do &#8216;Racismo Ambiental&#8217;.<\/p>\n\n\n\n<p>J\u00e1 no dia 21, a partir das 17 horas, o grupo oferecer\u00e1 uma &#8216;Oficina de Percuss\u00e3o&#8217; que marca o in\u00edcio dos preparativos para o segundo ano do Bloco da Lira El\u00e9trica para o Carnaval de 2026. Em seguida, \u00e0s 19 horas, a Cia. Teatro Roda Mundo apresentar\u00e1 &#8216;VidAruanA&#8217; que ter\u00e1 sua \u00faltima apresenta\u00e7\u00e3o dentro do projeto &#8216;Circulando Arte por Toda Parte&#8217; contemplado pela PNAB-Pol\u00edtica Nacional Aldir Blanc. O trabalho percorreu diversas cidades do estado de S\u00e3o Paulo levando o teatro poaense e divulgando o grupo que \u00e9 um dos mais antigos expoentes das artes c\u00eanicas da regi\u00e3o do Alto Tiet\u00ea.<\/p>\n\n\n\n<p>No terceiro e \u00faltimo dia, 22, o evento ter\u00e1 in\u00edcio \u00e0s 15h30&#8242; com a &#8216;Viv\u00eancia de Cacuri\u00e1&#8217; ministrada por Patty Nascimento, artista e artes\u00e3 que participou de diversos grupos e trabalhos no Alto Tiet\u00ea. \u00c0s 16h30&#8242;, Isabella Roque, artista de Santos, exibir\u00e1 o espet\u00e1culo de dan\u00e7a &#8216;Te Soa (Fr\u00e1gil?)&#8217; que conquistou o 3\u00ba lugar no 40\u00ba Festival de Dan\u00e7a de Joinville (2025), 1\u00ba lugar no Santos Dance Festival (2024) e 1\u00ba lugar no Pr\u00eamio Arte em Cena \u2013 Bravos (2024) que resultou em vaga para a final VKIBC, em Nova York. A partir das 17h30&#8242;, acontecer\u00e1 a roda de conversa com o tema &#8216;Negrismo e Negritude&#8217;, conduzida pelo professor e mestre Cl\u00e1udio Domingos Fernandes. \u00c0s 18h30, o p\u00fablico poder\u00e1 prestigiar a interven\u00e7\u00e3o &#8216;Pode me Enxergar Agora?&#8217;, do Coletivo Barbane. Para encerrar o festival teremos a participa\u00e7\u00e3o do Mano Rodolfo, expoente do RAP no munic\u00edpio e tamb\u00e9m uma sess\u00e3o de discotecagem com o melhor da m\u00fasica negra brasileira e internacional. Todas as atra\u00e7\u00f5es ter\u00e3o entrada gratuita e a classifica\u00e7\u00e3o et\u00e1ria \u00e9 livre para todas as idades e p\u00fablicos.<\/p>\n\n\n\n<p>SERVI\u00c7O<\/p>\n\n\n\n<p>3\u00ba Kizomba<\/p>\n\n\n\n<p>Data: de 20 a 22\/11<\/p>\n\n\n\n<p>Hor\u00e1rio: consulte programa\u00e7\u00e3o<\/p>\n\n\n\n<p>Local: Espa\u00e7o Cultural Opereta &#8211; Rua: Dr. Em\u00edlio Ribas, 168 &#8211; V. Sopreter &#8211; Po\u00e1 &#8211; SP<\/p>\n\n\n\n<p>Valor: Gr\u00e1tis<\/p>\n\n\n\n<p>Classifica\u00e7\u00e3o: Livre<\/p>\n\n\n\n<p>Informa\u00e7\u00f5es: (11) 99743-7970 ou 99318-8001<\/p>\n\n\n\n<figure class=\"wp-block-image size-large\"><img fetchpriority=\"high\" decoding=\"async\" width=\"682\" height=\"1024\" src=\"https:\/\/novosaopaulo.com.br\/n1\/wp-content\/uploads\/2025\/11\/WhatsApp-Image-2025-11-18-at-16.18.10-682x1024.jpeg\" alt=\"\" class=\"wp-image-26956\" srcset=\"https:\/\/novosaopaulo.com.br\/n1\/wp-content\/uploads\/2025\/11\/WhatsApp-Image-2025-11-18-at-16.18.10-682x1024.jpeg 682w, https:\/\/novosaopaulo.com.br\/n1\/wp-content\/uploads\/2025\/11\/WhatsApp-Image-2025-11-18-at-16.18.10-200x300.jpeg 200w, https:\/\/novosaopaulo.com.br\/n1\/wp-content\/uploads\/2025\/11\/WhatsApp-Image-2025-11-18-at-16.18.10-768x1153.jpeg 768w, https:\/\/novosaopaulo.com.br\/n1\/wp-content\/uploads\/2025\/11\/WhatsApp-Image-2025-11-18-at-16.18.10-1023x1536.jpeg 1023w, https:\/\/novosaopaulo.com.br\/n1\/wp-content\/uploads\/2025\/11\/WhatsApp-Image-2025-11-18-at-16.18.10-1024x1537.jpeg 1024w, https:\/\/novosaopaulo.com.br\/n1\/wp-content\/uploads\/2025\/11\/WhatsApp-Image-2025-11-18-at-16.18.10.jpeg 1066w\" sizes=\"(max-width: 682px) 100vw, 682px\" \/><\/figure>\n","protected":false},"excerpt":{"rendered":"<p>Kizomba 2025 chega a terceira edi\u00e7\u00e3o com diversas atividades sobre a consci\u00eancia negra O N\u00facleo&#8230;<\/p>\n","protected":false},"author":1,"featured_media":26957,"comment_status":"open","ping_status":"open","sticky":false,"template":"","format":"standard","meta":{"footnotes":""},"categories":[2],"tags":[],"featured_image_urls":{"full":["https:\/\/novosaopaulo.com.br\/n1\/wp-content\/uploads\/2025\/11\/WhatsApp-Image-2025-11-18-at-16.18.25.jpeg",1080,720,false],"thumbnail":["https:\/\/novosaopaulo.com.br\/n1\/wp-content\/uploads\/2025\/11\/WhatsApp-Image-2025-11-18-at-16.18.25-150x150.jpeg",150,150,true],"medium":["https:\/\/novosaopaulo.com.br\/n1\/wp-content\/uploads\/2025\/11\/WhatsApp-Image-2025-11-18-at-16.18.25-300x200.jpeg",300,200,true],"medium_large":["https:\/\/novosaopaulo.com.br\/n1\/wp-content\/uploads\/2025\/11\/WhatsApp-Image-2025-11-18-at-16.18.25-768x512.jpeg",640,427,true],"large":["https:\/\/novosaopaulo.com.br\/n1\/wp-content\/uploads\/2025\/11\/WhatsApp-Image-2025-11-18-at-16.18.25-1024x683.jpeg",640,427,true],"1536x1536":["https:\/\/novosaopaulo.com.br\/n1\/wp-content\/uploads\/2025\/11\/WhatsApp-Image-2025-11-18-at-16.18.25.jpeg",1080,720,false],"2048x2048":["https:\/\/novosaopaulo.com.br\/n1\/wp-content\/uploads\/2025\/11\/WhatsApp-Image-2025-11-18-at-16.18.25.jpeg",1080,720,false],"newsever-slider-full":["https:\/\/novosaopaulo.com.br\/n1\/wp-content\/uploads\/2025\/11\/WhatsApp-Image-2025-11-18-at-16.18.25.jpeg",1080,720,false],"newsever-featured":["https:\/\/novosaopaulo.com.br\/n1\/wp-content\/uploads\/2025\/11\/WhatsApp-Image-2025-11-18-at-16.18.25-1024x683.jpeg",1024,683,true],"newsever-medium":["https:\/\/novosaopaulo.com.br\/n1\/wp-content\/uploads\/2025\/11\/WhatsApp-Image-2025-11-18-at-16.18.25-720x475.jpeg",720,475,true]},"author_info":{"display_name":"Reda\u00e7\u00e3o","author_link":"https:\/\/novosaopaulo.com.br\/n1\/author\/g5poa\/"},"category_info":"<a href=\"https:\/\/novosaopaulo.com.br\/n1\/category\/cidades\/\" rel=\"category tag\">Cidades<\/a>","tag_info":"Cidades","comment_count":"0","_links":{"self":[{"href":"https:\/\/novosaopaulo.com.br\/n1\/wp-json\/wp\/v2\/posts\/26955"}],"collection":[{"href":"https:\/\/novosaopaulo.com.br\/n1\/wp-json\/wp\/v2\/posts"}],"about":[{"href":"https:\/\/novosaopaulo.com.br\/n1\/wp-json\/wp\/v2\/types\/post"}],"author":[{"embeddable":true,"href":"https:\/\/novosaopaulo.com.br\/n1\/wp-json\/wp\/v2\/users\/1"}],"replies":[{"embeddable":true,"href":"https:\/\/novosaopaulo.com.br\/n1\/wp-json\/wp\/v2\/comments?post=26955"}],"version-history":[{"count":1,"href":"https:\/\/novosaopaulo.com.br\/n1\/wp-json\/wp\/v2\/posts\/26955\/revisions"}],"predecessor-version":[{"id":26958,"href":"https:\/\/novosaopaulo.com.br\/n1\/wp-json\/wp\/v2\/posts\/26955\/revisions\/26958"}],"wp:featuredmedia":[{"embeddable":true,"href":"https:\/\/novosaopaulo.com.br\/n1\/wp-json\/wp\/v2\/media\/26957"}],"wp:attachment":[{"href":"https:\/\/novosaopaulo.com.br\/n1\/wp-json\/wp\/v2\/media?parent=26955"}],"wp:term":[{"taxonomy":"category","embeddable":true,"href":"https:\/\/novosaopaulo.com.br\/n1\/wp-json\/wp\/v2\/categories?post=26955"},{"taxonomy":"post_tag","embeddable":true,"href":"https:\/\/novosaopaulo.com.br\/n1\/wp-json\/wp\/v2\/tags?post=26955"}],"curies":[{"name":"wp","href":"https:\/\/api.w.org\/{rel}","templated":true}]}}