{"id":26950,"date":"2025-11-18T13:03:02","date_gmt":"2025-11-18T16:03:02","guid":{"rendered":"https:\/\/novosaopaulo.com.br\/n1\/?p=26950"},"modified":"2025-11-18T13:03:02","modified_gmt":"2025-11-18T16:03:02","slug":"brasil-eua-e-o-tarifaco","status":"publish","type":"post","link":"https:\/\/novosaopaulo.com.br\/n1\/brasil-eua-e-o-tarifaco\/","title":{"rendered":"Brasil, EUA e o tarifa\u00e7o"},"content":{"rendered":"\n<p>Erram os brasileiros que festejam as mudan\u00e7as no tarifa\u00e7o implementadas, na semana passada, pela Casa Branca. \u00c9 preciso considerar que eliminou-se apenas a tarifa de 10% colocada sobre as exporta\u00e7\u00f5es brasileiras aos EUA e que ainda permanecem ativos os 40% do tributo aplicado ao nosso pa\u00eds como castigo \u00e0 a\u00e7\u00e3o pol\u00edtica do Supremo Tribunal Federal contra o ex-presidente Jair Bolsonaro \u2013 que a corte condena a 27 anos de pris\u00e3o por conta da suposta tentativa de golpe de Estado, e a extrapola\u00e7\u00f5es de medidas judiciais brasileiras contra empresas e cidad\u00e3os brasileiros residentes nos Estados Unidos.<\/p>\n\n\n\n<pre class=\"wp-block-code\"><code>     Na pr\u00e1tica, as autoridades econ\u00f4micas de Whashington, levantaram o imposto \u201cpequeno\u201d , de 10% sobre caf\u00e9, carne bovina, frutas e outros produtos do agro, mantendo ativo o castigo de 40%. O quadro resultante poder\u00e1 ser prejudicial aos interesses brasileiros, na medida em que outros produtores chegar\u00e3o ao consumidor norte-americano com tarifas menores e, por consequ\u00eancia, com pre\u00e7os mais competitivos. Donald Trump consegue elevar tarifas e criar san\u00e7\u00f5es aos parceiros comerciais mundo afora valendo-se de sua condi\u00e7\u00e3o favor\u00e1vel de negocia\u00e7\u00e3o. Quem tem o dinheiro no bolso, dita as regras.\n\n     Desde o surgimento das diverg\u00eancias que nos levaram ao tarifa\u00e7o, n\u00e3o tem sido f\u00e1cil o relacionamento do nosso pa\u00eds com os EUA. Al\u00e9m das infra\u00e7\u00f5es que acionaram a Lei Magnitsky contra importantes autoridades brasileiras, temos presenciado o cr\u00f4nico desentendimento pol\u00edtico, institucional e ideol\u00f3gico entre os presidentes Lula e Trump. Dezenas de pa\u00edses j\u00e1 resolveram seus problemas tarif\u00e1rios com os EUA, mas o Brasil continua na estaca zero. Dias atr\u00e1s, Lula reuniu-se com Nicol\u00e1s Maduro e outros governantes de esquerda e n\u00e3o poupou cr\u00edticas a Trump, l aos EUA; em seguida tamb\u00e9m foi criticado por Trump. Mesmo assim h\u00e1 proposta de negocia\u00e7\u00e3o entre os dois pa\u00edses, mas elas n\u00e3o t\u00eam evolu\u00eddo, apesar de todo o empenho dos vice-presidente Geraldo Alckmin, do chanceler Mauro Vieira e do ministro da Fazenda, Fernando Haddad. Isso \u00e9 problem\u00e1tico e imp\u00f5e dificuldade aos produtores do agroneg\u00f3cio.\n\n     Todo governo \u2013 de Lula, de Trump ou de qualquer l\u00edder que seja, tem o direito de alinhar-se politicamernte com pa\u00edses e governantes que lhes sejam mais adequados. Mas nenhum deles passa imune \u00e0s posi\u00e7\u00f5es assumidas. Esperamos que Lula seja mais comedido e evite continuar entrando em pol\u00eamicas desnecess\u00e1rias. N\u00e3o h\u00e1 necessidade de defender os interesses de terceiros, principalmente quando estes tendem a prejudicar os nossos.\n\n     Que Alckmin, Vieira e Haddad consigam superar o mal-estar criado pelo chefe e o Brasil consiga avan\u00e7ar na quest\u00e3o do tarifa\u00e7o e, se poss\u00edvel, em outros contenciosos abertos com os EUA. N\u00e3o esquecer que aquele \u00e9 um dos maiores compradores do mundo. Que a desonera\u00e7\u00e3o dos 10% seja a prova de que o governo de Donald Trump n\u00e3o quer prejudicar o Brasil e os representantes dos dois governos consigam montar um acordo que possa tamb\u00e9m revogar os 40%. o dia que acontecer, os produtores brasileiros estar\u00e3o atendidos em suas reivindica\u00e7\u00f5es e os consumidores norte-americanos adquirindo os produtos a pre\u00e7os justos. Voltaremos, todos, a respirar normalidade...\n\n Tenente Dirceu Cardoso Gon\u00e7alves - dirigente da ASPOMIL (Associa\u00e7\u00e3o de Assist. Social dos Policiais Militares de S\u00e3o Paulo).<\/code><\/pre>\n","protected":false},"excerpt":{"rendered":"<p>Erram os brasileiros que festejam as mudan\u00e7as no tarifa\u00e7o implementadas, na semana passada, pela Casa&#8230;<\/p>\n","protected":false},"author":1,"featured_media":23327,"comment_status":"open","ping_status":"open","sticky":false,"template":"","format":"standard","meta":{"footnotes":""},"categories":[2],"tags":[],"featured_image_urls":{"full":["https:\/\/novosaopaulo.com.br\/n1\/wp-content\/uploads\/2025\/04\/Tenente-Dirceu-Cardoso-Goncalves.jpg",600,564,false],"thumbnail":["https:\/\/novosaopaulo.com.br\/n1\/wp-content\/uploads\/2025\/04\/Tenente-Dirceu-Cardoso-Goncalves-150x150.jpg",150,150,true],"medium":["https:\/\/novosaopaulo.com.br\/n1\/wp-content\/uploads\/2025\/04\/Tenente-Dirceu-Cardoso-Goncalves-300x282.jpg",300,282,true],"medium_large":["https:\/\/novosaopaulo.com.br\/n1\/wp-content\/uploads\/2025\/04\/Tenente-Dirceu-Cardoso-Goncalves.jpg",600,564,false],"large":["https:\/\/novosaopaulo.com.br\/n1\/wp-content\/uploads\/2025\/04\/Tenente-Dirceu-Cardoso-Goncalves.jpg",600,564,false],"1536x1536":["https:\/\/novosaopaulo.com.br\/n1\/wp-content\/uploads\/2025\/04\/Tenente-Dirceu-Cardoso-Goncalves.jpg",600,564,false],"2048x2048":["https:\/\/novosaopaulo.com.br\/n1\/wp-content\/uploads\/2025\/04\/Tenente-Dirceu-Cardoso-Goncalves.jpg",600,564,false],"newsever-slider-full":["https:\/\/novosaopaulo.com.br\/n1\/wp-content\/uploads\/2025\/04\/Tenente-Dirceu-Cardoso-Goncalves.jpg",600,564,false],"newsever-featured":["https:\/\/novosaopaulo.com.br\/n1\/wp-content\/uploads\/2025\/04\/Tenente-Dirceu-Cardoso-Goncalves.jpg",600,564,false],"newsever-medium":["https:\/\/novosaopaulo.com.br\/n1\/wp-content\/uploads\/2025\/04\/Tenente-Dirceu-Cardoso-Goncalves-600x475.jpg",600,475,true]},"author_info":{"display_name":"Reda\u00e7\u00e3o","author_link":"https:\/\/novosaopaulo.com.br\/n1\/author\/g5poa\/"},"category_info":"<a href=\"https:\/\/novosaopaulo.com.br\/n1\/category\/cidades\/\" rel=\"category tag\">Cidades<\/a>","tag_info":"Cidades","comment_count":"0","_links":{"self":[{"href":"https:\/\/novosaopaulo.com.br\/n1\/wp-json\/wp\/v2\/posts\/26950"}],"collection":[{"href":"https:\/\/novosaopaulo.com.br\/n1\/wp-json\/wp\/v2\/posts"}],"about":[{"href":"https:\/\/novosaopaulo.com.br\/n1\/wp-json\/wp\/v2\/types\/post"}],"author":[{"embeddable":true,"href":"https:\/\/novosaopaulo.com.br\/n1\/wp-json\/wp\/v2\/users\/1"}],"replies":[{"embeddable":true,"href":"https:\/\/novosaopaulo.com.br\/n1\/wp-json\/wp\/v2\/comments?post=26950"}],"version-history":[{"count":1,"href":"https:\/\/novosaopaulo.com.br\/n1\/wp-json\/wp\/v2\/posts\/26950\/revisions"}],"predecessor-version":[{"id":26951,"href":"https:\/\/novosaopaulo.com.br\/n1\/wp-json\/wp\/v2\/posts\/26950\/revisions\/26951"}],"wp:featuredmedia":[{"embeddable":true,"href":"https:\/\/novosaopaulo.com.br\/n1\/wp-json\/wp\/v2\/media\/23327"}],"wp:attachment":[{"href":"https:\/\/novosaopaulo.com.br\/n1\/wp-json\/wp\/v2\/media?parent=26950"}],"wp:term":[{"taxonomy":"category","embeddable":true,"href":"https:\/\/novosaopaulo.com.br\/n1\/wp-json\/wp\/v2\/categories?post=26950"},{"taxonomy":"post_tag","embeddable":true,"href":"https:\/\/novosaopaulo.com.br\/n1\/wp-json\/wp\/v2\/tags?post=26950"}],"curies":[{"name":"wp","href":"https:\/\/api.w.org\/{rel}","templated":true}]}}