{"id":26941,"date":"2025-11-17T13:04:16","date_gmt":"2025-11-17T16:04:16","guid":{"rendered":"https:\/\/novosaopaulo.com.br\/n1\/?p=26941"},"modified":"2025-11-17T13:04:16","modified_gmt":"2025-11-17T16:04:16","slug":"poa-vive-dia-historico-de-fe-e-uniao-na-marcha-para-jesus-2025","status":"publish","type":"post","link":"https:\/\/novosaopaulo.com.br\/n1\/poa-vive-dia-historico-de-fe-e-uniao-na-marcha-para-jesus-2025\/","title":{"rendered":"Po\u00e1 vive dia hist\u00f3rico de f\u00e9 e uni\u00e3o na Marcha para Jesus 2025"},"content":{"rendered":"\n<p>Celebra\u00e7\u00e3o reuniu milhares de pessoas, autoridades religiosas e pol\u00edticas; caminhada saiu da Pra\u00e7a da B\u00edblia e terminou com shows na Pra\u00e7a de Eventos<\/p>\n\n\n\n<p>Po\u00e1 viveu, neste s\u00e1bado (15), um dos momentos de maior mobiliza\u00e7\u00e3o religiosa do ano. A Marcha para Jesus 2025 reuniu milhares de fi\u00e9is em um evento marcado por m\u00fasica, celebra\u00e7\u00e3o e demonstra\u00e7\u00f5es p\u00fablicas de f\u00e9 de igrejas de diferentes denomina\u00e7\u00f5es. A atividade contou com a participa\u00e7\u00e3o do prefeito Saulo Souza, da primeira-dama Flavia Souza, do ap\u00f3stolo Estevam Hernandes \u2014 presidente da Marcha no Brasil \u2014, de lideran\u00e7as religiosas e de autoridades pol\u00edticas, entre elas o deputado estadual Dr. Eduardo N\u00f3brega e vereadores da cidade.<\/p>\n\n\n\n<p>A concentra\u00e7\u00e3o come\u00e7ou no in\u00edcio da tarde na Pra\u00e7a da B\u00edblia, de onde o grupo seguiu em caminhada at\u00e9 a Pra\u00e7a de Eventos Luc\u00edlia Gomes Felippe. Durante o trajeto, duas paradas marcaram momentos simb\u00f3licos. A primeira ocorreu em frente ao Centro de Sa\u00fade da Mulher Poaense. Ali, o bispo Ricardo Lima, um dos organizadores da Marcha, destacou a import\u00e2ncia dos servi\u00e7os prestados no local e conduziu uma ora\u00e7\u00e3o dedicada \u00e0 sa\u00fade das mulheres do munic\u00edpio.<\/p>\n\n\n\n<p>A segunda parada foi realizada nas proximidades da Delegacia de Policia e da \u00e1rea onde ser\u00e1 instalado o futuro quartel do Corpo de Bombeiros de Po\u00e1. O ato foi apresentado como gesto de agradecimento por mais uma conquista institucional para o munic\u00edpio e intercess\u00e3o pelas for\u00e7as de seguran\u00e7a.<\/p>\n\n\n\n<p>Ao participar da Marcha, o prefeito Saulo Souza recordou que, h\u00e1 um ano, realizou no mesmo local um culto de a\u00e7\u00e3o de gra\u00e7as ap\u00f3s sua elei\u00e7\u00e3o. Segundo ele, o gesto simbolizou o compromisso de conduzir a administra\u00e7\u00e3o municipal baseado em princ\u00edpios crist\u00e3os.<\/p>\n\n\n\n<p>\u201cPo\u00e1 pertence ao Senhor Jesus e celebramos aqui os avan\u00e7os conquistados nos \u00faltimos 12 meses, mesmo diante das dificuldades. Agrade\u00e7o \u00e0 popula\u00e7\u00e3o e aos vereadores presentes. Essa Marcha para Jesus representa a unidade do povo crist\u00e3o, independentemente de denomina\u00e7\u00e3o, conclamando a cidade a viver um tempo de mudan\u00e7a, cura e restaura\u00e7\u00e3o\u201d, afirmou o prefeito, destacando sua trajet\u00f3ria de origem humilde e a import\u00e2ncia da f\u00e9 em sua vida p\u00fablica.<\/p>\n\n\n\n<p>O ap\u00f3stolo Estevam Hernandes refor\u00e7ou o papel da Marcha para Jesus como manifesta\u00e7\u00e3o p\u00fablica de f\u00e9 e ressaltou a expans\u00e3o do evento em diferentes cidades brasileiras. Para ele, a celebra\u00e7\u00e3o em Po\u00e1 demonstra o fortalecimento do movimento crist\u00e3o no pa\u00eds.<\/p>\n\n\n\n<p>O deputado estadual Dr. Eduardo N\u00f3brega avaliou a Marcha como ato de \u201ccar\u00e1ter espiritual e prof\u00e9tico\u201d e afirmou que se coloca \u00e0 disposi\u00e7\u00e3o do munic\u00edpio para apoiar iniciativas que fortale\u00e7am a cidade.<\/p>\n\n\n\n<p>Shows e apresenta\u00e7\u00f5es musicais<\/p>\n\n\n\n<p>A chegada dos participantes \u00e0 Pra\u00e7a de Eventos Luc\u00edlia Gomes Felippe marcou o in\u00edcio da programa\u00e7\u00e3o musical. O p\u00fablico acompanhou apresenta\u00e7\u00f5es de artistas e grupos ligados ao cen\u00e1rio gospel nacional e local.<\/p>\n\n\n\n<p>O Renascer Praise, tradicional grupo de m\u00fasica crist\u00e3, foi um dos destaques e conduziu momentos de intensa adora\u00e7\u00e3o, com can\u00e7\u00f5es que marcaram gera\u00e7\u00f5es. Tamb\u00e9m se apresentaram Nair Nany, Samuel Eleot\u00e9rio \u2014 que animou a plateia com repert\u00f3rio conhecido entre os fi\u00e9is \u2014, Nicoli Francini e Marcelo Gon\u00e7alves. Grupos formados por integrantes de igrejas evang\u00e9licas de Po\u00e1 tamb\u00e9m subiram ao palco, refor\u00e7ando o car\u00e1ter comunit\u00e1rio do evento.<\/p>\n\n\n\n<p>Segundo organizadores, a edi\u00e7\u00e3o deste ano consolidou a Marcha para Jesus como uma das principais celebra\u00e7\u00f5es religiosas da cidade. A avalia\u00e7\u00e3o \u00e9 de que o evento refor\u00e7ou o esp\u00edrito de uni\u00e3o entre as igrejas e reuniu diferentes gera\u00e7\u00f5es em um mesmo ato p\u00fablico de f\u00e9.<\/p>\n","protected":false},"excerpt":{"rendered":"<p>Celebra\u00e7\u00e3o reuniu milhares de pessoas, autoridades religiosas e pol\u00edticas; caminhada saiu da Pra\u00e7a da B\u00edblia&#8230;<\/p>\n","protected":false},"author":1,"featured_media":26942,"comment_status":"open","ping_status":"open","sticky":false,"template":"","format":"standard","meta":{"footnotes":""},"categories":[8],"tags":[],"featured_image_urls":{"full":["https:\/\/novosaopaulo.com.br\/n1\/wp-content\/uploads\/2025\/11\/WhatsApp-Image-2025-11-17-at-10.04.32.jpeg",448,299,false],"thumbnail":["https:\/\/novosaopaulo.com.br\/n1\/wp-content\/uploads\/2025\/11\/WhatsApp-Image-2025-11-17-at-10.04.32-150x150.jpeg",150,150,true],"medium":["https:\/\/novosaopaulo.com.br\/n1\/wp-content\/uploads\/2025\/11\/WhatsApp-Image-2025-11-17-at-10.04.32-300x200.jpeg",300,200,true],"medium_large":["https:\/\/novosaopaulo.com.br\/n1\/wp-content\/uploads\/2025\/11\/WhatsApp-Image-2025-11-17-at-10.04.32.jpeg",448,299,false],"large":["https:\/\/novosaopaulo.com.br\/n1\/wp-content\/uploads\/2025\/11\/WhatsApp-Image-2025-11-17-at-10.04.32.jpeg",448,299,false],"1536x1536":["https:\/\/novosaopaulo.com.br\/n1\/wp-content\/uploads\/2025\/11\/WhatsApp-Image-2025-11-17-at-10.04.32.jpeg",448,299,false],"2048x2048":["https:\/\/novosaopaulo.com.br\/n1\/wp-content\/uploads\/2025\/11\/WhatsApp-Image-2025-11-17-at-10.04.32.jpeg",448,299,false],"newsever-slider-full":["https:\/\/novosaopaulo.com.br\/n1\/wp-content\/uploads\/2025\/11\/WhatsApp-Image-2025-11-17-at-10.04.32.jpeg",448,299,false],"newsever-featured":["https:\/\/novosaopaulo.com.br\/n1\/wp-content\/uploads\/2025\/11\/WhatsApp-Image-2025-11-17-at-10.04.32.jpeg",448,299,false],"newsever-medium":["https:\/\/novosaopaulo.com.br\/n1\/wp-content\/uploads\/2025\/11\/WhatsApp-Image-2025-11-17-at-10.04.32.jpeg",448,299,false]},"author_info":{"display_name":"Reda\u00e7\u00e3o","author_link":"https:\/\/novosaopaulo.com.br\/n1\/author\/g5poa\/"},"category_info":"<a href=\"https:\/\/novosaopaulo.com.br\/n1\/category\/poa\/\" rel=\"category tag\">Po\u00e1<\/a>","tag_info":"Po\u00e1","comment_count":"0","_links":{"self":[{"href":"https:\/\/novosaopaulo.com.br\/n1\/wp-json\/wp\/v2\/posts\/26941"}],"collection":[{"href":"https:\/\/novosaopaulo.com.br\/n1\/wp-json\/wp\/v2\/posts"}],"about":[{"href":"https:\/\/novosaopaulo.com.br\/n1\/wp-json\/wp\/v2\/types\/post"}],"author":[{"embeddable":true,"href":"https:\/\/novosaopaulo.com.br\/n1\/wp-json\/wp\/v2\/users\/1"}],"replies":[{"embeddable":true,"href":"https:\/\/novosaopaulo.com.br\/n1\/wp-json\/wp\/v2\/comments?post=26941"}],"version-history":[{"count":1,"href":"https:\/\/novosaopaulo.com.br\/n1\/wp-json\/wp\/v2\/posts\/26941\/revisions"}],"predecessor-version":[{"id":26943,"href":"https:\/\/novosaopaulo.com.br\/n1\/wp-json\/wp\/v2\/posts\/26941\/revisions\/26943"}],"wp:featuredmedia":[{"embeddable":true,"href":"https:\/\/novosaopaulo.com.br\/n1\/wp-json\/wp\/v2\/media\/26942"}],"wp:attachment":[{"href":"https:\/\/novosaopaulo.com.br\/n1\/wp-json\/wp\/v2\/media?parent=26941"}],"wp:term":[{"taxonomy":"category","embeddable":true,"href":"https:\/\/novosaopaulo.com.br\/n1\/wp-json\/wp\/v2\/categories?post=26941"},{"taxonomy":"post_tag","embeddable":true,"href":"https:\/\/novosaopaulo.com.br\/n1\/wp-json\/wp\/v2\/tags?post=26941"}],"curies":[{"name":"wp","href":"https:\/\/api.w.org\/{rel}","templated":true}]}}