{"id":26935,"date":"2025-11-15T14:59:18","date_gmt":"2025-11-15T17:59:18","guid":{"rendered":"https:\/\/novosaopaulo.com.br\/n1\/?p=26935"},"modified":"2025-11-15T14:59:19","modified_gmt":"2025-11-15T17:59:19","slug":"jornalista-joacles-costa-questiona-o-brasil-ainda-se-lembra-do-15-de-novembro","status":"publish","type":"post","link":"https:\/\/novosaopaulo.com.br\/n1\/jornalista-joacles-costa-questiona-o-brasil-ainda-se-lembra-do-15-de-novembro\/","title":{"rendered":"Jornalista Joacles Costa questiona: O Brasil ainda se lembra do 15 de novembro?"},"content":{"rendered":"\n<p>Neste 15 de novembro de 2025, que coincide com um s\u00e1bado, o Brasil celebra mais uma vez a Proclama\u00e7\u00e3o da Rep\u00fablica. Para muitos, trata-se apenas de um feriado prolongado, mas para o escritor e jornalista Joacles Costa, a data \u00e9 um marco que merece ser resgatado em sua verdadeira dimens\u00e3o hist\u00f3rica e simb\u00f3lica.<\/p>\n\n\n\n<p>O escritor lembra que, em 1889, o pa\u00eds rompeu com a monarquia e deu in\u00edcio a um novo ciclo pol\u00edtico, liderado pelo marechal Deodoro da Fonseca. \u201cN\u00e3o foi apenas uma mudan\u00e7a de regime. Foi o in\u00edcio de uma nova forma de pensar o Brasil, de construir uma na\u00e7\u00e3o que buscava se reinventar\u201d, afirma. Ele reconhece que, ao longo dos anos, o sentido da data foi se diluindo na mem\u00f3ria coletiva, mas v\u00ea nisso n\u00e3o um motivo de desalento, e sim uma oportunidade de reflex\u00e3o.<\/p>\n\n\n\n<p>Segundo o escritor, o 15 de novembro deve ser encarado como um convite \u00e0 cidadania. \u201cCada vez que celebramos esta data, temos a chance de revisitar nossa hist\u00f3ria e compreender que a Rep\u00fablica nasceu de crises, de disputas e de transforma\u00e7\u00f5es profundas. \u00c9 justamente por isso que ela nos ensina tanto: porque nos mostra que o Brasil \u00e9 capaz de se reinventar\u201d, destaca.<\/p>\n\n\n\n<p>O esquecimento n\u00e3o precisa ser visto como um vazio, mas como um chamado \u00e0 a\u00e7\u00e3o. \u201cSe muitos j\u00e1 n\u00e3o se lembram do motivo do feriado, cabe a n\u00f3s, como sociedade, dar novo significado a ele.<\/p>\n\n\n\n<p>O 15 de novembro pode ser um dia de descanso, sim, mas tamb\u00e9m de consci\u00eancia, de valoriza\u00e7\u00e3o da democracia e de respeito \u00e0 nossa trajet\u00f3ria.\u201d<br>Desde 1890, a data foi oficializada como feriado nacional e reafirmada por diferentes legisla\u00e7\u00f5es ao longo do tempo.<\/p>\n\n\n\n<p>Para Joacles Costa, essa perman\u00eancia no calend\u00e1rio \u00e9 prova de que o pa\u00eds reconhece a import\u00e2ncia do epis\u00f3dio. \u201cN\u00e3o se trata de um feriado qualquer. \u00c9 o dia em que o Brasil mudou de rumo. \u00c9 o dia em que aprendemos que regimes podem ruir quando n\u00e3o dialogam com a sociedade. E \u00e9 tamb\u00e9m o dia em que reafirmamos nossa capacidade de construir juntos um futuro melhor.\u201d<br>Assim, sob o olhar otimista do escritor e jornalista, o 15 de novembro n\u00e3o \u00e9 apenas uma lembran\u00e7a do passado, mas uma oportunidade de fortalecer o presente e inspirar o futuro.<\/p>\n\n\n\n<p>Um marco que, mais do que repousar na mem\u00f3ria, deve pulsar como s\u00edmbolo de esperan\u00e7a e de compromisso com a democracia brasileira.<\/p>\n","protected":false},"excerpt":{"rendered":"<p>Neste 15 de novembro de 2025, que coincide com um s\u00e1bado, o Brasil celebra mais&#8230;<\/p>\n","protected":false},"author":1,"featured_media":26936,"comment_status":"open","ping_status":"open","sticky":false,"template":"","format":"standard","meta":{"footnotes":""},"categories":[38],"tags":[],"featured_image_urls":{"full":["https:\/\/novosaopaulo.com.br\/n1\/wp-content\/uploads\/2025\/11\/WhatsApp-Image-2025-11-15-at-14.28.30.jpeg",1414,899,false],"thumbnail":["https:\/\/novosaopaulo.com.br\/n1\/wp-content\/uploads\/2025\/11\/WhatsApp-Image-2025-11-15-at-14.28.30-150x150.jpeg",150,150,true],"medium":["https:\/\/novosaopaulo.com.br\/n1\/wp-content\/uploads\/2025\/11\/WhatsApp-Image-2025-11-15-at-14.28.30-300x191.jpeg",300,191,true],"medium_large":["https:\/\/novosaopaulo.com.br\/n1\/wp-content\/uploads\/2025\/11\/WhatsApp-Image-2025-11-15-at-14.28.30-768x488.jpeg",640,407,true],"large":["https:\/\/novosaopaulo.com.br\/n1\/wp-content\/uploads\/2025\/11\/WhatsApp-Image-2025-11-15-at-14.28.30-1024x651.jpeg",640,407,true],"1536x1536":["https:\/\/novosaopaulo.com.br\/n1\/wp-content\/uploads\/2025\/11\/WhatsApp-Image-2025-11-15-at-14.28.30.jpeg",1414,899,false],"2048x2048":["https:\/\/novosaopaulo.com.br\/n1\/wp-content\/uploads\/2025\/11\/WhatsApp-Image-2025-11-15-at-14.28.30.jpeg",1414,899,false],"newsever-slider-full":["https:\/\/novosaopaulo.com.br\/n1\/wp-content\/uploads\/2025\/11\/WhatsApp-Image-2025-11-15-at-14.28.30-1280x845.jpeg",1280,845,true],"newsever-featured":["https:\/\/novosaopaulo.com.br\/n1\/wp-content\/uploads\/2025\/11\/WhatsApp-Image-2025-11-15-at-14.28.30-1024x651.jpeg",1024,651,true],"newsever-medium":["https:\/\/novosaopaulo.com.br\/n1\/wp-content\/uploads\/2025\/11\/WhatsApp-Image-2025-11-15-at-14.28.30-720x475.jpeg",720,475,true]},"author_info":{"display_name":"Reda\u00e7\u00e3o","author_link":"https:\/\/novosaopaulo.com.br\/n1\/author\/g5poa\/"},"category_info":"<a href=\"https:\/\/novosaopaulo.com.br\/n1\/category\/joao-costa\/\" rel=\"category tag\">Jo\u00e3o Costa<\/a>","tag_info":"Jo\u00e3o Costa","comment_count":"0","_links":{"self":[{"href":"https:\/\/novosaopaulo.com.br\/n1\/wp-json\/wp\/v2\/posts\/26935"}],"collection":[{"href":"https:\/\/novosaopaulo.com.br\/n1\/wp-json\/wp\/v2\/posts"}],"about":[{"href":"https:\/\/novosaopaulo.com.br\/n1\/wp-json\/wp\/v2\/types\/post"}],"author":[{"embeddable":true,"href":"https:\/\/novosaopaulo.com.br\/n1\/wp-json\/wp\/v2\/users\/1"}],"replies":[{"embeddable":true,"href":"https:\/\/novosaopaulo.com.br\/n1\/wp-json\/wp\/v2\/comments?post=26935"}],"version-history":[{"count":1,"href":"https:\/\/novosaopaulo.com.br\/n1\/wp-json\/wp\/v2\/posts\/26935\/revisions"}],"predecessor-version":[{"id":26937,"href":"https:\/\/novosaopaulo.com.br\/n1\/wp-json\/wp\/v2\/posts\/26935\/revisions\/26937"}],"wp:featuredmedia":[{"embeddable":true,"href":"https:\/\/novosaopaulo.com.br\/n1\/wp-json\/wp\/v2\/media\/26936"}],"wp:attachment":[{"href":"https:\/\/novosaopaulo.com.br\/n1\/wp-json\/wp\/v2\/media?parent=26935"}],"wp:term":[{"taxonomy":"category","embeddable":true,"href":"https:\/\/novosaopaulo.com.br\/n1\/wp-json\/wp\/v2\/categories?post=26935"},{"taxonomy":"post_tag","embeddable":true,"href":"https:\/\/novosaopaulo.com.br\/n1\/wp-json\/wp\/v2\/tags?post=26935"}],"curies":[{"name":"wp","href":"https:\/\/api.w.org\/{rel}","templated":true}]}}