{"id":26910,"date":"2025-11-14T12:27:19","date_gmt":"2025-11-14T15:27:19","guid":{"rendered":"https:\/\/novosaopaulo.com.br\/n1\/?p=26910"},"modified":"2025-11-14T12:27:19","modified_gmt":"2025-11-14T15:27:19","slug":"evento-reune-especialistas-de-diferentes-areas-para-impulsionar-empreendedoras-e-empresas-no-tatuape","status":"publish","type":"post","link":"https:\/\/novosaopaulo.com.br\/n1\/evento-reune-especialistas-de-diferentes-areas-para-impulsionar-empreendedoras-e-empresas-no-tatuape\/","title":{"rendered":"Evento re\u00fane especialistas de diferentes \u00e1reas para impulsionar empreendedoras e empresas no Tatuap\u00e9"},"content":{"rendered":"\n<p>No pr\u00f3ximo dia 29 de novembro, das 9h \u00e0s 18h, acontece em S\u00e3o Paulo o Conex\u00e3o 3D \u2013 Neg\u00f3cios em Movimento, uma imers\u00e3o voltada para empreendedoras, profissionais liberais e l\u00edderes de neg\u00f3cios que buscam crescimento estrat\u00e9gico, diferencia\u00e7\u00e3o de marca e desenvolvimento pessoal. O encontro ser\u00e1 realizado no Largo Nossa Senhora do Bom Parto, 60, no cora\u00e7\u00e3o do Tatuap\u00e9, a poucos minutos do metr\u00f4.<\/p>\n\n\n\n<p>Mais do que um evento, o Conex\u00e3o 3D se prop\u00f5e a oferecer uma experi\u00eancia completa, reunindo conte\u00fado de alto n\u00edvel, networking qualificado e pr\u00e1ticas que unem estrat\u00e9gia, prop\u00f3sito e performance. A programa\u00e7\u00e3o inclui workshops tem\u00e1ticos, rodada de neg\u00f3cios com pitch de vendas e momentos de intera\u00e7\u00e3o, al\u00e9m de brindes, sorteios e surpresas especiais ao longo do dia.<\/p>\n\n\n\n<p>Especialistas convidados<\/p>\n\n\n\n<p>O evento contar\u00e1 com nomes de refer\u00eancia em suas \u00e1reas:<\/p>\n\n\n\n<ul>\n<li>Luciana Fontes \u2013 Estrategista Digital e especialista em posicionamento de mercado. Atua no desenvolvimento de marcas fortes, diferencia\u00e7\u00e3o competitiva e uso das redes sociais como ferramenta estrat\u00e9gica para vendas e expans\u00e3o de neg\u00f3cios.<\/li>\n\n\n\n<li>Dra. B\u00e1rbara Gon\u00e7alves \u2013 Terapeuta especializada em alta performance, gest\u00e3o do autoconhecimento e desenvolvimento humano. Traz ferramentas pr\u00e1ticas para crescimento com prop\u00f3sito, bem-estar e performance sustent\u00e1vel.<\/li>\n\n\n\n<li>Jackson Santos \u2013 Empres\u00e1rio com ampla experi\u00eancia em fideliza\u00e7\u00e3o de clientes e vendas online. Ensina como construir uma carteira s\u00f3lida de clientes e transformar experi\u00eancia em lealdade e recorr\u00eancia.<\/li>\n\n\n\n<li>Dani Silveira \u2013 Consultora de Moda e Estilo. Aborda como a constru\u00e7\u00e3o de imagem impacta presen\u00e7a, comunica\u00e7\u00e3o e confian\u00e7a, refor\u00e7ando que estilo \u00e9 sobre autenticidade e express\u00e3o pessoal.<\/li>\n\n\n\n<li>Aline Rosa \u2013 CEO da Pink Eventos e especialista em gest\u00e3o, prop\u00f3sito e constru\u00e7\u00e3o de marcas humanas. Compartilha insights sobre como criar neg\u00f3cios s\u00f3lidos sem abrir m\u00e3o da autenticidade.<\/li>\n<\/ul>\n\n\n\n<p>Proposta do evento<\/p>\n\n\n\n<p>O Conex\u00e3o 3D \u2013 Neg\u00f3cios em Movimento nasce com o prop\u00f3sito de integrar tr\u00eas pilares essenciais para o sucesso contempor\u00e2neo:<br>Digital | Desenvolvimento | Diferencia\u00e7\u00e3o.<\/p>\n\n\n\n<p>A proposta \u00e9 oferecer uma jornada de transforma\u00e7\u00e3o, unindo estrat\u00e9gia mercadol\u00f3gica, fortalecimento de marca, autoconhecimento e pr\u00e1ticas aplic\u00e1veis ao dia a dia das participantes.<\/p>\n\n\n\n<p>Ingressos<\/p>\n\n\n\n<p>Os ingressos est\u00e3o dispon\u00edveis nas modalidades Individual, Dupla, Trio e Grupo de 10, com condi\u00e7\u00f5es especiais para compras coletivas. As inscri\u00e7\u00f5es podem ser feitas pela p\u00e1gina oficial do evento no Sympla:<\/p>\n\n\n\n<figure class=\"wp-block-embed\"><div class=\"wp-block-embed__wrapper\">\nhttps:\/\/www.sympla.com.br\/evento\/conexao-3d-negocios-em-movimento\/3012830\n<\/div><\/figure>\n\n\n\n<p>Servi\u00e7o<\/p>\n\n\n\n<p>Conex\u00e3o 3D \u2013 Neg\u00f3cios em Movimento<br>\ud83d\udcc5 29 de novembro<br>\u23f0 9h \u00e0s 18h<br>\ud83d\udccd Largo Nossa Senhora do Bom Parto, 60 \u2013 Tatuap\u00e9 (pr\u00f3ximo ao metr\u00f4 Tatuap\u00e9).<\/p>\n","protected":false},"excerpt":{"rendered":"<p>No pr\u00f3ximo dia 29 de novembro, das 9h \u00e0s 18h, acontece em S\u00e3o Paulo o&#8230;<\/p>\n","protected":false},"author":1,"featured_media":26911,"comment_status":"open","ping_status":"open","sticky":false,"template":"","format":"standard","meta":{"footnotes":""},"categories":[2],"tags":[],"featured_image_urls":{"full":["https:\/\/novosaopaulo.com.br\/n1\/wp-content\/uploads\/2025\/11\/download.jpg",599,337,false],"thumbnail":["https:\/\/novosaopaulo.com.br\/n1\/wp-content\/uploads\/2025\/11\/download-150x150.jpg",150,150,true],"medium":["https:\/\/novosaopaulo.com.br\/n1\/wp-content\/uploads\/2025\/11\/download-300x169.jpg",300,169,true],"medium_large":["https:\/\/novosaopaulo.com.br\/n1\/wp-content\/uploads\/2025\/11\/download.jpg",599,337,false],"large":["https:\/\/novosaopaulo.com.br\/n1\/wp-content\/uploads\/2025\/11\/download.jpg",599,337,false],"1536x1536":["https:\/\/novosaopaulo.com.br\/n1\/wp-content\/uploads\/2025\/11\/download.jpg",599,337,false],"2048x2048":["https:\/\/novosaopaulo.com.br\/n1\/wp-content\/uploads\/2025\/11\/download.jpg",599,337,false],"newsever-slider-full":["https:\/\/novosaopaulo.com.br\/n1\/wp-content\/uploads\/2025\/11\/download.jpg",599,337,false],"newsever-featured":["https:\/\/novosaopaulo.com.br\/n1\/wp-content\/uploads\/2025\/11\/download.jpg",599,337,false],"newsever-medium":["https:\/\/novosaopaulo.com.br\/n1\/wp-content\/uploads\/2025\/11\/download.jpg",599,337,false]},"author_info":{"display_name":"Reda\u00e7\u00e3o","author_link":"https:\/\/novosaopaulo.com.br\/n1\/author\/g5poa\/"},"category_info":"<a href=\"https:\/\/novosaopaulo.com.br\/n1\/category\/cidades\/\" rel=\"category tag\">Cidades<\/a>","tag_info":"Cidades","comment_count":"0","_links":{"self":[{"href":"https:\/\/novosaopaulo.com.br\/n1\/wp-json\/wp\/v2\/posts\/26910"}],"collection":[{"href":"https:\/\/novosaopaulo.com.br\/n1\/wp-json\/wp\/v2\/posts"}],"about":[{"href":"https:\/\/novosaopaulo.com.br\/n1\/wp-json\/wp\/v2\/types\/post"}],"author":[{"embeddable":true,"href":"https:\/\/novosaopaulo.com.br\/n1\/wp-json\/wp\/v2\/users\/1"}],"replies":[{"embeddable":true,"href":"https:\/\/novosaopaulo.com.br\/n1\/wp-json\/wp\/v2\/comments?post=26910"}],"version-history":[{"count":1,"href":"https:\/\/novosaopaulo.com.br\/n1\/wp-json\/wp\/v2\/posts\/26910\/revisions"}],"predecessor-version":[{"id":26912,"href":"https:\/\/novosaopaulo.com.br\/n1\/wp-json\/wp\/v2\/posts\/26910\/revisions\/26912"}],"wp:featuredmedia":[{"embeddable":true,"href":"https:\/\/novosaopaulo.com.br\/n1\/wp-json\/wp\/v2\/media\/26911"}],"wp:attachment":[{"href":"https:\/\/novosaopaulo.com.br\/n1\/wp-json\/wp\/v2\/media?parent=26910"}],"wp:term":[{"taxonomy":"category","embeddable":true,"href":"https:\/\/novosaopaulo.com.br\/n1\/wp-json\/wp\/v2\/categories?post=26910"},{"taxonomy":"post_tag","embeddable":true,"href":"https:\/\/novosaopaulo.com.br\/n1\/wp-json\/wp\/v2\/tags?post=26910"}],"curies":[{"name":"wp","href":"https:\/\/api.w.org\/{rel}","templated":true}]}}