{"id":26907,"date":"2025-11-14T12:24:36","date_gmt":"2025-11-14T15:24:36","guid":{"rendered":"https:\/\/novosaopaulo.com.br\/n1\/?p=26907"},"modified":"2025-11-14T12:24:36","modified_gmt":"2025-11-14T15:24:36","slug":"em-forum-que-reune-juizes-e-desembargadores-de-todo-o-brasil-mariana-ferrer-cobra-aprovacao-do-estatuto-da-vitima","status":"publish","type":"post","link":"https:\/\/novosaopaulo.com.br\/n1\/em-forum-que-reune-juizes-e-desembargadores-de-todo-o-brasil-mariana-ferrer-cobra-aprovacao-do-estatuto-da-vitima\/","title":{"rendered":"Em F\u00f3rum que re\u00fane ju\u00edzes e desembargadores de todo o Brasil, Mariana Ferrer cobra aprova\u00e7\u00e3o do Estatuto da V\u00edtima"},"content":{"rendered":"\n<p>Assessora jur\u00eddica da Presid\u00eancia do Supremo Tribunal Militar (STM) e embaixadora do Instituto Pr\u00f3-V\u00edtima participa do 17\u00ba Fonavid, em S\u00e3o Lu\u00eds-MA, para sensibilizar autoridades e juristas sobre a necessidade de legisla\u00e7\u00e3o que garanta indeniza\u00e7\u00e3o e amparo a v\u00edtimas de crimes, de acidentes, de calamidades e de epidemias<\/p>\n\n\n\n<p>Durante o 17\u00ba F\u00f3rum Nacional de Ju\u00edzas e Ju\u00edzes de Viol\u00eancia Dom\u00e9stica e Familiar contra a Mulher (Fonavid), Mariana Ferrer, embaixadora do Instituto Brasileiro de Aten\u00e7\u00e3o e Prote\u00e7\u00e3o Integral a V\u00edtimas (Pr\u00f3-V\u00edtima), fez um apelo sobre a necessidade de aprova\u00e7\u00e3o do Estatuto da V\u00edtima no Brasil. O evento acontece desde ter\u00e7a-feira (11\/11), em S\u00e3o Lu\u00eds-MA, no Teatro \u201cArthur Azevedo\u201d, e chega ao fim amanh\u00e3 (14\/11).<\/p>\n\n\n\n<p>V\u00edtima de viol\u00eancia sexual, em 2018, em Santa Catarina, Mariana ainda aguarda uma resposta do Estado pelo crime. Atualmente, o processo criminal (estupro de vulner\u00e1vel) tramita no Supremo Tribunal Federal (STF) em fase de julgamento de repercuss\u00e3o geral. O Agravo em Recurso Extraordin\u00e1rio (ARE) j\u00e1 conta com pedido de ingresso de mais de 18 \u00f3rg\u00e3os e institui\u00e7\u00f5es, na qualidade de amicus curiae. Entre os interessados, est\u00e1 o Pr\u00f3-V\u00edtima.<\/p>\n\n\n\n<p>Logo ap\u00f3s a palestra magna da ministra do STF e presidente do Tribunal Superior Eleitoral (TSE), C\u00e1rmen L\u00facia, Mariana, dentro do painel \u201cVozes que Transformam\u201d, sensibilizou o p\u00fablico presente no Fonavid sobre o Estatuto da V\u00edtima. O Projeto de Lei (PL) 3.890\/2020 foi aprovado h\u00e1 quase um ano na C\u00e2mara dos Deputados, em Bras\u00edlia-DF, e ainda aguarda parecer final do Senado Federal, antes de seguir para san\u00e7\u00e3o da Presid\u00eancia da Rep\u00fablica.<\/p>\n\n\n\n<p>Ao lado de Luiza Brunet, atriz, empres\u00e1ria e tamb\u00e9m refer\u00eancia no combate \u00e0 viol\u00eancia de g\u00eanero, e da presidente do Pr\u00f3-V\u00edtima, a promotora de Justi\u00e7a (MP-SP) Celeste Leite dos Santos, Mariana usou o pr\u00f3prio caso para defender a institui\u00e7\u00e3o no Brasil de um Estatuto que proteja v\u00edtimas de calamidades, de acidentes, de crimes e de epidemias. A modelo, inclusive, exp\u00f4s as graves viola\u00e7\u00f5es de direitos que diz ter sofrido por parte do Sistema de Justi\u00e7a Criminal Brasileiro:<\/p>\n\n\n\n<p>\u201c\u00c9 preciso que o Brasil concentre aten\u00e7\u00f5es \u00e0 tramita\u00e7\u00e3o no Senado (Federal) do Estatuto da V\u00edtima. \u00c9 necess\u00e1rio incentivar o Pa\u00eds a exercitar a humaniza\u00e7\u00e3o no acolhimento processual e extraprocessual das v\u00edtimas, estabelecendo protocolos de atendimento nas searas da Seguran\u00e7a P\u00fablica, da Sa\u00fade, da Assist\u00eancia Social e do Poder Judici\u00e1rio, tal qual acontece em outras na\u00e7\u00f5es. Meu apelo \u00e9 para que outras mulheres n\u00e3o sofram o que eu sofri ao longo do meu processo. O Estatuto da V\u00edtima \u00e9 importante ponto de partida\u201d, desabafou a ex-influenciadora, que \u00e9 formada em Secretariado Jur\u00eddico e graduanda em Direito, na Faculdade Presbiteriana Mackenzie.<\/p>\n\n\n\n<p>\u201cEstupro Culposo\u201d<br>Mariana d\u00e1 nome \u00e0 lei 14.245\/2021, que protege v\u00edtimas de crimes sexuais e testemunhas, coibindo atos de press\u00e3o psicol\u00f3gica e de humilha\u00e7\u00e3o durante a\u00e7\u00f5es legais.<\/p>\n\n\n\n<p>Durante o julgamento do r\u00e9u &#8211; identificado por autoridade policial como o respons\u00e1vel pelo estupro &#8211; a hoje embaixadora do Pr\u00f3-V\u00edtima foi ofendida em sua dignidade humana e revitimizada.<\/p>\n\n\n\n<p>Segundo den\u00fancia oferecida pelo MP \u00e0 \u00e9poca do cometimento do crime, \u201ca ex-influencer foi dopada por um desconhecido e, inconsciente, foi violentada, perdendo sua virgindade, durante ato cometido sem seu consentimento\u201d.<\/p>\n","protected":false},"excerpt":{"rendered":"<p>Assessora jur\u00eddica da Presid\u00eancia do Supremo Tribunal Militar (STM) e embaixadora do Instituto Pr\u00f3-V\u00edtima participa&#8230;<\/p>\n","protected":false},"author":1,"featured_media":26908,"comment_status":"open","ping_status":"open","sticky":false,"template":"","format":"standard","meta":{"footnotes":""},"categories":[2],"tags":[],"featured_image_urls":{"full":["https:\/\/novosaopaulo.com.br\/n1\/wp-content\/uploads\/2025\/11\/WhatsApp-Image-2025-11-14-at-10.05.33.jpeg",1075,941,false],"thumbnail":["https:\/\/novosaopaulo.com.br\/n1\/wp-content\/uploads\/2025\/11\/WhatsApp-Image-2025-11-14-at-10.05.33-150x150.jpeg",150,150,true],"medium":["https:\/\/novosaopaulo.com.br\/n1\/wp-content\/uploads\/2025\/11\/WhatsApp-Image-2025-11-14-at-10.05.33-300x263.jpeg",300,263,true],"medium_large":["https:\/\/novosaopaulo.com.br\/n1\/wp-content\/uploads\/2025\/11\/WhatsApp-Image-2025-11-14-at-10.05.33-768x672.jpeg",640,560,true],"large":["https:\/\/novosaopaulo.com.br\/n1\/wp-content\/uploads\/2025\/11\/WhatsApp-Image-2025-11-14-at-10.05.33-1024x896.jpeg",640,560,true],"1536x1536":["https:\/\/novosaopaulo.com.br\/n1\/wp-content\/uploads\/2025\/11\/WhatsApp-Image-2025-11-14-at-10.05.33.jpeg",1075,941,false],"2048x2048":["https:\/\/novosaopaulo.com.br\/n1\/wp-content\/uploads\/2025\/11\/WhatsApp-Image-2025-11-14-at-10.05.33.jpeg",1075,941,false],"newsever-slider-full":["https:\/\/novosaopaulo.com.br\/n1\/wp-content\/uploads\/2025\/11\/WhatsApp-Image-2025-11-14-at-10.05.33-1075x845.jpeg",1075,845,true],"newsever-featured":["https:\/\/novosaopaulo.com.br\/n1\/wp-content\/uploads\/2025\/11\/WhatsApp-Image-2025-11-14-at-10.05.33-1024x896.jpeg",1024,896,true],"newsever-medium":["https:\/\/novosaopaulo.com.br\/n1\/wp-content\/uploads\/2025\/11\/WhatsApp-Image-2025-11-14-at-10.05.33-720x475.jpeg",720,475,true]},"author_info":{"display_name":"Reda\u00e7\u00e3o","author_link":"https:\/\/novosaopaulo.com.br\/n1\/author\/g5poa\/"},"category_info":"<a href=\"https:\/\/novosaopaulo.com.br\/n1\/category\/cidades\/\" rel=\"category tag\">Cidades<\/a>","tag_info":"Cidades","comment_count":"0","_links":{"self":[{"href":"https:\/\/novosaopaulo.com.br\/n1\/wp-json\/wp\/v2\/posts\/26907"}],"collection":[{"href":"https:\/\/novosaopaulo.com.br\/n1\/wp-json\/wp\/v2\/posts"}],"about":[{"href":"https:\/\/novosaopaulo.com.br\/n1\/wp-json\/wp\/v2\/types\/post"}],"author":[{"embeddable":true,"href":"https:\/\/novosaopaulo.com.br\/n1\/wp-json\/wp\/v2\/users\/1"}],"replies":[{"embeddable":true,"href":"https:\/\/novosaopaulo.com.br\/n1\/wp-json\/wp\/v2\/comments?post=26907"}],"version-history":[{"count":1,"href":"https:\/\/novosaopaulo.com.br\/n1\/wp-json\/wp\/v2\/posts\/26907\/revisions"}],"predecessor-version":[{"id":26909,"href":"https:\/\/novosaopaulo.com.br\/n1\/wp-json\/wp\/v2\/posts\/26907\/revisions\/26909"}],"wp:featuredmedia":[{"embeddable":true,"href":"https:\/\/novosaopaulo.com.br\/n1\/wp-json\/wp\/v2\/media\/26908"}],"wp:attachment":[{"href":"https:\/\/novosaopaulo.com.br\/n1\/wp-json\/wp\/v2\/media?parent=26907"}],"wp:term":[{"taxonomy":"category","embeddable":true,"href":"https:\/\/novosaopaulo.com.br\/n1\/wp-json\/wp\/v2\/categories?post=26907"},{"taxonomy":"post_tag","embeddable":true,"href":"https:\/\/novosaopaulo.com.br\/n1\/wp-json\/wp\/v2\/tags?post=26907"}],"curies":[{"name":"wp","href":"https:\/\/api.w.org\/{rel}","templated":true}]}}