{"id":26894,"date":"2025-11-13T17:38:54","date_gmt":"2025-11-13T20:38:54","guid":{"rendered":"https:\/\/novosaopaulo.com.br\/n1\/?p=26894"},"modified":"2025-11-13T17:38:55","modified_gmt":"2025-11-13T20:38:55","slug":"felipe-ferrari-lancam-o-album-completo-um-novo-de-nose-celebram-nova-fase-da-carreira","status":"publish","type":"post","link":"https:\/\/novosaopaulo.com.br\/n1\/felipe-ferrari-lancam-o-album-completo-um-novo-de-nose-celebram-nova-fase-da-carreira\/","title":{"rendered":"Felipe &#038; Ferrari lan\u00e7am o \u00e1lbum completo Um Novo de N\u00f3se celebram nova fase da carreira"},"content":{"rendered":"\n<p>Projeto com 11 faixas que consolida o amadurecimento art\u00edstico da dupla chega \u00e0s<br>plataformas de \u00e1udio nesta sexta-feira (14)<\/p>\n\n\n\n<p>Depois de meses de expectativa e lan\u00e7amentos que conquistaram o p\u00fablico, Felipe &amp;<br>Ferrari apresentam o \u00e1lbum completo Um Novo de N\u00f3s, dispon\u00edvel em todas as<br>plataformas digitais a partir da meia-noite desta sexta-feira (14). O projeto marca uma<br>das fases mais importantes da trajet\u00f3ria da dupla, reunindo 11 faixas que traduzem emo\u00e7\u00e3o,<br>identidade e a ess\u00eancia do sertanejo contempor\u00e2neo.<br>A produ\u00e7\u00e3o musical leva a assinatura de Dudu Oliveira, nome respeitado do g\u00eanero por<br>trabalhos com artistas como Z\u00e9 Neto &amp; Cristiano e Mari Fernandez. Gravado em Goi\u00e2nia, o<br>projeto conta ainda com a participa\u00e7\u00e3o especial do grupo Traia V\u00e9ia em \u201cDa \u00c1gua Pra<br>Nada\u201d, refor\u00e7ando o di\u00e1logo entre diferentes estilos e gera\u00e7\u00f5es dentro do g\u00eanero.<br>Com faixas que j\u00e1 se tornaram queridinhas dos f\u00e3s \u2014 como \u201cProvavelmente\u201d e \u201cChorei no<br>Mudo\u201d \u2014 o \u00e1lbum completa seu ciclo com duas m\u00fasicas in\u00e9ditas: \u201cMal Apaixonado\u201d e<br>\u201cRaiva Cega\u201d. Ambas trazem o equil\u00edbrio perfeito entre romantismo, intensidade e o toque<br>de irrever\u00eancia caracter\u00edstico da dupla.<br>Entre refr\u00f5es marcantes e letras sinceras, Um Novo de N\u00f3s traduz a ess\u00eancia da sofr\u00eancia<br>moderna, com hist\u00f3rias reais e sentimentos que o p\u00fablico reconhece na pr\u00f3pria vida.<br>\u201cEsse \u00e1lbum \u00e9 a realiza\u00e7\u00e3o de um sonho. \u2018Um Novo de N\u00f3s\u2019 representa exatamente o que<br>estamos vivendo: uma fase de amadurecimento, de novas sonoridades e de uma entrega<br>ainda mais verdadeira. \u00c9 um trabalho feito com o cora\u00e7\u00e3o, para o p\u00fablico que sempre<br>esteve com a gente\u201d, afirma Felipe.<br>\u201cFoi um projeto de muito cuidado e entrega. Tivemos a chance de trabalhar com grandes<br>compositores e colocamos toda a nossa verdade e emo\u00e7\u00e3o em cada m\u00fasica. Acreditamos<br>que o p\u00fablico vai sentir essa energia e entender o quanto esse \u00e1lbum representa pra gente\u201d,<br>completa Ferrari.<br>O lan\u00e7amento do \u00e1lbum completo vem acompanhado da estreia do DVD Um Novo de N\u00f3s<br>na \u00edntegra no YouTube, tamb\u00e9m dispon\u00edvel a partir das 11h desta sexta-feira (14). O p\u00fablico<br>poder\u00e1 assistir a todas as faixas com a mesma intensidade e emo\u00e7\u00e3o registradas ao vivo<br>em Goi\u00e2nia, em um audiovisual que refor\u00e7a a est\u00e9tica moderna e a entrega art\u00edstica de<br>Felipe &amp; Ferrari.<br>Felipe &amp; Ferrari \u2013 Um Novo de N\u00f3s (\u00e1lbum completo)<br>14\/11 \u2013 00h: lan\u00e7amento do \u00e1lbum completo em todas as plataformas de \u00e1udio<br>14\/11 \u2013 11h: estreia do DVD Um Novo de N\u00f3s na \u00edntegra no YouTube<br>Sobre Felipe &amp; Ferrari<br>Com mais de uma d\u00e9cada de carreira, Felipe &amp; Ferrari s\u00e3o reconhecidos pela<br>autenticidade e pela for\u00e7a de suas composi\u00e7\u00f5es autorais. A dupla se destacou<br>nacionalmente com sucessos como \u201cA Carta de Larissa\u201d e \u201cA Menina de Fone\u201d, al\u00e9m de<br>projetos marcantes como o audiovisual No Fervo em Cuiab\u00e1 (2022). Atualmente, acumulam<br>mais de 18 milh\u00f5es de visualiza\u00e7\u00f5es no YouTube e 440 mil ouvintes mensais no<br>Spotify, n\u00fameros que refletem a s\u00f3lida conex\u00e3o com o p\u00fablico e o crescimento constante<br>da dupla nas plataformas digitais. Agora, com Um Novo de N\u00f3s, Felipe &amp; Ferrari reafirmam<br>sua maturidade musical e mostram que est\u00e3o prontos para escrever um novo cap\u00edtulo na<br>hist\u00f3ria do sertanejo.<\/p>\n","protected":false},"excerpt":{"rendered":"<p>Projeto com 11 faixas que consolida o amadurecimento art\u00edstico da dupla chega \u00e0splataformas de \u00e1udio&#8230;<\/p>\n","protected":false},"author":1,"featured_media":26895,"comment_status":"open","ping_status":"open","sticky":false,"template":"","format":"standard","meta":{"footnotes":""},"categories":[2],"tags":[],"featured_image_urls":{"full":["https:\/\/novosaopaulo.com.br\/n1\/wp-content\/uploads\/2025\/11\/IMG_1817.jpeg",1200,630,false],"thumbnail":["https:\/\/novosaopaulo.com.br\/n1\/wp-content\/uploads\/2025\/11\/IMG_1817-150x150.jpeg",150,150,true],"medium":["https:\/\/novosaopaulo.com.br\/n1\/wp-content\/uploads\/2025\/11\/IMG_1817-300x158.jpeg",300,158,true],"medium_large":["https:\/\/novosaopaulo.com.br\/n1\/wp-content\/uploads\/2025\/11\/IMG_1817-768x403.jpeg",640,336,true],"large":["https:\/\/novosaopaulo.com.br\/n1\/wp-content\/uploads\/2025\/11\/IMG_1817-1024x538.jpeg",640,336,true],"1536x1536":["https:\/\/novosaopaulo.com.br\/n1\/wp-content\/uploads\/2025\/11\/IMG_1817.jpeg",1200,630,false],"2048x2048":["https:\/\/novosaopaulo.com.br\/n1\/wp-content\/uploads\/2025\/11\/IMG_1817.jpeg",1200,630,false],"newsever-slider-full":["https:\/\/novosaopaulo.com.br\/n1\/wp-content\/uploads\/2025\/11\/IMG_1817.jpeg",1200,630,false],"newsever-featured":["https:\/\/novosaopaulo.com.br\/n1\/wp-content\/uploads\/2025\/11\/IMG_1817-1024x538.jpeg",1024,538,true],"newsever-medium":["https:\/\/novosaopaulo.com.br\/n1\/wp-content\/uploads\/2025\/11\/IMG_1817-720x475.jpeg",720,475,true]},"author_info":{"display_name":"Reda\u00e7\u00e3o","author_link":"https:\/\/novosaopaulo.com.br\/n1\/author\/g5poa\/"},"category_info":"<a href=\"https:\/\/novosaopaulo.com.br\/n1\/category\/cidades\/\" rel=\"category tag\">Cidades<\/a>","tag_info":"Cidades","comment_count":"0","_links":{"self":[{"href":"https:\/\/novosaopaulo.com.br\/n1\/wp-json\/wp\/v2\/posts\/26894"}],"collection":[{"href":"https:\/\/novosaopaulo.com.br\/n1\/wp-json\/wp\/v2\/posts"}],"about":[{"href":"https:\/\/novosaopaulo.com.br\/n1\/wp-json\/wp\/v2\/types\/post"}],"author":[{"embeddable":true,"href":"https:\/\/novosaopaulo.com.br\/n1\/wp-json\/wp\/v2\/users\/1"}],"replies":[{"embeddable":true,"href":"https:\/\/novosaopaulo.com.br\/n1\/wp-json\/wp\/v2\/comments?post=26894"}],"version-history":[{"count":1,"href":"https:\/\/novosaopaulo.com.br\/n1\/wp-json\/wp\/v2\/posts\/26894\/revisions"}],"predecessor-version":[{"id":26896,"href":"https:\/\/novosaopaulo.com.br\/n1\/wp-json\/wp\/v2\/posts\/26894\/revisions\/26896"}],"wp:featuredmedia":[{"embeddable":true,"href":"https:\/\/novosaopaulo.com.br\/n1\/wp-json\/wp\/v2\/media\/26895"}],"wp:attachment":[{"href":"https:\/\/novosaopaulo.com.br\/n1\/wp-json\/wp\/v2\/media?parent=26894"}],"wp:term":[{"taxonomy":"category","embeddable":true,"href":"https:\/\/novosaopaulo.com.br\/n1\/wp-json\/wp\/v2\/categories?post=26894"},{"taxonomy":"post_tag","embeddable":true,"href":"https:\/\/novosaopaulo.com.br\/n1\/wp-json\/wp\/v2\/tags?post=26894"}],"curies":[{"name":"wp","href":"https:\/\/api.w.org\/{rel}","templated":true}]}}