{"id":26869,"date":"2025-11-12T18:38:16","date_gmt":"2025-11-12T21:38:16","guid":{"rendered":"https:\/\/novosaopaulo.com.br\/n1\/?p=26869"},"modified":"2025-11-12T18:38:17","modified_gmt":"2025-11-12T21:38:17","slug":"o-brasil-sonhado-na-redemocratizacao","status":"publish","type":"post","link":"https:\/\/novosaopaulo.com.br\/n1\/o-brasil-sonhado-na-redemocratizacao\/","title":{"rendered":"O Brasil sonhado na redemocratiza\u00e7\u00e3o"},"content":{"rendered":"\n<p>Em 1985. quando os militares de 1964 devolveram o poder aos civis \u2013 muitos deles vindos do ex\u00edlio ou das pris\u00f5es pol\u00edticas \u2013 o Pa\u00eds mergulhou num momento de esperan\u00e7a. A Na\u00e7\u00e3o nutria a ideia de melhores dias e de paz, algo at\u00e9 ent\u00e3o escasso, principalmente aos que se opuseram ao per\u00edodo de exce\u00e7\u00e3o. Dizia-se aos quatro ventos que viver\u00edamos numa p\u00e1tria humana e solid\u00e1ria, diferente em ess\u00eancia, do que a das duas d\u00e9cadas anteriores.<\/p>\n\n\n\n<pre class=\"wp-block-code\"><code>     Com os pol\u00edticos que voltaram a atuar vieram as id\u00e9ias por eles recolhidas em suas andan\u00e7as por todos os quadrantes do planeta. Para come\u00e7ar a grande mudan\u00e7a, o presidente Jos\u00e9 Sarney convocou a Assembleia Nacional Constituinte com a tarefa de levar um novo e moderno pa\u00eds \u00e0s gera\u00e7\u00f5es seguintes. A Constitui\u00e7\u00e3o foi promulgada em 5  de outubro de 1988 e permanece em vigor at\u00e9 hoje, apesar das queixas de desrespeito a parte do seu texto.\n\n\n\n     O novo Estado brasileiro, surgido sob o estandarte de Nova Rep\u00fablica, rejeitou o legado dos militares e teve a liberdade como mote principal. Mas n\u00e3o conseguiu consolidar a paz e a tranquilidade sonhada no advento da redemocratiza\u00e7\u00e3o. O primeiro presidente eleito ap\u00f3s o per\u00edodo em que os governantes eram escolhidos nos quart\u00e9is e referendados pelo Col\u00e9gio Eleitoral, Fernando Collor de Mello, foi afastado por impeachment em 1992 e teve o mandato conclu\u00eddo pelo vice Itamar Franco. Depois veio o ex-exilado Fernando Henrique Cardoso, que conseguiu incluir na legisla\u00e7\u00e3o a reelei\u00e7\u00e3o para cargos executivos e governou por dois mandatos sucessivos. Ap\u00f3s FHC, elegeu-se Lula, o sindicalista que desde o regime militar buscava eleger-se e fez parte da Constituinte de 1988, Dilma Rousseff, apoiada por Lula, foi sua sucessora, mas o impeachment a derrubou no meio do segundo mandato. Seu vice, Michel Temer terminou o mandato, mas abriu m\u00e3o do direito de reelei\u00e7\u00e3o. Jair Bolsonaro governou o primeiro mandato e perdeu na tentativa de reelei\u00e7\u00e3o. Lula, que purgou 580 dias de pris\u00e3o ap\u00f3s sair do segundo mandato, foi liberto e concorreu \u00e0 elei\u00e7\u00e3o de 2022. Desde janeiro de 2023, cumpre o seu terceiro mandato presidencial e luta para viabilizar-se no pleito de 2026.\n\n\n\n     A radicaliza\u00e7\u00e3o das diferentes correntes colocou a pol\u00edtica brasileira no  insensato clima de polariza\u00e7\u00e3o. A maioria dos pol\u00edticos trabalha para destruir o advers\u00e1rio quando, o melhor seria apenas tentar demonstrar ser melhor do que ele e, com isso, merecer o voto do eleitor. A temperatura na \u00e1rea \u00e9 elevad\u00edssima e, sem qualquer d\u00favida, prejudica a Na\u00e7\u00e3o.\n\n\n\n     Durante os anos que a radicaliza\u00e7\u00e3o cresceu, os pol\u00edticos passaram a acusar-se mutuamente a judicializar suas desaven\u00e7as. Provocado, o Poder Judici\u00e1rio tornou-se proativo na \u00e1rea e hoje sofre a acusa\u00e7\u00e3o de imiscuir-se indevidamente em assuntos de compet\u00eancia tanto do Executivo quanto do Legislativo (Senado e C\u00e2mara dos Deputados).\n\n\n\n     A pris\u00e3o de Lula foi algo discut\u00edvel \u2013 tanto que ele foi libertado e reabilitado eleitoralmente. Da mesma forma, a pris\u00e3o domiciliar j\u00e1 consumada e a senten\u00e7a contra Jair Bolsonaro, acusado de tentar golpe de Estado em 2023, carece de fundamentos. E muitas outras pris\u00f5es e medidas coercitivas contra detentores de mandato s\u00e3o discut\u00edveis. O Pa\u00eds precisa recuperar os ideais de 1985 e anos seguintes.<\/code><\/pre>\n\n\n\n<p>E tratar melhor os seus agentes p\u00fablicos. N\u00e3o perdoar seus erros, mas evitar atropel\u00e1-los a ponto de serem tratados como p\u00e1rias e depois ter de libert\u00e1-los por falta de provas ou qualquer outra anormalidade. \u00c9 dif\u00edcil raciocinar sobre ocpositivo e o negativo em d\u00e9cadas.<\/p>\n\n\n\n<pre class=\"wp-block-code\"><code>     Queremos o Pa\u00eds acalentado pelos reformis5tas no fim do regime militar. Como elemento de reflex\u00e3o, vale lembrar que das quatro d\u00e9cadas p\u00f3s governos militares (1985-2025), o Pa\u00eds foi governado pela direita (Bolsonaro) por  apenas quatro anos; o resto foi de governos de matiz socialista. S\u00f3 o PT, de Lula e Dilma esteve no poder por 19 anos. Basta verificar se melhoramos ou pioramos para, com isso, concluir quem acertou e quem eventualmente errou...<\/code><\/pre>\n\n\n\n<p>Tenente e Dirceu Cardoso Gon\u00e7alves &#8211; dirigente da ASPOMIL (Associa\u00e7\u00e3o de Assist. Social dos Policiais Militares de S\u00e3o Paulo).<\/p>\n","protected":false},"excerpt":{"rendered":"<p>Em 1985. quando os militares de 1964 devolveram o poder aos civis \u2013 muitos deles&#8230;<\/p>\n","protected":false},"author":1,"featured_media":23327,"comment_status":"open","ping_status":"open","sticky":false,"template":"","format":"standard","meta":{"footnotes":""},"categories":[2],"tags":[],"featured_image_urls":{"full":["https:\/\/novosaopaulo.com.br\/n1\/wp-content\/uploads\/2025\/04\/Tenente-Dirceu-Cardoso-Goncalves.jpg",600,564,false],"thumbnail":["https:\/\/novosaopaulo.com.br\/n1\/wp-content\/uploads\/2025\/04\/Tenente-Dirceu-Cardoso-Goncalves-150x150.jpg",150,150,true],"medium":["https:\/\/novosaopaulo.com.br\/n1\/wp-content\/uploads\/2025\/04\/Tenente-Dirceu-Cardoso-Goncalves-300x282.jpg",300,282,true],"medium_large":["https:\/\/novosaopaulo.com.br\/n1\/wp-content\/uploads\/2025\/04\/Tenente-Dirceu-Cardoso-Goncalves.jpg",600,564,false],"large":["https:\/\/novosaopaulo.com.br\/n1\/wp-content\/uploads\/2025\/04\/Tenente-Dirceu-Cardoso-Goncalves.jpg",600,564,false],"1536x1536":["https:\/\/novosaopaulo.com.br\/n1\/wp-content\/uploads\/2025\/04\/Tenente-Dirceu-Cardoso-Goncalves.jpg",600,564,false],"2048x2048":["https:\/\/novosaopaulo.com.br\/n1\/wp-content\/uploads\/2025\/04\/Tenente-Dirceu-Cardoso-Goncalves.jpg",600,564,false],"newsever-slider-full":["https:\/\/novosaopaulo.com.br\/n1\/wp-content\/uploads\/2025\/04\/Tenente-Dirceu-Cardoso-Goncalves.jpg",600,564,false],"newsever-featured":["https:\/\/novosaopaulo.com.br\/n1\/wp-content\/uploads\/2025\/04\/Tenente-Dirceu-Cardoso-Goncalves.jpg",600,564,false],"newsever-medium":["https:\/\/novosaopaulo.com.br\/n1\/wp-content\/uploads\/2025\/04\/Tenente-Dirceu-Cardoso-Goncalves-600x475.jpg",600,475,true]},"author_info":{"display_name":"Reda\u00e7\u00e3o","author_link":"https:\/\/novosaopaulo.com.br\/n1\/author\/g5poa\/"},"category_info":"<a href=\"https:\/\/novosaopaulo.com.br\/n1\/category\/cidades\/\" rel=\"category tag\">Cidades<\/a>","tag_info":"Cidades","comment_count":"0","_links":{"self":[{"href":"https:\/\/novosaopaulo.com.br\/n1\/wp-json\/wp\/v2\/posts\/26869"}],"collection":[{"href":"https:\/\/novosaopaulo.com.br\/n1\/wp-json\/wp\/v2\/posts"}],"about":[{"href":"https:\/\/novosaopaulo.com.br\/n1\/wp-json\/wp\/v2\/types\/post"}],"author":[{"embeddable":true,"href":"https:\/\/novosaopaulo.com.br\/n1\/wp-json\/wp\/v2\/users\/1"}],"replies":[{"embeddable":true,"href":"https:\/\/novosaopaulo.com.br\/n1\/wp-json\/wp\/v2\/comments?post=26869"}],"version-history":[{"count":1,"href":"https:\/\/novosaopaulo.com.br\/n1\/wp-json\/wp\/v2\/posts\/26869\/revisions"}],"predecessor-version":[{"id":26870,"href":"https:\/\/novosaopaulo.com.br\/n1\/wp-json\/wp\/v2\/posts\/26869\/revisions\/26870"}],"wp:featuredmedia":[{"embeddable":true,"href":"https:\/\/novosaopaulo.com.br\/n1\/wp-json\/wp\/v2\/media\/23327"}],"wp:attachment":[{"href":"https:\/\/novosaopaulo.com.br\/n1\/wp-json\/wp\/v2\/media?parent=26869"}],"wp:term":[{"taxonomy":"category","embeddable":true,"href":"https:\/\/novosaopaulo.com.br\/n1\/wp-json\/wp\/v2\/categories?post=26869"},{"taxonomy":"post_tag","embeddable":true,"href":"https:\/\/novosaopaulo.com.br\/n1\/wp-json\/wp\/v2\/tags?post=26869"}],"curies":[{"name":"wp","href":"https:\/\/api.w.org\/{rel}","templated":true}]}}