{"id":26860,"date":"2025-11-11T12:59:26","date_gmt":"2025-11-11T15:59:26","guid":{"rendered":"https:\/\/novosaopaulo.com.br\/n1\/?p=26860"},"modified":"2025-11-11T12:59:26","modified_gmt":"2025-11-11T15:59:26","slug":"em-semana-de-grammy-latino-bruna-viola-relembra-a-conquista-que-marcou-sua-trajetoria","status":"publish","type":"post","link":"https:\/\/novosaopaulo.com.br\/n1\/em-semana-de-grammy-latino-bruna-viola-relembra-a-conquista-que-marcou-sua-trajetoria\/","title":{"rendered":"Em semana de Grammy Latino, Bruna Viola relembra a conquista que marcou sua trajet\u00f3ria"},"content":{"rendered":"\n<p>Premiada na 18\u00aa edi\u00e7\u00e3o do Grammy Latino com o \u00e1lbum \u201cMelodias do Sert\u00e3o\u201d, a artista fala sobre o orgulho de ter levado a m\u00fasica sertaneja raiz aos grandes palcos e reflete sobre o caminho percorrido at\u00e9 aqui<\/p>\n\n\n\n<p>\u00c0s v\u00e9speras de mais uma edi\u00e7\u00e3o do Grammy Latino, Bruna Viola revisita uma das mem\u00f3rias mais especiais de sua carreira: o momento em que subiu ao palco para representar o Brasil e a m\u00fasica sertaneja raiz, ao vencer a 18\u00aa edi\u00e7\u00e3o da premia\u00e7\u00e3o na categoria Melhor \u00c1lbum de M\u00fasica de Ra\u00edzes Brasileiras, com o projeto \u201cMelodias do Sert\u00e3o\u201d, gravado ao vivo no Villa Country, em S\u00e3o Paulo.O pr\u00eamio simboliza o reconhecimento de um g\u00eanero que carrega a ess\u00eancia do pa\u00eds. \u201cGanhar o Grammy foi uma das maiores alegrias da minha vida. \u00c9 o reconhecimento de um trabalho feito com muito amor e respeito \u00e0 m\u00fasica caipira. \u00c9 uma vit\u00f3ria de todos que acreditam e lutam pela cultura sertaneja\u201d, relembra a artista.<br>Natural de Cuiab\u00e1 (MT), Bruna cresceu ouvindo modas de viola e aprendeu a tocar ainda menina. Com o tempo, transformou essa paix\u00e3o em profiss\u00e3o e construiu uma trajet\u00f3ria marcada pela autenticidade, pelo talento e pela representatividade feminina em um espa\u00e7o historicamente dominado por homens.O \u00e1lbum \u201cMelodias do Sert\u00e3o\u201d uniu tradi\u00e7\u00e3o e modernidade, com arranjos que exaltam o som da viola e letras que retratam o interior do Brasil. A vit\u00f3ria no Grammy Latino consolidou Bruna como uma das principais vozes da nova gera\u00e7\u00e3o da m\u00fasica de raiz, abrindo portas para novas artistas e levando a viola a palcos e p\u00fablicos cada vez maiores.\u201cOlhar pra tr\u00e1s e lembrar daquele momento me enche de orgulho. \u00c9 a prova de que a m\u00fasica de raiz tem for\u00e7a, tem p\u00fablico e merece estar em todos os espa\u00e7os\u201d, reflete Bruna.Com o Grammy na bagagem e uma trajet\u00f3ria que inspira novas gera\u00e7\u00f5es, Bruna Viola reafirma seu papel como uma das principais representantes da m\u00fasica sertaneja raiz, mostrando que tradi\u00e7\u00e3o, talento e representatividade podem e devem ocupar os grandes palcos do mundo.Sobre Bruna ViolaA paix\u00e3o pela m\u00fasica sertaneja raiz cresceu junto com Bruna Viola, que aos 10 anos ganhou a sua primeira viola e logo j\u00e1 participava de encontro de violeiros. Completando 21 anos de carreira em 2025, a cantora vem se consolidando como um dos grandes nomes da m\u00fasica sertaneja.Ganhadora da 18\u00aa edi\u00e7\u00e3o do Grammy Latino com o \u00e1lbum Melodias do Sert\u00e3o, gravado no Villa Country, ela levou o pr\u00eamio na categoria Melhor \u00c1lbum de M\u00fasica de Ra\u00edzes Brasileiras. Em 2022, al\u00e9m dos projetos musicais, Bruna estreou como protagonista nas telonas com o filme Sistema Bruto, uma com\u00e9dia de a\u00e7\u00e3o do cinema nacional.Bruna Viola percorre o Brasil com seu show, levando no repert\u00f3rio grandes sucessos como \u201cBen\u00e7a\u201d e \u201cDe Cuiab\u00e1 pro Brasil\u201d, parceria com Jo\u00e3o Carreiro, m\u00fasicas que j\u00e1 se consolidaram como destaque em sua carreira e ca\u00edram no gosto do p\u00fablico. Al\u00e9m deles, est\u00e3o entre os seus principais sucessos \u201cSe voc\u00ea voltar\u201d, com a participa\u00e7\u00e3o de C\u00e9sar Menotti e Fabiano, \u201cVoc\u00ea n\u00e3o sabe\u201d, que integrou a trilha sonora da novela das 9 da TV Globo O Outro Lado do Para\u00edso, \u201cQuem \u00e9 que n\u00e3o gosta\u201d, um feat com Bruno e Barreto, \u201cT\u00f4 fazendo falta\u201d e \u201cModa da pinga (Marvada pinga)\u201d, regrava\u00e7\u00e3o da can\u00e7\u00e3o de Inezita Barroso, grande inspira\u00e7\u00e3o para a artista. Tamb\u00e9m se destacam \u201cAmor simpr\u00e3o\u201d, em parceria com Paula Fernandes, e \u201cVida\u201d, lan\u00e7ada em 2024 com participa\u00e7\u00e3o de Chit\u00e3ozinho e Xoror\u00f3.Em 2025, Bruna lan\u00e7ou o projeto audiovisual Bruna Viola Improv\u00e1vel, reafirmando sua capacidade de se reinventar sem perder a ess\u00eancia. Gravado em sua ch\u00e1cara em S\u00e3o Jos\u00e9 do Rio Preto, o trabalho traz uma est\u00e9tica que une o r\u00fastico ao contempor\u00e2neo e conta com oito faixas, entre elas as in\u00e9ditas \u201cApostei Minha Camionete\u201d e \u201cS\u00f3 a Viola que Chora\u201d, que traduzem a autenticidade da artista<\/p>\n\n\n\n<p><\/p>\n","protected":false},"excerpt":{"rendered":"<p>Premiada na 18\u00aa edi\u00e7\u00e3o do Grammy Latino com o \u00e1lbum \u201cMelodias do Sert\u00e3o\u201d, a artista&#8230;<\/p>\n","protected":false},"author":1,"featured_media":26861,"comment_status":"open","ping_status":"open","sticky":false,"template":"","format":"standard","meta":{"footnotes":""},"categories":[45],"tags":[],"featured_image_urls":{"full":["https:\/\/novosaopaulo.com.br\/n1\/wp-content\/uploads\/2025\/11\/bruna-viola.jpg",600,400,false],"thumbnail":["https:\/\/novosaopaulo.com.br\/n1\/wp-content\/uploads\/2025\/11\/bruna-viola-150x150.jpg",150,150,true],"medium":["https:\/\/novosaopaulo.com.br\/n1\/wp-content\/uploads\/2025\/11\/bruna-viola-300x200.jpg",300,200,true],"medium_large":["https:\/\/novosaopaulo.com.br\/n1\/wp-content\/uploads\/2025\/11\/bruna-viola.jpg",600,400,false],"large":["https:\/\/novosaopaulo.com.br\/n1\/wp-content\/uploads\/2025\/11\/bruna-viola.jpg",600,400,false],"1536x1536":["https:\/\/novosaopaulo.com.br\/n1\/wp-content\/uploads\/2025\/11\/bruna-viola.jpg",600,400,false],"2048x2048":["https:\/\/novosaopaulo.com.br\/n1\/wp-content\/uploads\/2025\/11\/bruna-viola.jpg",600,400,false],"newsever-slider-full":["https:\/\/novosaopaulo.com.br\/n1\/wp-content\/uploads\/2025\/11\/bruna-viola.jpg",600,400,false],"newsever-featured":["https:\/\/novosaopaulo.com.br\/n1\/wp-content\/uploads\/2025\/11\/bruna-viola.jpg",600,400,false],"newsever-medium":["https:\/\/novosaopaulo.com.br\/n1\/wp-content\/uploads\/2025\/11\/bruna-viola.jpg",600,400,false]},"author_info":{"display_name":"Reda\u00e7\u00e3o","author_link":"https:\/\/novosaopaulo.com.br\/n1\/author\/g5poa\/"},"category_info":"<a href=\"https:\/\/novosaopaulo.com.br\/n1\/category\/cultura\/\" rel=\"category tag\">Cultura<\/a>","tag_info":"Cultura","comment_count":"0","_links":{"self":[{"href":"https:\/\/novosaopaulo.com.br\/n1\/wp-json\/wp\/v2\/posts\/26860"}],"collection":[{"href":"https:\/\/novosaopaulo.com.br\/n1\/wp-json\/wp\/v2\/posts"}],"about":[{"href":"https:\/\/novosaopaulo.com.br\/n1\/wp-json\/wp\/v2\/types\/post"}],"author":[{"embeddable":true,"href":"https:\/\/novosaopaulo.com.br\/n1\/wp-json\/wp\/v2\/users\/1"}],"replies":[{"embeddable":true,"href":"https:\/\/novosaopaulo.com.br\/n1\/wp-json\/wp\/v2\/comments?post=26860"}],"version-history":[{"count":1,"href":"https:\/\/novosaopaulo.com.br\/n1\/wp-json\/wp\/v2\/posts\/26860\/revisions"}],"predecessor-version":[{"id":26862,"href":"https:\/\/novosaopaulo.com.br\/n1\/wp-json\/wp\/v2\/posts\/26860\/revisions\/26862"}],"wp:featuredmedia":[{"embeddable":true,"href":"https:\/\/novosaopaulo.com.br\/n1\/wp-json\/wp\/v2\/media\/26861"}],"wp:attachment":[{"href":"https:\/\/novosaopaulo.com.br\/n1\/wp-json\/wp\/v2\/media?parent=26860"}],"wp:term":[{"taxonomy":"category","embeddable":true,"href":"https:\/\/novosaopaulo.com.br\/n1\/wp-json\/wp\/v2\/categories?post=26860"},{"taxonomy":"post_tag","embeddable":true,"href":"https:\/\/novosaopaulo.com.br\/n1\/wp-json\/wp\/v2\/tags?post=26860"}],"curies":[{"name":"wp","href":"https:\/\/api.w.org\/{rel}","templated":true}]}}