{"id":26847,"date":"2025-11-10T18:43:59","date_gmt":"2025-11-10T21:43:59","guid":{"rendered":"https:\/\/novosaopaulo.com.br\/n1\/?p=26847"},"modified":"2025-11-10T18:43:59","modified_gmt":"2025-11-10T21:43:59","slug":"pe-na-porta-conquista-titulo-municipal-da-copa-das-comunidades-edp-2025-em-poa","status":"publish","type":"post","link":"https:\/\/novosaopaulo.com.br\/n1\/pe-na-porta-conquista-titulo-municipal-da-copa-das-comunidades-edp-2025-em-poa\/","title":{"rendered":"P\u00e9 na Porta conquista t\u00edtulo municipal da Copa das Comunidades EDP 2025 em Po\u00e1"},"content":{"rendered":"\n<p>Decis\u00e3o emocionante foi definida nos p\u00eanaltis; equipes finalistas agora representam o munic\u00edpio na fase regional do maior torneio de futebol de v\u00e1rzea do Alto Tiet\u00ea<\/p>\n\n\n\n<p>A manh\u00e3 do \u00faltimo s\u00e1bado (8) foi de fortes emo\u00e7\u00f5es no campo da Associa\u00e7\u00e3o Atl\u00e9tica Poaense. A equipe P\u00e9 na Porta, da Vila Varela, sagrou-se campe\u00e3 da fase municipal da Copa das Comunidades EDP 2025, ap\u00f3s vencer o Esporte Clube Real Fam\u00edlia, da Vila Romana, nos p\u00eanaltis. A partida, marcada pelo equil\u00edbrio, terminou empatada em 0 a 0 no tempo normal, levando a decis\u00e3o para as penalidades, que fecharam o placar em 3 a 2.<\/p>\n\n\n\n<p>Com o resultado, o P\u00e9 na Porta garantiu a vaga para representar Po\u00e1 na etapa regional da competi\u00e7\u00e3o, que re\u00fane equipes de diversas cidades do Alto Tiet\u00ea. O Real Fam\u00edlia, vice-campe\u00e3o, tamb\u00e9m estar\u00e1 na fase com equipes de outras cidades.<\/p>\n\n\n\n<p>As quartas de final est\u00e3o agendadas para o pr\u00f3ximo dia 16 de novembro e ser\u00e3o realizadas no Complexo Esportivo Rei Pel\u00e9 (CEC), localizado na rua Arandu, no Jardim Caiubi, em Itaquaquecetuba. O P\u00e9 na Porta, campe\u00e3o de Po\u00e1, enfrenta o Puri-Hemp, vice de Itaquaquecetuba, \u00e0s 10 horas. Em seguida, \u00e0s 11h30, o Real Fam\u00edlia disputa com o time Jacarezinho, campe\u00e3o de Ferraz de Vasconcelos.<\/p>\n\n\n\n<p>As semifinais acontecem no dia 22 de novembro e a grande final da Copa das Comunidades EDP 2025 est\u00e1 marcada para o dia 29 de novembro, prometendo reunir um grande p\u00fablico e celebrar o futebol de v\u00e1rzea da regi\u00e3o.<\/p>\n\n\n\n<p>O secret\u00e1rio de Esportes de Po\u00e1, Diogo Ferreira, parabenizou a equipe P\u00e9 na Porta pela conquista e destacou a import\u00e2ncia da competi\u00e7\u00e3o para fortalecer o esporte na cidade. \u201cA Copa das Comunidades \u00e9 mais do que um torneio, \u00e9 um incentivo ao esporte de base e \u00e0 integra\u00e7\u00e3o entre os bairros. O t\u00edtulo do P\u00e9 na Porta mostra a for\u00e7a do nosso futebol de v\u00e1rzea e o potencial dos nossos atletas. Parab\u00e9ns \u00e0 equipe campe\u00e3 e a todos que participaram dessa grande festa do esporte\u201d, afirmou.<\/p>\n\n\n\n<p>O prefeito de Po\u00e1, Saulo Souza, tamb\u00e9m parabenizou o P\u00e9 na Porta pela vit\u00f3ria e ressaltou o papel do esporte como ferramenta de inclus\u00e3o. \u201cO desempenho dos dois times finalistas representa o esp\u00edrito da nossa cidade: determina\u00e7\u00e3o, uni\u00e3o e paix\u00e3o pelo futebol. Po\u00e1 est\u00e1 muito bem representada na fase regional, e seguimos investindo em iniciativas que aproximam a popula\u00e7\u00e3o, fortalecem a comunidade e d\u00e3o oportunidades aos nossos jovens\u201d, destacou o chefe do Executivo.<\/p>\n\n\n\n<p>Copa EDP<br>Com 64 equipes participantes, a Copa das Comunidades EDP \u00e9 considerada o maior torneio de futebol de v\u00e1rzea da regi\u00e3o metropolitana. Em Po\u00e1, 16 times locais participaram da fase inicial, divididos em quatro grupos.<br>A iniciativa \u00e9 patrocinada pela EDP, por meio da Lei Paulista de Incentivo ao Esporte do Governo do Estado de S\u00e3o Paulo, com apoio da Secretaria Municipal de Esportes e realiza\u00e7\u00e3o t\u00e9cnica da JW KSports e da ONG Determinados.<\/p>\n","protected":false},"excerpt":{"rendered":"<p>Decis\u00e3o emocionante foi definida nos p\u00eanaltis; equipes finalistas agora representam o munic\u00edpio na fase regional&#8230;<\/p>\n","protected":false},"author":1,"featured_media":26848,"comment_status":"open","ping_status":"open","sticky":false,"template":"","format":"standard","meta":{"footnotes":""},"categories":[2],"tags":[],"featured_image_urls":{"full":["https:\/\/novosaopaulo.com.br\/n1\/wp-content\/uploads\/2025\/11\/WhatsApp-Image-2025-11-10-at-15.42.48.jpeg",1280,960,false],"thumbnail":["https:\/\/novosaopaulo.com.br\/n1\/wp-content\/uploads\/2025\/11\/WhatsApp-Image-2025-11-10-at-15.42.48-150x150.jpeg",150,150,true],"medium":["https:\/\/novosaopaulo.com.br\/n1\/wp-content\/uploads\/2025\/11\/WhatsApp-Image-2025-11-10-at-15.42.48-300x225.jpeg",300,225,true],"medium_large":["https:\/\/novosaopaulo.com.br\/n1\/wp-content\/uploads\/2025\/11\/WhatsApp-Image-2025-11-10-at-15.42.48-768x576.jpeg",640,480,true],"large":["https:\/\/novosaopaulo.com.br\/n1\/wp-content\/uploads\/2025\/11\/WhatsApp-Image-2025-11-10-at-15.42.48-1024x768.jpeg",640,480,true],"1536x1536":["https:\/\/novosaopaulo.com.br\/n1\/wp-content\/uploads\/2025\/11\/WhatsApp-Image-2025-11-10-at-15.42.48.jpeg",1280,960,false],"2048x2048":["https:\/\/novosaopaulo.com.br\/n1\/wp-content\/uploads\/2025\/11\/WhatsApp-Image-2025-11-10-at-15.42.48.jpeg",1280,960,false],"newsever-slider-full":["https:\/\/novosaopaulo.com.br\/n1\/wp-content\/uploads\/2025\/11\/WhatsApp-Image-2025-11-10-at-15.42.48-1280x845.jpeg",1280,845,true],"newsever-featured":["https:\/\/novosaopaulo.com.br\/n1\/wp-content\/uploads\/2025\/11\/WhatsApp-Image-2025-11-10-at-15.42.48-1024x768.jpeg",1024,768,true],"newsever-medium":["https:\/\/novosaopaulo.com.br\/n1\/wp-content\/uploads\/2025\/11\/WhatsApp-Image-2025-11-10-at-15.42.48-720x475.jpeg",720,475,true]},"author_info":{"display_name":"Reda\u00e7\u00e3o","author_link":"https:\/\/novosaopaulo.com.br\/n1\/author\/g5poa\/"},"category_info":"<a href=\"https:\/\/novosaopaulo.com.br\/n1\/category\/cidades\/\" rel=\"category tag\">Cidades<\/a>","tag_info":"Cidades","comment_count":"0","_links":{"self":[{"href":"https:\/\/novosaopaulo.com.br\/n1\/wp-json\/wp\/v2\/posts\/26847"}],"collection":[{"href":"https:\/\/novosaopaulo.com.br\/n1\/wp-json\/wp\/v2\/posts"}],"about":[{"href":"https:\/\/novosaopaulo.com.br\/n1\/wp-json\/wp\/v2\/types\/post"}],"author":[{"embeddable":true,"href":"https:\/\/novosaopaulo.com.br\/n1\/wp-json\/wp\/v2\/users\/1"}],"replies":[{"embeddable":true,"href":"https:\/\/novosaopaulo.com.br\/n1\/wp-json\/wp\/v2\/comments?post=26847"}],"version-history":[{"count":1,"href":"https:\/\/novosaopaulo.com.br\/n1\/wp-json\/wp\/v2\/posts\/26847\/revisions"}],"predecessor-version":[{"id":26849,"href":"https:\/\/novosaopaulo.com.br\/n1\/wp-json\/wp\/v2\/posts\/26847\/revisions\/26849"}],"wp:featuredmedia":[{"embeddable":true,"href":"https:\/\/novosaopaulo.com.br\/n1\/wp-json\/wp\/v2\/media\/26848"}],"wp:attachment":[{"href":"https:\/\/novosaopaulo.com.br\/n1\/wp-json\/wp\/v2\/media?parent=26847"}],"wp:term":[{"taxonomy":"category","embeddable":true,"href":"https:\/\/novosaopaulo.com.br\/n1\/wp-json\/wp\/v2\/categories?post=26847"},{"taxonomy":"post_tag","embeddable":true,"href":"https:\/\/novosaopaulo.com.br\/n1\/wp-json\/wp\/v2\/tags?post=26847"}],"curies":[{"name":"wp","href":"https:\/\/api.w.org\/{rel}","templated":true}]}}