{"id":26838,"date":"2025-11-10T13:08:21","date_gmt":"2025-11-10T16:08:21","guid":{"rendered":"https:\/\/novosaopaulo.com.br\/n1\/?p=26838"},"modified":"2025-11-10T13:08:22","modified_gmt":"2025-11-10T16:08:22","slug":"do-viral-da-internet-para-o-palco-de-lauana-prado-laercia-dantas-emociona-o-publico-em-sao-paulo","status":"publish","type":"post","link":"https:\/\/novosaopaulo.com.br\/n1\/do-viral-da-internet-para-o-palco-de-lauana-prado-laercia-dantas-emociona-o-publico-em-sao-paulo\/","title":{"rendered":"Do viral da internet para o palco de Lauana Prado: La\u00e9rcia Dantas emociona o p\u00fablico em S\u00e3o Paulo"},"content":{"rendered":"\n<p>Conhecida pelo bord\u00e3o \u201cGar\u00e7om, tem Pit\u00fa? Traz!\u201d, a artista realizou o sonho de cantar pela primeira vez diante de uma grande plateia no palco da festa Raiz<\/p>\n\n\n\n<p>Neste fim de semana, o projeto Raiz, de Lauana Prado, ganhou um dos momentos mais especiais e emocionantes da noite no Parque Villa-Lobos, em S\u00e3o Paulo, quando a cantora recebeu no palco La\u00e9rcia Dantas, fen\u00f4meno das redes sociais conhecida pelo bord\u00e3o \u201cGar\u00e7om, tem Pit\u00fa? Traz!\u201d.<\/p>\n\n\n\n<p>Diante de mais de 8 mil pessoas, as duas dividiram o palco em interpreta\u00e7\u00f5es cheias de emo\u00e7\u00e3o e descontra\u00e7\u00e3o das m\u00fasicas \u201cV\u00e1 Com Deus\u201d e \u201cOnde Anda Meu Amor\u201d. Foi a primeira vez que La\u00e9rcia se apresentou para um p\u00fablico t\u00e3o grande \u2014 e a sinceridade da artista conquistou a plateia imediatamente.<\/p>\n\n\n\n<p>\u201cEu vou confessar uma coisa, \u00e9 a primeira vez que eu canto pra muita gente assim.\u201d, disse La\u00e9rcia, visivelmente emocionada.<\/p>\n\n\n\n<p>A plateia respondeu com aplausos e gritos de incentivo, transformando o momento em uma verdadeira celebra\u00e7\u00e3o da m\u00fasica popular e do poder das conex\u00f5es que nascem na internet e chegam aos grandes palcos.<\/p>\n\n\n\n<p>Lauana fez quest\u00e3o de retribuir o carinho e destacar a import\u00e2ncia da presen\u00e7a de La\u00e9rcia no show:<\/p>\n\n\n\n<p>\u201cEu fico muito lisonjeada em fazer parte da sua hist\u00f3ria nesse momento. Quando eu te mandei mensagem, nem imaginei que voc\u00ea ia me responder. Eu t\u00f4 muito feliz com seu sucesso, voc\u00ea merece muito! Venha sempre, porque voc\u00ea \u00e9 raiz de verdade.\u201d, declarou.<\/p>\n\n\n\n<p>O dueto foi um dos momentos mais marcantes de uma noite hist\u00f3rica. Lauana se apresentou por 5 horas e 46 minutos, batendo mais um recorde de dura\u00e7\u00e3o do projeto Raiz. O show contou ainda com participa\u00e7\u00f5es de Victor &amp; Leo, da dupla Cristinas e de Hugo Henrique.<\/p>\n\n\n\n<p>A pr\u00f3xima edi\u00e7\u00e3o do Raiz j\u00e1 tem data confirmada: 20 de dezembro, em Sorocaba (SP). Ingressos dispon\u00edveis no site oficial do evento e mais informa\u00e7\u00f5es em @lauanapradoraiz.<\/p>\n","protected":false},"excerpt":{"rendered":"<p>Conhecida pelo bord\u00e3o \u201cGar\u00e7om, tem Pit\u00fa? Traz!\u201d, a artista realizou o sonho de cantar pela&#8230;<\/p>\n","protected":false},"author":1,"featured_media":26839,"comment_status":"open","ping_status":"open","sticky":false,"template":"","format":"standard","meta":{"footnotes":""},"categories":[2],"tags":[],"featured_image_urls":{"full":["https:\/\/novosaopaulo.com.br\/n1\/wp-content\/uploads\/2025\/11\/WhatsApp-Image-2025-11-10-at-12.18.19.jpeg",511,640,false],"thumbnail":["https:\/\/novosaopaulo.com.br\/n1\/wp-content\/uploads\/2025\/11\/WhatsApp-Image-2025-11-10-at-12.18.19-150x150.jpeg",150,150,true],"medium":["https:\/\/novosaopaulo.com.br\/n1\/wp-content\/uploads\/2025\/11\/WhatsApp-Image-2025-11-10-at-12.18.19-240x300.jpeg",240,300,true],"medium_large":["https:\/\/novosaopaulo.com.br\/n1\/wp-content\/uploads\/2025\/11\/WhatsApp-Image-2025-11-10-at-12.18.19.jpeg",511,640,false],"large":["https:\/\/novosaopaulo.com.br\/n1\/wp-content\/uploads\/2025\/11\/WhatsApp-Image-2025-11-10-at-12.18.19.jpeg",511,640,false],"1536x1536":["https:\/\/novosaopaulo.com.br\/n1\/wp-content\/uploads\/2025\/11\/WhatsApp-Image-2025-11-10-at-12.18.19.jpeg",511,640,false],"2048x2048":["https:\/\/novosaopaulo.com.br\/n1\/wp-content\/uploads\/2025\/11\/WhatsApp-Image-2025-11-10-at-12.18.19.jpeg",511,640,false],"newsever-slider-full":["https:\/\/novosaopaulo.com.br\/n1\/wp-content\/uploads\/2025\/11\/WhatsApp-Image-2025-11-10-at-12.18.19.jpeg",511,640,false],"newsever-featured":["https:\/\/novosaopaulo.com.br\/n1\/wp-content\/uploads\/2025\/11\/WhatsApp-Image-2025-11-10-at-12.18.19.jpeg",511,640,false],"newsever-medium":["https:\/\/novosaopaulo.com.br\/n1\/wp-content\/uploads\/2025\/11\/WhatsApp-Image-2025-11-10-at-12.18.19-511x475.jpeg",511,475,true]},"author_info":{"display_name":"Reda\u00e7\u00e3o","author_link":"https:\/\/novosaopaulo.com.br\/n1\/author\/g5poa\/"},"category_info":"<a href=\"https:\/\/novosaopaulo.com.br\/n1\/category\/cidades\/\" rel=\"category tag\">Cidades<\/a>","tag_info":"Cidades","comment_count":"0","_links":{"self":[{"href":"https:\/\/novosaopaulo.com.br\/n1\/wp-json\/wp\/v2\/posts\/26838"}],"collection":[{"href":"https:\/\/novosaopaulo.com.br\/n1\/wp-json\/wp\/v2\/posts"}],"about":[{"href":"https:\/\/novosaopaulo.com.br\/n1\/wp-json\/wp\/v2\/types\/post"}],"author":[{"embeddable":true,"href":"https:\/\/novosaopaulo.com.br\/n1\/wp-json\/wp\/v2\/users\/1"}],"replies":[{"embeddable":true,"href":"https:\/\/novosaopaulo.com.br\/n1\/wp-json\/wp\/v2\/comments?post=26838"}],"version-history":[{"count":1,"href":"https:\/\/novosaopaulo.com.br\/n1\/wp-json\/wp\/v2\/posts\/26838\/revisions"}],"predecessor-version":[{"id":26840,"href":"https:\/\/novosaopaulo.com.br\/n1\/wp-json\/wp\/v2\/posts\/26838\/revisions\/26840"}],"wp:featuredmedia":[{"embeddable":true,"href":"https:\/\/novosaopaulo.com.br\/n1\/wp-json\/wp\/v2\/media\/26839"}],"wp:attachment":[{"href":"https:\/\/novosaopaulo.com.br\/n1\/wp-json\/wp\/v2\/media?parent=26838"}],"wp:term":[{"taxonomy":"category","embeddable":true,"href":"https:\/\/novosaopaulo.com.br\/n1\/wp-json\/wp\/v2\/categories?post=26838"},{"taxonomy":"post_tag","embeddable":true,"href":"https:\/\/novosaopaulo.com.br\/n1\/wp-json\/wp\/v2\/tags?post=26838"}],"curies":[{"name":"wp","href":"https:\/\/api.w.org\/{rel}","templated":true}]}}