{"id":26835,"date":"2025-11-10T13:07:04","date_gmt":"2025-11-10T16:07:04","guid":{"rendered":"https:\/\/novosaopaulo.com.br\/n1\/?p=26835"},"modified":"2025-11-10T13:07:05","modified_gmt":"2025-11-10T16:07:05","slug":"saulo-souza-se-encontra-com-embaixador-do-brasil-na-espanha-e-fortalece-relacoes-internacionais","status":"publish","type":"post","link":"https:\/\/novosaopaulo.com.br\/n1\/saulo-souza-se-encontra-com-embaixador-do-brasil-na-espanha-e-fortalece-relacoes-internacionais\/","title":{"rendered":"Saulo Souza se encontra com embaixador do Brasil na Espanha e fortalece rela\u00e7\u00f5es internacionais"},"content":{"rendered":"\n<p>Reuni\u00e3o refor\u00e7ou a articula\u00e7\u00e3o internacional de Po\u00e1 e ampliou possibilidades de parcerias em mobilidade, tecnologia e gest\u00e3o p\u00fablica, com troca de experi\u00eancias sobre inova\u00e7\u00e3o, desafios dos novos tempos e o futuro das cidades<\/p>\n\n\n\n<p>O prefeito Saulo Souza, se encontrou, em Madrid, com o embaixador do Brasil na Espanha, Luiz Alberto Figueiredo Machado, durante a Miss\u00e3o Espanha, promovida pela Frente Nacional de Prefeitos e Prefeitas (FNP), em Barcelona. A agenda, realizada na semana passada, marcou um momento estrat\u00e9gico de fortalecimento das rela\u00e7\u00f5es internacionais e de busca por coopera\u00e7\u00e3o t\u00e9cnica e institucional em \u00e1reas como inova\u00e7\u00e3o, sustentabilidade e mobilidade urbana.<\/p>\n\n\n\n<p>Segundo o prefeito, o di\u00e1logo com o embaixador foi uma oportunidade valiosa para aproximar Po\u00e1 das boas pr\u00e1ticas de governan\u00e7a e desenvolvimento urbano adotadas em cidades europeias. \u201cFoi uma conversa muito produtiva, na qual discutimos caminhos para que munic\u00edpios brasileiros, como Po\u00e1, possam ampliar sua rede de coopera\u00e7\u00e3o e construir parcerias que tragam resultados concretos para a popula\u00e7\u00e3o\u201d, destacou.<\/p>\n\n\n\n<p>Durante a miss\u00e3o, Saulo Souza tamb\u00e9m se encontrou com o prefeito de Barcelona, Jaume Collboni, e participou de reuni\u00f5es com autoridades locais e representantes de institui\u00e7\u00f5es voltadas \u00e0 inova\u00e7\u00e3o e \u00e0 transforma\u00e7\u00e3o urbana. O evento teve como objetivo promover o interc\u00e2mbio de experi\u00eancias sobre pol\u00edticas p\u00fablicas voltadas ao desenvolvimento tecnol\u00f3gico e sustent\u00e1vel das cidades.<\/p>\n\n\n\n<p>\u201cFoi inspirador estar em Barcelona, a convite do colega prefeito Jaume Collboni, estar com o embaixador Luiz Alberto Figueiredo Machado, representando nosso pa\u00eds por meio da Frente Nacional de Prefeitos e Prefeitas, e ver o quanto a tecnologia, a inova\u00e7\u00e3o e a criatividade v\u00eam fazendo a diferen\u00e7a na vida das pessoas nas mais diversas cidades espalhadas pelo mundo\u201d, afirmou Saulo Souza.<\/p>\n\n\n\n<p>O prefeito destacou que as experi\u00eancias vivenciadas na Espanha ir\u00e3o orientar novos projetos de moderniza\u00e7\u00e3o na cidade. \u201cRetorno para nossa querida Po\u00e1 trazendo na bagagem ideias, conex\u00f5es e parcerias que v\u00e3o contribuir para que o munic\u00edpio continue crescendo, se modernizando e se preparando para o futuro de transforma\u00e7\u00f5es que a cidade precisa e que a popula\u00e7\u00e3o merece\u201d, afirmou.<\/p>\n\n\n\n<p>Distrito de Inova\u00e7\u00e3o 22@<br>Saulo Souza tamb\u00e9m visitou o Distrito de Inova\u00e7\u00e3o 22@, refer\u00eancia global em transforma\u00e7\u00e3o urbana. O espa\u00e7o, que j\u00e1 foi uma antiga \u00e1rea industrial, foi revitalizado e se tornou um ecossistema de inova\u00e7\u00e3o, reunindo startups, universidades, centros de pesquisa e empresas de tecnologia.<\/p>\n\n\n\n<p>\u201cO 22@ mostra que, com planejamento e vis\u00e3o de futuro, \u00e9 poss\u00edvel transformar \u00e1reas degradadas em polos de desenvolvimento e conhecimento. Essa experi\u00eancia nos inspira a pensar em projetos semelhantes para Po\u00e1, adaptados \u00e0 nossa realidade local\u201d, comentou o prefeito.<\/p>\n\n\n\n<p>Smart City Expo World Congress<br>A miss\u00e3o coincidiu com a realiza\u00e7\u00e3o do Smart City Expo World Congress, entre os dias 4 e 6 de novembro, em Barcelona. O evento \u00e9 considerado o maior e mais influente congresso mundial sobre inova\u00e7\u00e3o urbana, reunindo mais de 800 cidades de 130 pa\u00edses, com 1,1 mil expositores e 600 palestrantes.<br>Com o tema \u201cCidades inteligentes e transforma\u00e7\u00e3o urbana\u201d, o congresso apresentou solu\u00e7\u00f5es tecnol\u00f3gicas e sustent\u00e1veis para os principais desafios das cidades modernas, como mobilidade, meio ambiente, planejamento urbano e governan\u00e7a digital.<\/p>\n","protected":false},"excerpt":{"rendered":"<p>Reuni\u00e3o refor\u00e7ou a articula\u00e7\u00e3o internacional de Po\u00e1 e ampliou possibilidades de parcerias em mobilidade, tecnologia&#8230;<\/p>\n","protected":false},"author":1,"featured_media":26836,"comment_status":"open","ping_status":"open","sticky":false,"template":"","format":"standard","meta":{"footnotes":""},"categories":[8],"tags":[],"featured_image_urls":{"full":["https:\/\/novosaopaulo.com.br\/n1\/wp-content\/uploads\/2025\/11\/WhatsApp-Image-2025-11-10-at-11.54.28.jpeg",1200,1600,false],"thumbnail":["https:\/\/novosaopaulo.com.br\/n1\/wp-content\/uploads\/2025\/11\/WhatsApp-Image-2025-11-10-at-11.54.28-150x150.jpeg",150,150,true],"medium":["https:\/\/novosaopaulo.com.br\/n1\/wp-content\/uploads\/2025\/11\/WhatsApp-Image-2025-11-10-at-11.54.28-225x300.jpeg",225,300,true],"medium_large":["https:\/\/novosaopaulo.com.br\/n1\/wp-content\/uploads\/2025\/11\/WhatsApp-Image-2025-11-10-at-11.54.28-768x1024.jpeg",640,853,true],"large":["https:\/\/novosaopaulo.com.br\/n1\/wp-content\/uploads\/2025\/11\/WhatsApp-Image-2025-11-10-at-11.54.28-768x1024.jpeg",640,853,true],"1536x1536":["https:\/\/novosaopaulo.com.br\/n1\/wp-content\/uploads\/2025\/11\/WhatsApp-Image-2025-11-10-at-11.54.28-1152x1536.jpeg",1152,1536,true],"2048x2048":["https:\/\/novosaopaulo.com.br\/n1\/wp-content\/uploads\/2025\/11\/WhatsApp-Image-2025-11-10-at-11.54.28.jpeg",1200,1600,false],"newsever-slider-full":["https:\/\/novosaopaulo.com.br\/n1\/wp-content\/uploads\/2025\/11\/WhatsApp-Image-2025-11-10-at-11.54.28-1200x845.jpeg",1200,845,true],"newsever-featured":["https:\/\/novosaopaulo.com.br\/n1\/wp-content\/uploads\/2025\/11\/WhatsApp-Image-2025-11-10-at-11.54.28-1024x1365.jpeg",1024,1365,true],"newsever-medium":["https:\/\/novosaopaulo.com.br\/n1\/wp-content\/uploads\/2025\/11\/WhatsApp-Image-2025-11-10-at-11.54.28-720x475.jpeg",720,475,true]},"author_info":{"display_name":"Reda\u00e7\u00e3o","author_link":"https:\/\/novosaopaulo.com.br\/n1\/author\/g5poa\/"},"category_info":"<a href=\"https:\/\/novosaopaulo.com.br\/n1\/category\/poa\/\" rel=\"category tag\">Po\u00e1<\/a>","tag_info":"Po\u00e1","comment_count":"0","_links":{"self":[{"href":"https:\/\/novosaopaulo.com.br\/n1\/wp-json\/wp\/v2\/posts\/26835"}],"collection":[{"href":"https:\/\/novosaopaulo.com.br\/n1\/wp-json\/wp\/v2\/posts"}],"about":[{"href":"https:\/\/novosaopaulo.com.br\/n1\/wp-json\/wp\/v2\/types\/post"}],"author":[{"embeddable":true,"href":"https:\/\/novosaopaulo.com.br\/n1\/wp-json\/wp\/v2\/users\/1"}],"replies":[{"embeddable":true,"href":"https:\/\/novosaopaulo.com.br\/n1\/wp-json\/wp\/v2\/comments?post=26835"}],"version-history":[{"count":1,"href":"https:\/\/novosaopaulo.com.br\/n1\/wp-json\/wp\/v2\/posts\/26835\/revisions"}],"predecessor-version":[{"id":26837,"href":"https:\/\/novosaopaulo.com.br\/n1\/wp-json\/wp\/v2\/posts\/26835\/revisions\/26837"}],"wp:featuredmedia":[{"embeddable":true,"href":"https:\/\/novosaopaulo.com.br\/n1\/wp-json\/wp\/v2\/media\/26836"}],"wp:attachment":[{"href":"https:\/\/novosaopaulo.com.br\/n1\/wp-json\/wp\/v2\/media?parent=26835"}],"wp:term":[{"taxonomy":"category","embeddable":true,"href":"https:\/\/novosaopaulo.com.br\/n1\/wp-json\/wp\/v2\/categories?post=26835"},{"taxonomy":"post_tag","embeddable":true,"href":"https:\/\/novosaopaulo.com.br\/n1\/wp-json\/wp\/v2\/tags?post=26835"}],"curies":[{"name":"wp","href":"https:\/\/api.w.org\/{rel}","templated":true}]}}