{"id":26818,"date":"2025-11-07T18:47:20","date_gmt":"2025-11-07T21:47:20","guid":{"rendered":"https:\/\/novosaopaulo.com.br\/n1\/?p=26818"},"modified":"2025-11-07T18:47:49","modified_gmt":"2025-11-07T21:47:49","slug":"centro-de-saude-da-mulher-poaense-completa-um-mes-e-consolida-avanco-historico-no-cuidado-feminino","status":"publish","type":"post","link":"https:\/\/novosaopaulo.com.br\/n1\/centro-de-saude-da-mulher-poaense-completa-um-mes-e-consolida-avanco-historico-no-cuidado-feminino\/","title":{"rendered":"Centro de Sa\u00fade da Mulher Poaense completa um m\u00eas e consolida avan\u00e7o hist\u00f3rico no cuidado feminino"},"content":{"rendered":"\n<p>Unidade com padr\u00e3o de cl\u00ednica particular, inaugurada pelo prefeito Saulo Souza, tem sido refer\u00eancia em preven\u00e7\u00e3o, diagn\u00f3stico precoce e atendimento humanizado<\/p>\n\n\n\n<p>O Centro de Sa\u00fade da Mulher Poaense Vanessa Valente completou no \u00faltimo dia 6 de novembro, um m\u00eas de funcionamento, marcando um novo cap\u00edtulo na hist\u00f3ria da sa\u00fade p\u00fablica de Po\u00e1. Inaugurada pelo prefeito Saulo Souza no in\u00edcio de outubro, a unidade se tornou s\u00edmbolo de cuidado, acolhimento e valoriza\u00e7\u00e3o da sa\u00fade feminina no munic\u00edpio.<\/p>\n\n\n\n<p>Desde que abriu as portas, o espa\u00e7o tem proporcionado atendimento especializado e multidisciplinar, com servi\u00e7os voltados \u00e0 preven\u00e7\u00e3o e ao diagn\u00f3stico precoce de doen\u00e7as, especialmente o c\u00e2ncer de mama e o c\u00e2ncer de colo do \u00fatero. A estrutura moderna e o atendimento humanizado t\u00eam sido elogiados por pacientes e profissionais da rede municipal.<\/p>\n\n\n\n<p>Localizado na Alameda Pedro Calil, 140, no Centro da cidade, o equipamento leva o nome de Vanessa Valente, em homenagem a uma mulher poaense que foi s\u00edmbolo de luta contra o c\u00e2ncer. A homenagem refor\u00e7a o compromisso da atual gest\u00e3o em unir tecnologia, sensibilidade e pol\u00edticas p\u00fablicas efetivas na aten\u00e7\u00e3o \u00e0 sa\u00fade da mulher.<\/p>\n\n\n\n<p>Ao longo deste primeiro m\u00eas, o Centro de Sa\u00fade da Mulher j\u00e1 realizou centenas de consultas ginecol\u00f3gicas, atendimentos psicol\u00f3gicos e exames preventivos, como mamografias, papanicolau, ultrassonografias e colposcopias. Al\u00e9m disso, a unidade oferece acompanhamento de gesta\u00e7\u00f5es de alto risco, ampliando o suporte \u00e0s mulheres em todas as fases da vida.<\/p>\n\n\n\n<p>O prefeito Saulo Souza destacou a import\u00e2ncia da unidade para o sistema municipal de sa\u00fade. \u201cEm apenas um m\u00eas, j\u00e1 percebemos o impacto positivo que o Centro de Sa\u00fade da Mulher est\u00e1 gerando na vida das poaenses. Esse espa\u00e7o, que apresenta um padr\u00e3o de atendimento de cl\u00ednicas particulares, foi pensado para cuidar de forma integral, com respeito, acolhimento e estrutura de qualidade. Nosso compromisso \u00e9 garantir que cada mulher tenha acesso \u00e0 preven\u00e7\u00e3o e a um atendimento digno\u201d, afirmou.<\/p>\n\n\n\n<p>O secret\u00e1rio de Sa\u00fade de Po\u00e1, Silvanei Mamed, informa que o Centro de Sa\u00fade da Mulher Poaense Vanessa Valente funciona de segunda a sexta-feira, das 7h \u00e0s 16h, oferecendo consultas m\u00e9dicas, exames de rotina, acompanhamento psicol\u00f3gico e servi\u00e7os voltados \u00e0 preven\u00e7\u00e3o e diagn\u00f3stico precoce. \u201cEm apenas um m\u00eas, o servi\u00e7o j\u00e1 se mostra um marco na pol\u00edtica de sa\u00fade de Po\u00e1, reafirmando o compromisso da atual gest\u00e3o com o bem-estar e a qualidade de vida das mulheres da cidade\u201d, finalizou.<\/p>\n\n\n\n<p>Avalia\u00e7\u00e3o das usu\u00e1rias<\/p>\n\n\n\n<p>Para a moradora do Jardim Am\u00e9rica, Maria das Gra\u00e7as, Po\u00e1 agora tem um espa\u00e7o voltado para as mulheres. \u201cFiz meu exame preventivo e fiquei impressionada com o atendimento do local. Tudo \u00e9 muito organizado, limpo e as profissionais tratam a gente com respeito e paci\u00eancia. Antes, eu precisava ir at\u00e9 outras cidades para fazer alguns exames. Agora tenho tudo em Po\u00e1 e com um atendimento que d\u00e1 orgulho\u201d, disse.<\/p>\n\n\n\n<p>Patr\u00edcia Almeida, moradora do Centro, disse que se surpreendeu com o atendimento de qualidade. \u201cVim para uma consulta ginecol\u00f3gica e me surpreendi. A m\u00e9dica explicou tudo com calma, e a equipe \u00e9 muito acolhedora. O ambiente \u00e9 bonito, moderno e passa seguran\u00e7a. \u00c9 n\u00edtido que o Centro foi pensado com carinho para a gente. D\u00e1 pra sentir o cuidado em cada detalhe!\u201d, relatou.<\/p>\n\n\n\n<p>Fotos: Nivaldo Alves<\/p>\n","protected":false},"excerpt":{"rendered":"<p>Unidade com padr\u00e3o de cl\u00ednica particular, inaugurada pelo prefeito Saulo Souza, tem sido refer\u00eancia em&#8230;<\/p>\n","protected":false},"author":1,"featured_media":26819,"comment_status":"open","ping_status":"open","sticky":false,"template":"","format":"standard","meta":{"footnotes":""},"categories":[8],"tags":[],"featured_image_urls":{"full":["https:\/\/novosaopaulo.com.br\/n1\/wp-content\/uploads\/2025\/11\/WhatsApp-Image-2025-11-07-at-16.39.13.jpeg",1280,853,false],"thumbnail":["https:\/\/novosaopaulo.com.br\/n1\/wp-content\/uploads\/2025\/11\/WhatsApp-Image-2025-11-07-at-16.39.13-150x150.jpeg",150,150,true],"medium":["https:\/\/novosaopaulo.com.br\/n1\/wp-content\/uploads\/2025\/11\/WhatsApp-Image-2025-11-07-at-16.39.13-300x200.jpeg",300,200,true],"medium_large":["https:\/\/novosaopaulo.com.br\/n1\/wp-content\/uploads\/2025\/11\/WhatsApp-Image-2025-11-07-at-16.39.13-768x512.jpeg",640,427,true],"large":["https:\/\/novosaopaulo.com.br\/n1\/wp-content\/uploads\/2025\/11\/WhatsApp-Image-2025-11-07-at-16.39.13-1024x682.jpeg",640,426,true],"1536x1536":["https:\/\/novosaopaulo.com.br\/n1\/wp-content\/uploads\/2025\/11\/WhatsApp-Image-2025-11-07-at-16.39.13.jpeg",1280,853,false],"2048x2048":["https:\/\/novosaopaulo.com.br\/n1\/wp-content\/uploads\/2025\/11\/WhatsApp-Image-2025-11-07-at-16.39.13.jpeg",1280,853,false],"newsever-slider-full":["https:\/\/novosaopaulo.com.br\/n1\/wp-content\/uploads\/2025\/11\/WhatsApp-Image-2025-11-07-at-16.39.13-1280x845.jpeg",1280,845,true],"newsever-featured":["https:\/\/novosaopaulo.com.br\/n1\/wp-content\/uploads\/2025\/11\/WhatsApp-Image-2025-11-07-at-16.39.13-1024x682.jpeg",1024,682,true],"newsever-medium":["https:\/\/novosaopaulo.com.br\/n1\/wp-content\/uploads\/2025\/11\/WhatsApp-Image-2025-11-07-at-16.39.13-720x475.jpeg",720,475,true]},"author_info":{"display_name":"Reda\u00e7\u00e3o","author_link":"https:\/\/novosaopaulo.com.br\/n1\/author\/g5poa\/"},"category_info":"<a href=\"https:\/\/novosaopaulo.com.br\/n1\/category\/poa\/\" rel=\"category tag\">Po\u00e1<\/a>","tag_info":"Po\u00e1","comment_count":"0","_links":{"self":[{"href":"https:\/\/novosaopaulo.com.br\/n1\/wp-json\/wp\/v2\/posts\/26818"}],"collection":[{"href":"https:\/\/novosaopaulo.com.br\/n1\/wp-json\/wp\/v2\/posts"}],"about":[{"href":"https:\/\/novosaopaulo.com.br\/n1\/wp-json\/wp\/v2\/types\/post"}],"author":[{"embeddable":true,"href":"https:\/\/novosaopaulo.com.br\/n1\/wp-json\/wp\/v2\/users\/1"}],"replies":[{"embeddable":true,"href":"https:\/\/novosaopaulo.com.br\/n1\/wp-json\/wp\/v2\/comments?post=26818"}],"version-history":[{"count":2,"href":"https:\/\/novosaopaulo.com.br\/n1\/wp-json\/wp\/v2\/posts\/26818\/revisions"}],"predecessor-version":[{"id":26822,"href":"https:\/\/novosaopaulo.com.br\/n1\/wp-json\/wp\/v2\/posts\/26818\/revisions\/26822"}],"wp:featuredmedia":[{"embeddable":true,"href":"https:\/\/novosaopaulo.com.br\/n1\/wp-json\/wp\/v2\/media\/26819"}],"wp:attachment":[{"href":"https:\/\/novosaopaulo.com.br\/n1\/wp-json\/wp\/v2\/media?parent=26818"}],"wp:term":[{"taxonomy":"category","embeddable":true,"href":"https:\/\/novosaopaulo.com.br\/n1\/wp-json\/wp\/v2\/categories?post=26818"},{"taxonomy":"post_tag","embeddable":true,"href":"https:\/\/novosaopaulo.com.br\/n1\/wp-json\/wp\/v2\/tags?post=26818"}],"curies":[{"name":"wp","href":"https:\/\/api.w.org\/{rel}","templated":true}]}}