{"id":26814,"date":"2025-11-07T14:08:24","date_gmt":"2025-11-07T17:08:24","guid":{"rendered":"https:\/\/novosaopaulo.com.br\/n1\/?p=26814"},"modified":"2025-11-07T14:08:25","modified_gmt":"2025-11-07T17:08:25","slug":"parlamento-governo-judiciario-e-o-crime-organizado-2","status":"publish","type":"post","link":"https:\/\/novosaopaulo.com.br\/n1\/parlamento-governo-judiciario-e-o-crime-organizado-2\/","title":{"rendered":"Parlamento, Governo, Judici\u00e1rio e o crime organizado"},"content":{"rendered":"\n<p>O presidente da Comiss\u00e3o de Constitui\u00e7\u00e3o e Justi\u00e7a da C\u00e2mara dos Deputados, Paulo Azi (Uni\u00e3o-BA), remarcou para hoje (05\/11) a sess\u00e3o destinada a analisar o projeto de lei que enquadra fac\u00e7\u00f5es criminosas na Lei Antiterrorismo. A mat\u00e9ria deveria ter sido discutida e votada ontem mas foi adiada por press\u00e3o da bancada governista, contr\u00e1ria a partes do texto. O presidente Lula apresentou, dias atr\u00e1s, o projeto da Lei Anti Fac\u00e7\u00e3o, para tratar da mat\u00e9ria no \u00e2mbito da PEC (Proposta de Emenda Constitucional) da Seguran\u00e7a P\u00fablica, tamb\u00e9m em tramita\u00e7\u00e3o no Legislativo.<\/p>\n\n\n\n<pre class=\"wp-block-code\"><code> O projeto em discuss\u00e3o na CCJ altera a lei que define o terrorismo no Brasil. Visa torn\u00e1-la  mais dura e completa. Com essa mudan\u00e7a, grupos criminosos - como o carioca Comando Vermelho, o paulista  Primeiro Comando da Capital e similares - e mil\u00edcias que fizerem ataques e viol\u00eancia poder\u00e3o ser punidos como terroristas.\n\n A proposta \u00e9 de autoria do deputado Danilo Forte (Uni\u00e3o Brasil-CE) e tem parecer favor\u00e1vel do relator, deputado Nikolas Ferreira (PL-MG). A discuss\u00e3o do tema voltou ao holofote ap\u00f3s a megaopera\u00e7\u00e3o policial no Rio de Janeiro, realizada no dia 28 \u00faltimo, que terminou com 121 mortos, entre suspeitos ligados ao Comando Vermelho e agentes de seguran\u00e7a.\n\n Se a mat\u00e9ria for aprovada e se converter em lei, integrantes de fac\u00e7\u00f5es poder\u00e3o ser punidos por um crime mais grave, chamado de \u201corganiza\u00e7\u00e3o criminosa qualificada. Isso significa que a pena m\u00e1xima passa a ser de at\u00e9 15 anos de pris\u00e3o, e poder\u00e1 chegar a 30 anos se houver envolvimento em homic\u00eddios.\n\n  Al\u00e9m dos dois projetos que tratam das fac\u00e7\u00f5es criminosas e assemelhados, foi instalada nesta ter\u00e7a-feira (04\/11) no Senado, a CPI do Crime Organizado, que dever\u00e1 atrair os mesmos holofotes hoje apontados para a CPI dos Roubos no INSS. Governo e oposi\u00e7\u00e3o combatem no terreno dessas apura\u00e7\u00f5es e \u2013 pelos interesses paralelos existentes, especialmente as elei\u00e7\u00f5es do pr\u00f3ximo ano \u2013 poder\u00e3o comprometer os resultados e encerrar sem o melhor encaminhamento.\n\n  As fac\u00e7\u00f5es do crime organizado existem em nosso pa\u00eds desde o s\u00e9culo passado e nunca tiveram combate eficaz. Tanto que, com o passar dos anos, tornaram-se pot\u00eancias econ\u00f4micas que, atrav\u00e9s de atividades a maioria das vezes il\u00edcitas hoje disputam espa\u00e7o com a economia formal e em parte do territ\u00f3rio nacional s\u00e3o maiores empregadores do que as empresas ali instaladas.\n\n  Com a PEC da Seguran\u00e7a P\u00fablica e os projetos antiterrorismo e anti-fac\u00e7\u00e3o, o Congresso Nacional tem hoje grandes chances de assumir o controle da situa\u00e7\u00e3o e criar condi\u00e7\u00f5es para o combate \u00e0s a\u00e7\u00f5es do crime organizado. Mas os congressistas t\u00eam de se acautelarem para n\u00e3o serem cooptados por esquemas que se valem do crime e, com isso, tudo ficar como est\u00e1.\n\n  PCC e CV s\u00e3o os grandes exportadores do narcotr\u00e1fico brasileiro para a Europa e est\u00e3o sob observa\u00e7\u00e3o dos Estados Unidos, onde o presidente Donald Trump iniciou uma cruzada internacional contra o narcotr\u00e1fico. Os governos norte-americano e de outros pa\u00edses -  a Argentina, por exemplo \u2013 j\u00e1 as declararam organiza\u00e7\u00f5es terroristas e pedem seu combate. Congresso, Executivo e Judici\u00e1rio, os Tr\u00eas Poderes da Rep\u00fablica tem o dever de adotar medidas que devolvam o equil\u00edbrio \u00e0 Na\u00e7\u00e3o e, principalmente, evitem que o crime, nas suas diferentes esp\u00e9cies, continue impactando a sociedade,<\/code><\/pre>\n\n\n\n<p>Tenente e Dirceu Cardoso Gon\u00e7alves &#8211; dirigente da ASPOMIL (Associa\u00e7\u00e3o de Assist. Social dos Policiais Militares de S\u00e3o Paulo).<\/p>\n","protected":false},"excerpt":{"rendered":"<p>O presidente da Comiss\u00e3o de Constitui\u00e7\u00e3o e Justi\u00e7a da C\u00e2mara dos Deputados, Paulo Azi (Uni\u00e3o-BA),&#8230;<\/p>\n","protected":false},"author":1,"featured_media":23327,"comment_status":"open","ping_status":"open","sticky":false,"template":"","format":"standard","meta":{"footnotes":""},"categories":[2],"tags":[],"featured_image_urls":{"full":["https:\/\/novosaopaulo.com.br\/n1\/wp-content\/uploads\/2025\/04\/Tenente-Dirceu-Cardoso-Goncalves.jpg",600,564,false],"thumbnail":["https:\/\/novosaopaulo.com.br\/n1\/wp-content\/uploads\/2025\/04\/Tenente-Dirceu-Cardoso-Goncalves-150x150.jpg",150,150,true],"medium":["https:\/\/novosaopaulo.com.br\/n1\/wp-content\/uploads\/2025\/04\/Tenente-Dirceu-Cardoso-Goncalves-300x282.jpg",300,282,true],"medium_large":["https:\/\/novosaopaulo.com.br\/n1\/wp-content\/uploads\/2025\/04\/Tenente-Dirceu-Cardoso-Goncalves.jpg",600,564,false],"large":["https:\/\/novosaopaulo.com.br\/n1\/wp-content\/uploads\/2025\/04\/Tenente-Dirceu-Cardoso-Goncalves.jpg",600,564,false],"1536x1536":["https:\/\/novosaopaulo.com.br\/n1\/wp-content\/uploads\/2025\/04\/Tenente-Dirceu-Cardoso-Goncalves.jpg",600,564,false],"2048x2048":["https:\/\/novosaopaulo.com.br\/n1\/wp-content\/uploads\/2025\/04\/Tenente-Dirceu-Cardoso-Goncalves.jpg",600,564,false],"newsever-slider-full":["https:\/\/novosaopaulo.com.br\/n1\/wp-content\/uploads\/2025\/04\/Tenente-Dirceu-Cardoso-Goncalves.jpg",600,564,false],"newsever-featured":["https:\/\/novosaopaulo.com.br\/n1\/wp-content\/uploads\/2025\/04\/Tenente-Dirceu-Cardoso-Goncalves.jpg",600,564,false],"newsever-medium":["https:\/\/novosaopaulo.com.br\/n1\/wp-content\/uploads\/2025\/04\/Tenente-Dirceu-Cardoso-Goncalves-600x475.jpg",600,475,true]},"author_info":{"display_name":"Reda\u00e7\u00e3o","author_link":"https:\/\/novosaopaulo.com.br\/n1\/author\/g5poa\/"},"category_info":"<a href=\"https:\/\/novosaopaulo.com.br\/n1\/category\/cidades\/\" rel=\"category tag\">Cidades<\/a>","tag_info":"Cidades","comment_count":"0","_links":{"self":[{"href":"https:\/\/novosaopaulo.com.br\/n1\/wp-json\/wp\/v2\/posts\/26814"}],"collection":[{"href":"https:\/\/novosaopaulo.com.br\/n1\/wp-json\/wp\/v2\/posts"}],"about":[{"href":"https:\/\/novosaopaulo.com.br\/n1\/wp-json\/wp\/v2\/types\/post"}],"author":[{"embeddable":true,"href":"https:\/\/novosaopaulo.com.br\/n1\/wp-json\/wp\/v2\/users\/1"}],"replies":[{"embeddable":true,"href":"https:\/\/novosaopaulo.com.br\/n1\/wp-json\/wp\/v2\/comments?post=26814"}],"version-history":[{"count":1,"href":"https:\/\/novosaopaulo.com.br\/n1\/wp-json\/wp\/v2\/posts\/26814\/revisions"}],"predecessor-version":[{"id":26815,"href":"https:\/\/novosaopaulo.com.br\/n1\/wp-json\/wp\/v2\/posts\/26814\/revisions\/26815"}],"wp:featuredmedia":[{"embeddable":true,"href":"https:\/\/novosaopaulo.com.br\/n1\/wp-json\/wp\/v2\/media\/23327"}],"wp:attachment":[{"href":"https:\/\/novosaopaulo.com.br\/n1\/wp-json\/wp\/v2\/media?parent=26814"}],"wp:term":[{"taxonomy":"category","embeddable":true,"href":"https:\/\/novosaopaulo.com.br\/n1\/wp-json\/wp\/v2\/categories?post=26814"},{"taxonomy":"post_tag","embeddable":true,"href":"https:\/\/novosaopaulo.com.br\/n1\/wp-json\/wp\/v2\/tags?post=26814"}],"curies":[{"name":"wp","href":"https:\/\/api.w.org\/{rel}","templated":true}]}}