{"id":26796,"date":"2025-11-06T17:49:13","date_gmt":"2025-11-06T20:49:13","guid":{"rendered":"https:\/\/novosaopaulo.com.br\/n1\/?p=26796"},"modified":"2025-11-06T17:49:13","modified_gmt":"2025-11-06T20:49:13","slug":"ministerio-da-saude-amplia-atendimento-por-plano-de-saude-a-pacientes-do-sus-nos-estados-do-para-ceara-pernambuco-alem-do-df","status":"publish","type":"post","link":"https:\/\/novosaopaulo.com.br\/n1\/ministerio-da-saude-amplia-atendimento-por-plano-de-saude-a-pacientes-do-sus-nos-estados-do-para-ceara-pernambuco-alem-do-df\/","title":{"rendered":"Minist\u00e9rio da Sa\u00fade amplia atendimento por plano de sa\u00fade a pacientes do SUS nos estados do Par\u00e1, Cear\u00e1, Pernambuco, al\u00e9m do DF"},"content":{"rendered":"\n<p>Para trocar d\u00edvidas pela presta\u00e7\u00e3o de servi\u00e7os ao SUS, hospital Santa Marcelina tamb\u00e9m aderiu ao Agora Tem Especialistas. Em SP, Brasil formaliza acordo sobre uso respons\u00e1vel da IA na sa\u00fade<\/p>\n\n\n\n<p>Pacientes do SUS que aguardam por consultas, exames e cirurgias nos estados do Par\u00e1, Cear\u00e1, Pernambuco, al\u00e9m do Distrito Federal poder\u00e3o ser atendidos por hospitais privados da Hapvida a partir de novembro. A amplia\u00e7\u00e3o da participa\u00e7\u00e3o da operadora de plano de sa\u00fade no programa Agora Tem Especialistas &#8211; que j\u00e1 havia iniciado a oferta de servi\u00e7os para a rede p\u00fablica em Recife (PE) &#8211; foi anunciada nesta quinta-feira (30), pelo ministro da Sa\u00fade, Alexandre Padilha, em S\u00e3o Paulo (SP). Na ocasi\u00e3o, ele anunciou, ainda, a ades\u00e3o do hospital Santa Marcelina, que, junto a outros 11 estabelecimentos de sa\u00fade privados e filantr\u00f3picos, j\u00e1 pode atuar na rede p\u00fablica pelo programa.<\/p>\n\n\n\n<p>&#8220;\u00c9 no Agora Tem Especialistas que concretizamos a parceria necess\u00e1ria para acabar com o tempo de espera no SUS. A ades\u00e3o, com a Hapvida e a entrada do Santa Marcelina &#8211; uma refer\u00eancia da Zona Leste de S\u00e3o Paulo &#8211; s\u00e3o a prova de que essa uni\u00e3o com o setor privado funciona. Estamos transformando d\u00edvidas e incentivos fiscais em mais cirurgias, exames de imagem e consultas especializadas, garantindo que o paciente que espera possa ser atendido em um hospital privado de gra\u00e7a e totalmente pelo SUS. Esse \u00e9 o caminho para dar dignidade e acesso r\u00e1pido \u00e0 popula\u00e7\u00e3o&#8221;, disse o ministro da sa\u00fade, Alexandre Padilha, durante o 29\u00ba Congresso Abramge, onde participou de um debate sobre o futuro da sa\u00fade.<\/p>\n\n\n\n<p>Como contrapartida aos atendimentos prestados, esses estabelecimentos poder\u00e3o quitar d\u00edvidas que t\u00eam com a Uni\u00e3o. No caso da operadora, s\u00e3o d\u00edvidas de ressarcimento ao SUS, que ocorrem quando pacientes dos planos de sa\u00fade contratados s\u00e3o atendidos pela rede p\u00fablica. J\u00e1 os hospitais privados, com e sem fins lucrativos, poder\u00e3o abater d\u00edvidas de tributos federais vencidas ou a vencer, usando os cr\u00e9ditos financeiros recebidos pela presta\u00e7\u00e3o dos servi\u00e7os.<\/p>\n\n\n\n<p>Estrat\u00e9gia para desafogar a demanda reprimida e reduzir o tempo de espera no SUS<\/p>\n\n\n\n<p>Para ampliar a capacidade de atendimento do SUS, o programa mobiliza a rede de sa\u00fade privada como uma de suas a\u00e7\u00f5es para reduzir o tempo de espera por consultas, exames e cirurgias. A expectativa \u00e9 que a amplia\u00e7\u00e3o dos atendimentos pela Hapvida ocorra ao longo de novembro, m\u00eas em que o plano de sa\u00fade deve mobilizar suas unidades hospitalares e equipes m\u00e9dicas para receber e tratar os pacientes da rede p\u00fablica em munic\u00edpios dos tr\u00eas estados e no DF.<\/p>\n\n\n\n<p>Os primeiros atendimentos da Hapvida pelo Agora Tem Especialistas aconteceram em agosto em Recife (PE). Na ocasi\u00e3o, oito pacientes foram submetidos a duas cirurgias de artroplastia de quadril para coloca\u00e7\u00e3o de pr\u00f3teses, duas cirurgias de ves\u00edcula, duas tomografias e duas resson\u00e2ncias magn\u00e9ticas no hospital Ariano Suassuna, da operadora.<\/p>\n\n\n\n<p>J\u00e1 com a ades\u00e3o do Santa Marcelina, 12 institui\u00e7\u00f5es com e sem fins lucrativos atuar\u00e3o pelo programa na modalidade de cr\u00e9dito financeiro: os hospitais privados Cynthia Charone (PA), a Maternidade S\u00e3o Francisco (RJ) e o Hospital Santa Terezinha (PB); os hospitais filantr\u00f3picos Santa Casa de Recife e o Instituto de Medicina Integral Professor Fernando Figueira (Imip), em Recife (PE), as Santas Casas de Fortaleza, Santo Amaro e Sobral, no Cear\u00e1, a Santa Casa de Porto Alegre (RS), a Benefic\u00eancia Portuguesa (PA) e o Instituto de Oncologia e Ci\u00eancias M\u00e9dicas de Minas Gerais.<\/p>\n\n\n\n<p>Para desafogar a demanda reprimida e assim reduzir o tempo de espera no SUS, o programa \u00e9 realizado pelo governo federal em parceria com os estados e munic\u00edpios. Assim, os pacientes do SUS s\u00e3o encaminhados para atendimento, no \u00e2mbito das a\u00e7\u00f5es do Agora Tem Especialistas, pelas Secretarias Estaduais e Municipais de Sa\u00fade. Ou seja, suas Centrais de Regula\u00e7\u00e3o s\u00e3o respons\u00e1veis por organizar as prioridades, direcionando os pacientes para as unidades de sa\u00fade p\u00fablicas ou privadas.<\/p>\n\n\n\n<p>Atendimentos em especialidades priorit\u00e1rias para o SUS<\/p>\n\n\n\n<p>Por ano, o Agora Tem Especialistas possibilitar\u00e1 a convers\u00e3o de at\u00e9 R$ 2 bilh\u00f5es de d\u00edvidas em mais atendimentos pela modalidade do cr\u00e9dito financeiro, e at\u00e9 R$ 1,3 bilh\u00e3o, por ressarcimento ao SUS. Para serem credenciados, os hospitais privados e filantr\u00f3picos precisam comprovar capacidade t\u00e9cnica e operacional de ofertar servi\u00e7os de sa\u00fade especializados em seis \u00e1reas priorit\u00e1rias: oncologia, ortopedia, ginecologia, cardiologia, oftalmologia e otorrinolaringologia.<\/p>\n\n\n\n<p>Al\u00e9m disso, os atendimentos a serem disponibilizados precisam atender \u00e0s necessidades da rede p\u00fablica nos estados e munic\u00edpios. Essa avalia\u00e7\u00e3o \u00e9 feita em parceria com os grupos condutores do programa, que conta com a participa\u00e7\u00e3o das secretarias de sa\u00fade.<\/p>\n\n\n\n<p>Brasil integra Rede Global de Regula\u00e7\u00e3o em Intelig\u00eancia Artificial para a Sa\u00fade<\/p>\n\n\n\n<p>Ainda em S\u00e3o Paulo (SP), o ministro da Sa\u00fade assinou um Memorando de Entendimento (MoU) com a HealthAI \u2013 The Global Agency for Responsible AI in Health, formalizando a ades\u00e3o do Brasil \u00e0 Rede Global de Regula\u00e7\u00e3o em Intelig\u00eancia Artificial para a Sa\u00fade (HealthAI GRN).<\/p>\n\n\n\n<p>&#8220;Hoje tamb\u00e9m anunciamos um acordo internacional voltado ao uso respons\u00e1vel da Intelig\u00eancia Artificial (IA) na sa\u00fade, que coloca o Brasil como protagonista no desenvolvimento de padr\u00f5es globais e regulamenta\u00e7\u00f5es que assegurem o uso \u00e9tico, seguro e respons\u00e1vel da IA na sa\u00fade. O acordo, com prazo de 24 meses e sem transfer\u00eancia de recursos financeiros, prev\u00ea a\u00e7\u00f5es como a produ\u00e7\u00e3o de um perfil de maturidade regulat\u00f3ria do pa\u00eds e o co-desenvolvimento de um plano de implementa\u00e7\u00e3o personalizado&#8221;, destacou Alexandre Padilha.<\/p>\n\n\n\n<p>Com a ades\u00e3o formalizada, o Brasil se posiciona entre os dez primeiros pa\u00edses a integrar a iniciativa, ao lado de Reino Unido, \u00cdndia e Singapura, destacando-se como refer\u00eancia regional na transforma\u00e7\u00e3o digital e na governan\u00e7a \u00e9tica e respons\u00e1vel da IA em sa\u00fade. O acordo respeita integralmente a soberania digital e a legisla\u00e7\u00e3o nacional, incluindo a Lei Geral de Prote\u00e7\u00e3o de Dados (LGPD).<\/p>\n\n\n\n<p>Talita de Souza<br>Minist\u00e9rio da Sa\u00fade<\/p>\n\n\n\n<p>Foto: Rafael Nascimento\/MS<\/p>\n","protected":false},"excerpt":{"rendered":"<p>Para trocar d\u00edvidas pela presta\u00e7\u00e3o de servi\u00e7os ao SUS, hospital Santa Marcelina tamb\u00e9m aderiu ao&#8230;<\/p>\n","protected":false},"author":1,"featured_media":26797,"comment_status":"open","ping_status":"open","sticky":false,"template":"","format":"standard","meta":{"footnotes":""},"categories":[2],"tags":[],"featured_image_urls":{"full":["https:\/\/novosaopaulo.com.br\/n1\/wp-content\/uploads\/2025\/11\/WhatsApp-Image-2025-11-06-at-16.46.24.jpeg",768,354,false],"thumbnail":["https:\/\/novosaopaulo.com.br\/n1\/wp-content\/uploads\/2025\/11\/WhatsApp-Image-2025-11-06-at-16.46.24-150x150.jpeg",150,150,true],"medium":["https:\/\/novosaopaulo.com.br\/n1\/wp-content\/uploads\/2025\/11\/WhatsApp-Image-2025-11-06-at-16.46.24-300x138.jpeg",300,138,true],"medium_large":["https:\/\/novosaopaulo.com.br\/n1\/wp-content\/uploads\/2025\/11\/WhatsApp-Image-2025-11-06-at-16.46.24.jpeg",640,295,false],"large":["https:\/\/novosaopaulo.com.br\/n1\/wp-content\/uploads\/2025\/11\/WhatsApp-Image-2025-11-06-at-16.46.24.jpeg",640,295,false],"1536x1536":["https:\/\/novosaopaulo.com.br\/n1\/wp-content\/uploads\/2025\/11\/WhatsApp-Image-2025-11-06-at-16.46.24.jpeg",768,354,false],"2048x2048":["https:\/\/novosaopaulo.com.br\/n1\/wp-content\/uploads\/2025\/11\/WhatsApp-Image-2025-11-06-at-16.46.24.jpeg",768,354,false],"newsever-slider-full":["https:\/\/novosaopaulo.com.br\/n1\/wp-content\/uploads\/2025\/11\/WhatsApp-Image-2025-11-06-at-16.46.24.jpeg",768,354,false],"newsever-featured":["https:\/\/novosaopaulo.com.br\/n1\/wp-content\/uploads\/2025\/11\/WhatsApp-Image-2025-11-06-at-16.46.24.jpeg",768,354,false],"newsever-medium":["https:\/\/novosaopaulo.com.br\/n1\/wp-content\/uploads\/2025\/11\/WhatsApp-Image-2025-11-06-at-16.46.24-720x354.jpeg",720,354,true]},"author_info":{"display_name":"Reda\u00e7\u00e3o","author_link":"https:\/\/novosaopaulo.com.br\/n1\/author\/g5poa\/"},"category_info":"<a href=\"https:\/\/novosaopaulo.com.br\/n1\/category\/cidades\/\" rel=\"category tag\">Cidades<\/a>","tag_info":"Cidades","comment_count":"0","_links":{"self":[{"href":"https:\/\/novosaopaulo.com.br\/n1\/wp-json\/wp\/v2\/posts\/26796"}],"collection":[{"href":"https:\/\/novosaopaulo.com.br\/n1\/wp-json\/wp\/v2\/posts"}],"about":[{"href":"https:\/\/novosaopaulo.com.br\/n1\/wp-json\/wp\/v2\/types\/post"}],"author":[{"embeddable":true,"href":"https:\/\/novosaopaulo.com.br\/n1\/wp-json\/wp\/v2\/users\/1"}],"replies":[{"embeddable":true,"href":"https:\/\/novosaopaulo.com.br\/n1\/wp-json\/wp\/v2\/comments?post=26796"}],"version-history":[{"count":1,"href":"https:\/\/novosaopaulo.com.br\/n1\/wp-json\/wp\/v2\/posts\/26796\/revisions"}],"predecessor-version":[{"id":26798,"href":"https:\/\/novosaopaulo.com.br\/n1\/wp-json\/wp\/v2\/posts\/26796\/revisions\/26798"}],"wp:featuredmedia":[{"embeddable":true,"href":"https:\/\/novosaopaulo.com.br\/n1\/wp-json\/wp\/v2\/media\/26797"}],"wp:attachment":[{"href":"https:\/\/novosaopaulo.com.br\/n1\/wp-json\/wp\/v2\/media?parent=26796"}],"wp:term":[{"taxonomy":"category","embeddable":true,"href":"https:\/\/novosaopaulo.com.br\/n1\/wp-json\/wp\/v2\/categories?post=26796"},{"taxonomy":"post_tag","embeddable":true,"href":"https:\/\/novosaopaulo.com.br\/n1\/wp-json\/wp\/v2\/tags?post=26796"}],"curies":[{"name":"wp","href":"https:\/\/api.w.org\/{rel}","templated":true}]}}