{"id":26780,"date":"2025-11-06T11:13:57","date_gmt":"2025-11-06T14:13:57","guid":{"rendered":"https:\/\/novosaopaulo.com.br\/n1\/?p=26780"},"modified":"2025-11-06T11:14:21","modified_gmt":"2025-11-06T14:14:21","slug":"seis-filmes-da-49a-mostra-chegam-ao-interior-paulista-na-itinerancia-do-sesc","status":"publish","type":"post","link":"https:\/\/novosaopaulo.com.br\/n1\/seis-filmes-da-49a-mostra-chegam-ao-interior-paulista-na-itinerancia-do-sesc\/","title":{"rendered":"Seis filmes da 49\u00aa Mostra chegam ao interior paulista na itiner\u00e2ncia do Sesc"},"content":{"rendered":"\n<p>Longas-metragens exibidos durante o festival ser\u00e3o apresentados entre novembro e dezembro em dez unidades da institui\u00e7\u00e3o no estado de S\u00e3o Paulo<br>A 49\u00aa Mostra Internacional de Cinema em S\u00e3o Paulo amplia novamente o seu alcance para al\u00e9m da capital e leva parte da programa\u00e7\u00e3o da edi\u00e7\u00e3o ao interior do estado em parceria com o Sesc, refor\u00e7ando o compromisso das duas institui\u00e7\u00f5es com a democratiza\u00e7\u00e3o do acesso \u00e0 cultura.<\/p>\n\n\n\n<p>Entre os dias 14 de novembro e 14 de dezembro, dez unidades do Servi\u00e7o Social do Com\u00e9rcio \u2014 localizadas em Araraquara, Birigui, Campinas, Jundia\u00ed, Piracicaba, Presidente Prudente, Registro, Ribeir\u00e3o Preto, Rio Preto e S\u00e3o Carlos \u2014 exibem seis longas-metragens que integraram a sele\u00e7\u00e3o oficial do evento em 2025.<\/p>\n\n\n\n<p>Dois t\u00edtulos do cineasta romeno Radu Jude, Dracula e Kontinental \u201925, ser\u00e3o apresentados. Em Dr\u00e1cula, o diretor revisita o mito do vampiro em uma trama que mistura s\u00e1tira, hist\u00f3ria e pol\u00edtica. J\u00e1 em Kontinental \u201925, vencedor do pr\u00eamio de melhor roteiro do Festival de Berlim, uma oficial de justi\u00e7a enfrenta uma crise moral ao precisar despejar um homem sem-teto em Cluj, na Transilv\u00e2nia.<\/p>\n\n\n\n<p>Na lista tamb\u00e9m est\u00e1 A Sombra do Meu Pai, do nigeriano Akinola Davies Jr., que recebeu uma men\u00e7\u00e3o honrosa do j\u00fari da Cam\u00e9ra d\u2019Or do Festival de Cannes e que venceu dos pr\u00eamios da 49\u00aa Mostra, o da cr\u00edtica, de melhor filme internacional, e o da BRADA, de melhor dire\u00e7\u00e3o de arte. A fic\u00e7\u00e3o semi-autobiogr\u00e1fica acompanha um dia na vida de um homem em Lagos durante a crise eleitoral de 1993, revelando as tens\u00f5es entre afeto, pol\u00edtica e mem\u00f3ria.<\/p>\n\n\n\n<p>A programa\u00e7\u00e3o inclui ainda Sorry, Baby, da norte-americana Eva Victor, premiado em Sundance com o trof\u00e9u de melhor roteiro da se\u00e7\u00e3o U.S. Dramatic. O filme retrata Agnes, uma jovem tentando seguir adiante ap\u00f3s um trauma.<\/p>\n\n\n\n<p>Yunan, do diretor de origem s\u00edria Ameer Fakher Eldin, segue a jornada existencial de um homem que parte para uma ilha isolada em busca de sentido depois de uma decis\u00e3o dr\u00e1stica, enquanto se v\u00ea assombrado por uma par\u00e1bola enigm\u00e1tica deixada pela m\u00e3e.<\/p>\n\n\n\n<p>Completa a itiner\u00e2ncia Enzo, do realizador marroquino Robin Campillo, sobre um adolescente franc\u00eas que desafia a expectativa da fam\u00edlia burguesa ao tornar-se aprendiz de pedreiro.<\/p>\n\n\n\n<hr class=\"wp-block-separator has-alpha-channel-opacity\"\/>\n\n\n\n<p>PROGRAMA\u00c7\u00c3O POR CIDADE<\/p>\n\n\n\n<p>Araraquara<\/p>\n\n\n\n<p>26\/11, 20h: Kontinental &#8217;25<\/p>\n\n\n\n<p>2\/12, 20h: A Sombra do Meu Pai<\/p>\n\n\n\n<p>3\/12, 20h: Dracula<\/p>\n\n\n\n<p>4\/12, 20h: Enzo<\/p>\n\n\n\n<p>9\/12, 20h: Sorry, Baby<\/p>\n\n\n\n<p>10\/12, 20h: Yunan<\/p>\n\n\n\n<p>Birigui<\/p>\n\n\n\n<p>2\/12, 19h30: Yunan<\/p>\n\n\n\n<p>3\/12, 19h30: A Sombra do Meu Pai<\/p>\n\n\n\n<p>4\/12, 19h30: Enzo<\/p>\n\n\n\n<p>10\/12, 19h30: Sorry, Baby<\/p>\n\n\n\n<p>11\/12, 19h30: Kontinental &#8217;25<\/p>\n\n\n\n<p>16\/12, 19h30: Dracula<\/p>\n\n\n\n<p>Campinas<\/p>\n\n\n\n<p>2\/12, 19h: Dracula<\/p>\n\n\n\n<p>3\/12, 19h: Kontinental &#8217;25<\/p>\n\n\n\n<p>9\/12, 19h: Sorry, Baby<\/p>\n\n\n\n<p>11\/12, 19h: A Sombra do Meu Pai<\/p>\n\n\n\n<p>12\/12, 19h: Enzo<\/p>\n\n\n\n<p>13\/12, 15h: Yunan<\/p>\n\n\n\n<p>Jundia\u00ed<\/p>\n\n\n\n<p>18\/11, 20h: Dracula<\/p>\n\n\n\n<p>19\/11, 20h: Kontinental &#8217;25<\/p>\n\n\n\n<p>25\/11, 20h: A Sombra do Meu Pai<\/p>\n\n\n\n<p>26\/11, 20h: Enzo<\/p>\n\n\n\n<p>2\/12, 20h: Yunan<\/p>\n\n\n\n<p>9\/12, 20h: Sorry, Baby<\/p>\n\n\n\n<p>Piracicaba<\/p>\n\n\n\n<p>16\/11, 13h30: A Sombra do Meu Pai<\/p>\n\n\n\n<p>16\/11, 16h: Dracula<\/p>\n\n\n\n<p>23\/11, 13h30: Kontinental &#8217;25<\/p>\n\n\n\n<p>23\/11, 16h: Yunan<\/p>\n\n\n\n<p>30\/11, 13h30: Sorry, Baby<\/p>\n\n\n\n<p>30\/11, 16h: Enzo<\/p>\n\n\n\n<p>Presidente Prudente<\/p>\n\n\n\n<p>18\/11, 20h: A Sombra do Meu Pai<\/p>\n\n\n\n<p>19\/11, 20h: Sorry, Baby<\/p>\n\n\n\n<p>25\/11, 20h: Dracula<\/p>\n\n\n\n<p>26\/11, 20h: Kontinental &#8217;25<\/p>\n\n\n\n<p>2\/12, 20h: Enzo<\/p>\n\n\n\n<p>9\/12, 20h: Yunan<\/p>\n\n\n\n<p>Registro<\/p>\n\n\n\n<p>26\/11, 19h30: Dracula<\/p>\n\n\n\n<p>21\/11, 19h30: Kontinental &#8217;25<\/p>\n\n\n\n<p>20\/11, 19h30: A Sombra do Meu Pai<\/p>\n\n\n\n<p>25\/11, 19h30: Yunan<\/p>\n\n\n\n<p>18\/11, 19h30: Sorry, Baby<\/p>\n\n\n\n<p>28\/11, 19h30: Enzo<\/p>\n\n\n\n<p>Ribeir\u00e3o Preto<\/p>\n\n\n\n<p>4\/12, 19h30: Enzo<\/p>\n\n\n\n<p>7\/12, 15h: Dracula<\/p>\n\n\n\n<p>9\/12, 19h30: Kontinental 25<\/p>\n\n\n\n<p>11\/12, 19h30: A Sombra do Meu Pai<\/p>\n\n\n\n<p>12\/12, 19h30: Sorry, Baby<\/p>\n\n\n\n<p>14\/12, 15h: Yunan<\/p>\n\n\n\n<p>Rio Preto<\/p>\n\n\n\n<p>14\/11, 20h: Dracula<\/p>\n\n\n\n<p>15\/11, 18h: Kontinental &#8217;25<\/p>\n\n\n\n<p>21\/11, 20h: A Sombra do Meu Pai<\/p>\n\n\n\n<p>22\/11, 18h: Yunan<\/p>\n\n\n\n<p>28\/11, 20h: Sorry, Baby<\/p>\n\n\n\n<p>29\/11, 18h: Enzo<\/p>\n\n\n\n<p>S\u00e3o Carlos<\/p>\n\n\n\n<p>14\/11, 19h30: Yunan<\/p>\n\n\n\n<p>21\/11, 19h30: Sorry, Baby<\/p>\n\n\n\n<p>27\/11, 19h30: Dracula<\/p>\n\n\n\n<p>28\/11, 19h30: Kontinental &#8217;25<\/p>\n\n\n\n<p>5\/12, 19h30: A Sombra do Meu Pai<\/p>\n\n\n\n<p>11\/12, 19h30: Enzo<\/p>\n\n\n\n<p>ENDERE\u00c7OS<\/p>\n\n\n\n<p>Sesc Araraquara: rua Castro Alves, 1315, Quitandinha, Araraquara<\/p>\n\n\n\n<p>Sesc Birigui: rua Manoel Domingos Ventura, 121, Vila Xavier, Birigui<\/p>\n\n\n\n<p>Sesc Campinas: rua Dom Jos\u00e9 I, 270\/333, Bonfim, Campinas<\/p>\n\n\n\n<p>Sesc Jundia\u00ed: avenida Ant\u00f4nio Frederico Ozanan, 6600, Jardim Bot\u00e2nico, Jundia\u00ed<\/p>\n\n\n\n<p>Sesc Piracicaba: rua Ipiranga, 155, Centro, Piracicaba<\/p>\n\n\n\n<p>Sesc Presidente Prudente: rua Alberto Peters, 111, Jardim das Rosas, Presidente Prudente<\/p>\n\n\n\n<p>Sesc Registro: avenida Prefeito Jonas Banks Leite 57, Centro, Registro<\/p>\n\n\n\n<p>Sesc Ribeir\u00e3o Preto: rua Tibiri\u00e7\u00e1, 50, Centro, Ribeir\u00e3o Preto<\/p>\n\n\n\n<p>Sesc Rio Preto: avenida Francisco das Chagas Oliveira, 1333, Ch\u00e1cara Municipal, S\u00e3o Jos\u00e9 do Rio Preto<\/p>\n\n\n\n<p>Sesc S\u00e3o Carlos: avenida Comendador Alfredo Maffei, 700, Jardim Gibertoni, S\u00e3o Carlos<\/p>\n\n\n\n<p>PATROCINADORES DA 49\u00aa MOSTRA<\/p>\n\n\n\n<p>Neste ano, a Mostra conta com o patroc\u00ednio master da PETROBRAS, patroc\u00ednio do ITA\u00da e da SPCINE, a parceria do SESC, a colabora\u00e7\u00e3o da ANCINE, da EMBRATUR, da NETFLIX e do INSTITUTO GUIMAR\u00c3ES ROSA e BRITISH COUNCIL, o apoio do PROJETO PARADISO, a promo\u00e7\u00e3o da GLOBOFILMES, do CANAL BRASIL, da FOLHA DE S.PAULO, da TV CULTURA, da ARTE 1, da R\u00c1DIO BAND NEWS e da REVISTA PIAU\u00cd, o apoio t\u00e9cnico da QUANTA, do CULTURA ART\u00cdSTICA e da CINEMATECA BRASILEIRA, o transporte oficial do METR\u00d4 e da SECRETARIA DOS TRANSPORTES METROPOLITANOS do Governo do Estado de S\u00e3o Paulo. Realiza\u00e7\u00e3o: MINIST\u00c9RIO DA CULTURA e GOVERNO FEDERAL, atrav\u00e9s da LEI FEDERAL DE INCENTIVO \u00c0 CULTURA.<\/p>\n","protected":false},"excerpt":{"rendered":"<p>Longas-metragens exibidos durante o festival ser\u00e3o apresentados entre novembro e dezembro em dez unidades da&#8230;<\/p>\n","protected":false},"author":1,"featured_media":26781,"comment_status":"open","ping_status":"open","sticky":false,"template":"","format":"standard","meta":{"footnotes":""},"categories":[2],"tags":[],"featured_image_urls":{"full":["https:\/\/novosaopaulo.com.br\/n1\/wp-content\/uploads\/2025\/11\/b0035305-98e9-4c96-96c3-59bbb45817c1_1068x627.jpg",1068,600,false],"thumbnail":["https:\/\/novosaopaulo.com.br\/n1\/wp-content\/uploads\/2025\/11\/b0035305-98e9-4c96-96c3-59bbb45817c1_1068x627-150x150.jpg",150,150,true],"medium":["https:\/\/novosaopaulo.com.br\/n1\/wp-content\/uploads\/2025\/11\/b0035305-98e9-4c96-96c3-59bbb45817c1_1068x627-300x169.jpg",300,169,true],"medium_large":["https:\/\/novosaopaulo.com.br\/n1\/wp-content\/uploads\/2025\/11\/b0035305-98e9-4c96-96c3-59bbb45817c1_1068x627-768x431.jpg",640,359,true],"large":["https:\/\/novosaopaulo.com.br\/n1\/wp-content\/uploads\/2025\/11\/b0035305-98e9-4c96-96c3-59bbb45817c1_1068x627-1024x575.jpg",640,359,true],"1536x1536":["https:\/\/novosaopaulo.com.br\/n1\/wp-content\/uploads\/2025\/11\/b0035305-98e9-4c96-96c3-59bbb45817c1_1068x627.jpg",1068,600,false],"2048x2048":["https:\/\/novosaopaulo.com.br\/n1\/wp-content\/uploads\/2025\/11\/b0035305-98e9-4c96-96c3-59bbb45817c1_1068x627.jpg",1068,600,false],"newsever-slider-full":["https:\/\/novosaopaulo.com.br\/n1\/wp-content\/uploads\/2025\/11\/b0035305-98e9-4c96-96c3-59bbb45817c1_1068x627.jpg",1068,600,false],"newsever-featured":["https:\/\/novosaopaulo.com.br\/n1\/wp-content\/uploads\/2025\/11\/b0035305-98e9-4c96-96c3-59bbb45817c1_1068x627-1024x575.jpg",1024,575,true],"newsever-medium":["https:\/\/novosaopaulo.com.br\/n1\/wp-content\/uploads\/2025\/11\/b0035305-98e9-4c96-96c3-59bbb45817c1_1068x627-720x475.jpg",720,475,true]},"author_info":{"display_name":"Reda\u00e7\u00e3o","author_link":"https:\/\/novosaopaulo.com.br\/n1\/author\/g5poa\/"},"category_info":"<a href=\"https:\/\/novosaopaulo.com.br\/n1\/category\/cidades\/\" rel=\"category tag\">Cidades<\/a>","tag_info":"Cidades","comment_count":"0","_links":{"self":[{"href":"https:\/\/novosaopaulo.com.br\/n1\/wp-json\/wp\/v2\/posts\/26780"}],"collection":[{"href":"https:\/\/novosaopaulo.com.br\/n1\/wp-json\/wp\/v2\/posts"}],"about":[{"href":"https:\/\/novosaopaulo.com.br\/n1\/wp-json\/wp\/v2\/types\/post"}],"author":[{"embeddable":true,"href":"https:\/\/novosaopaulo.com.br\/n1\/wp-json\/wp\/v2\/users\/1"}],"replies":[{"embeddable":true,"href":"https:\/\/novosaopaulo.com.br\/n1\/wp-json\/wp\/v2\/comments?post=26780"}],"version-history":[{"count":2,"href":"https:\/\/novosaopaulo.com.br\/n1\/wp-json\/wp\/v2\/posts\/26780\/revisions"}],"predecessor-version":[{"id":26783,"href":"https:\/\/novosaopaulo.com.br\/n1\/wp-json\/wp\/v2\/posts\/26780\/revisions\/26783"}],"wp:featuredmedia":[{"embeddable":true,"href":"https:\/\/novosaopaulo.com.br\/n1\/wp-json\/wp\/v2\/media\/26781"}],"wp:attachment":[{"href":"https:\/\/novosaopaulo.com.br\/n1\/wp-json\/wp\/v2\/media?parent=26780"}],"wp:term":[{"taxonomy":"category","embeddable":true,"href":"https:\/\/novosaopaulo.com.br\/n1\/wp-json\/wp\/v2\/categories?post=26780"},{"taxonomy":"post_tag","embeddable":true,"href":"https:\/\/novosaopaulo.com.br\/n1\/wp-json\/wp\/v2\/tags?post=26780"}],"curies":[{"name":"wp","href":"https:\/\/api.w.org\/{rel}","templated":true}]}}