{"id":26763,"date":"2025-11-05T20:31:19","date_gmt":"2025-11-05T23:31:19","guid":{"rendered":"https:\/\/novosaopaulo.com.br\/n1\/?p=26763"},"modified":"2025-11-05T20:31:20","modified_gmt":"2025-11-05T23:31:20","slug":"liga-tenis-10-promove-evento-internacional-com-espen-foss-referencia-mundial-no-tenis-infantil-no-rio-de-janeiro-e-em-sao-paulo","status":"publish","type":"post","link":"https:\/\/novosaopaulo.com.br\/n1\/liga-tenis-10-promove-evento-internacional-com-espen-foss-referencia-mundial-no-tenis-infantil-no-rio-de-janeiro-e-em-sao-paulo\/","title":{"rendered":"Liga T\u00eanis 10 promove evento internacional com Espen Foss, refer\u00eancia mundial no t\u00eanis infantil, no Rio de Janeiro e em S\u00e3o Paulo"},"content":{"rendered":"\n<p>A Liga T\u00eanis 10 realizou, no Rio de Janeiro e em S\u00e3o Paulo, um evento especial com Espen Foss, um dos maiores nomes do t\u00eanis infantil no cen\u00e1rio mundial. Reconhecido por sua atua\u00e7\u00e3o pioneira na Noruega e criador do programa Tennis Kids, que j\u00e1 impactou mais de 10 mil crian\u00e7as, Foss \u00e9 tamb\u00e9m o idealizador de projetos voltados a jovens talentos como Casper Ruud, atual refer\u00eancia do t\u00eanis profissional.<\/p>\n\n\n\n<p>Durante quatro dias de imers\u00e3o te\u00f3rica e pr\u00e1tica, treinadores e professores brasileiros tiveram a oportunidade de aprender diretamente com o especialista, acompanhando cl\u00ednicas reais com crian\u00e7as e adultos em diferentes fases de desenvolvimento. O encontro, promovido pela Liga T\u00eanis 10 em parceria com a Serendipity Tennis e com o apoio da Federa\u00e7\u00e3o Norueguesa de T\u00eanis, teve como objetivo fortalecer as bases do ensino esportivo no pa\u00eds, estimulando novas metodologias e abordagens mais alinhadas \u00e0s gera\u00e7\u00f5es atuais.<\/p>\n\n\n\n<p>\u201cTrabalhamos o primeiro n\u00edvel do t\u00eanis, o n\u00edvel azul e o n\u00edvel vermelho, desenvolvendo as bases que formam jogadores para que possam se tornar o melhor que puderem ser\u201d, explicou Espen Foss. O noruegu\u00eas destacou ainda a energia e o interesse dos treinadores brasileiros:<\/p>\n\n\n\n<p>\u201cAdoro estar com os treinadores brasileiros. Eles fazem perguntas incr\u00edveis e est\u00e3o muito dispostos a aprender. Falamos muito sobre o papel dos pais no processo de ensino, porque as crian\u00e7as de hoje passam mais tempo no celular do que brincando. \u00c9 preciso adaptar a forma de ensinar para essa nova realidade.\u201d<\/p>\n\n\n\n<p>A CEO da Liga T\u00eanis 10, Bruna Assemany, refor\u00e7ou a import\u00e2ncia da presen\u00e7a de Foss no Brasil e o impacto da capacita\u00e7\u00e3o promovida pelo evento:<\/p>\n\n\n\n<p>\u201cTrazer o Espen para o Brasil representa um passo importante na miss\u00e3o da Liga T\u00eanis 10. Acreditamos que a capacita\u00e7\u00e3o dos treinadores com metodologias inovadoras contribui diretamente para fortalecer o cen\u00e1rio do t\u00eanis nacional. Nossa proposta \u00e9 inspirar e conectar novas gera\u00e7\u00f5es de fam\u00edlias e treinadores, promovendo um movimento de transforma\u00e7\u00e3o que vai al\u00e9m das quadras.\u201d<\/p>\n\n\n\n<p>Al\u00e9m do conte\u00fado t\u00e9cnico, a imers\u00e3o trouxe reflex\u00f5es sobre cultura esportiva, forma\u00e7\u00e3o de base e a import\u00e2ncia da participa\u00e7\u00e3o dos pais na inicia\u00e7\u00e3o esportiva. Foss destacou que o futuro do t\u00eanis depende de uma abordagem mais humana, criativa e adaptada \u00e0s novas gera\u00e7\u00f5es.<\/p>\n\n\n\n<p>Em 2025, a Liga T\u00eanis 10 celebra dez anos de atua\u00e7\u00e3o, reafirmando seu compromisso com a democratiza\u00e7\u00e3o do esporte. A institui\u00e7\u00e3o destina 10% das vagas de seus eventos a projetos sociais e j\u00e1 realizou mais de 50 torneios em cidades como Rio de Janeiro, S\u00e3o Paulo, Florian\u00f3polis, Goi\u00e2nia, An\u00e1polis e Belo Horizonte. Agora, a Liga tamb\u00e9m leva sua metodologia para o exterior, com a\u00e7\u00f5es em pa\u00edses como Inglaterra, \u00c1ustria e Eslov\u00eania, ampliando sua miss\u00e3o de inspirar novas gera\u00e7\u00f5es de atletas e treinadores.<\/p>\n","protected":false},"excerpt":{"rendered":"<p>A Liga T\u00eanis 10 realizou, no Rio de Janeiro e em S\u00e3o Paulo, um evento&#8230;<\/p>\n","protected":false},"author":1,"featured_media":26764,"comment_status":"open","ping_status":"open","sticky":false,"template":"","format":"standard","meta":{"footnotes":""},"categories":[2],"tags":[],"featured_image_urls":{"full":["https:\/\/novosaopaulo.com.br\/n1\/wp-content\/uploads\/2025\/11\/WhatsApp-Image-2025-11-05-at-11.18.53.jpeg",738,1146,false],"thumbnail":["https:\/\/novosaopaulo.com.br\/n1\/wp-content\/uploads\/2025\/11\/WhatsApp-Image-2025-11-05-at-11.18.53-150x150.jpeg",150,150,true],"medium":["https:\/\/novosaopaulo.com.br\/n1\/wp-content\/uploads\/2025\/11\/WhatsApp-Image-2025-11-05-at-11.18.53-193x300.jpeg",193,300,true],"medium_large":["https:\/\/novosaopaulo.com.br\/n1\/wp-content\/uploads\/2025\/11\/WhatsApp-Image-2025-11-05-at-11.18.53.jpeg",640,994,false],"large":["https:\/\/novosaopaulo.com.br\/n1\/wp-content\/uploads\/2025\/11\/WhatsApp-Image-2025-11-05-at-11.18.53-659x1024.jpeg",640,994,true],"1536x1536":["https:\/\/novosaopaulo.com.br\/n1\/wp-content\/uploads\/2025\/11\/WhatsApp-Image-2025-11-05-at-11.18.53.jpeg",738,1146,false],"2048x2048":["https:\/\/novosaopaulo.com.br\/n1\/wp-content\/uploads\/2025\/11\/WhatsApp-Image-2025-11-05-at-11.18.53.jpeg",738,1146,false],"newsever-slider-full":["https:\/\/novosaopaulo.com.br\/n1\/wp-content\/uploads\/2025\/11\/WhatsApp-Image-2025-11-05-at-11.18.53-738x845.jpeg",738,845,true],"newsever-featured":["https:\/\/novosaopaulo.com.br\/n1\/wp-content\/uploads\/2025\/11\/WhatsApp-Image-2025-11-05-at-11.18.53.jpeg",738,1146,false],"newsever-medium":["https:\/\/novosaopaulo.com.br\/n1\/wp-content\/uploads\/2025\/11\/WhatsApp-Image-2025-11-05-at-11.18.53-720x475.jpeg",720,475,true]},"author_info":{"display_name":"Reda\u00e7\u00e3o","author_link":"https:\/\/novosaopaulo.com.br\/n1\/author\/g5poa\/"},"category_info":"<a href=\"https:\/\/novosaopaulo.com.br\/n1\/category\/cidades\/\" rel=\"category tag\">Cidades<\/a>","tag_info":"Cidades","comment_count":"0","_links":{"self":[{"href":"https:\/\/novosaopaulo.com.br\/n1\/wp-json\/wp\/v2\/posts\/26763"}],"collection":[{"href":"https:\/\/novosaopaulo.com.br\/n1\/wp-json\/wp\/v2\/posts"}],"about":[{"href":"https:\/\/novosaopaulo.com.br\/n1\/wp-json\/wp\/v2\/types\/post"}],"author":[{"embeddable":true,"href":"https:\/\/novosaopaulo.com.br\/n1\/wp-json\/wp\/v2\/users\/1"}],"replies":[{"embeddable":true,"href":"https:\/\/novosaopaulo.com.br\/n1\/wp-json\/wp\/v2\/comments?post=26763"}],"version-history":[{"count":1,"href":"https:\/\/novosaopaulo.com.br\/n1\/wp-json\/wp\/v2\/posts\/26763\/revisions"}],"predecessor-version":[{"id":26765,"href":"https:\/\/novosaopaulo.com.br\/n1\/wp-json\/wp\/v2\/posts\/26763\/revisions\/26765"}],"wp:featuredmedia":[{"embeddable":true,"href":"https:\/\/novosaopaulo.com.br\/n1\/wp-json\/wp\/v2\/media\/26764"}],"wp:attachment":[{"href":"https:\/\/novosaopaulo.com.br\/n1\/wp-json\/wp\/v2\/media?parent=26763"}],"wp:term":[{"taxonomy":"category","embeddable":true,"href":"https:\/\/novosaopaulo.com.br\/n1\/wp-json\/wp\/v2\/categories?post=26763"},{"taxonomy":"post_tag","embeddable":true,"href":"https:\/\/novosaopaulo.com.br\/n1\/wp-json\/wp\/v2\/tags?post=26763"}],"curies":[{"name":"wp","href":"https:\/\/api.w.org\/{rel}","templated":true}]}}