{"id":26758,"date":"2025-11-05T20:30:20","date_gmt":"2025-11-05T23:30:20","guid":{"rendered":"https:\/\/novosaopaulo.com.br\/n1\/?p=26758"},"modified":"2025-11-05T20:30:21","modified_gmt":"2025-11-05T23:30:21","slug":"antirracismo-na-primeira-infancia-e-tema-de-roda-de-conversa","status":"publish","type":"post","link":"https:\/\/novosaopaulo.com.br\/n1\/antirracismo-na-primeira-infancia-e-tema-de-roda-de-conversa\/","title":{"rendered":"Antirracismo na primeira inf\u00e2ncia \u00e9 tema de roda de conversa"},"content":{"rendered":"\n<p>Duas das vozes mais potentes do pa\u00eds, Jussara Santos e Cida Bento discutem a import\u00e2ncia do acolhimento e da representatividade, em S\u00e3o Paulo<\/p>\n\n\n\n<p>A pesquisadora Jussara Santos, doutora em Educa\u00e7\u00e3o e rela\u00e7\u00f5es \u00e9tnico-raciais, e a ativista Cida Bento, doutora em Psicologia Escolar e Desenvolvimento Humano, re\u00fanem-se em S\u00e3o Paulo para uma roda de conversa sobre temas fundamentais \u00e0 constru\u00e7\u00e3o de uma sociedade mais justa: branquitude, acolhimento e antirracismo na primeira inf\u00e2ncia.<\/p>\n\n\n\n<p>O encontro marca o lan\u00e7amento do livro Democratiza\u00e7\u00e3o do colo: Educa\u00e7\u00e3o antirracista para e com beb\u00eas e crian\u00e7as pequenas, publicado pela Papirus Editora, e acontece no dia 8 de novembro, \u00e0s 15h, na Livraria das Perdizes.<\/p>\n\n\n\n<p>Na conversa, as especialistas convidam o p\u00fablico a refletir sobre como o afeto e o reconhecimento das diferen\u00e7as podem transformar a educa\u00e7\u00e3o desde os primeiros anos de vida.<\/p>\n\n\n\n<p>A obra, escrita por Jussara Santos, prop\u00f5e repensar pr\u00e1ticas pedag\u00f3gicas e familiares para que o \u201ccolo\u201d, compreendido como espa\u00e7o de escuta e cuidado, seja tamb\u00e9m um gesto pol\u00edtico de enfrentamento ao racismo estrutural.<\/p>\n\n\n\n<p>Aberto ao p\u00fablico, o evento promete uma tarde de di\u00e1logo, partilha e compromisso com a educa\u00e7\u00e3o antirracista, reunindo duas das vozes mais importantes do pa\u00eds no debate sobre inf\u00e2ncia, diversidade e equidade racial.<\/p>\n\n\n\n<p>Servi\u00e7o<br>Roda de conversa e lan\u00e7amento do livro Democratiza\u00e7\u00e3o do colo: Educa\u00e7\u00e3o antirracista para e com beb\u00eas e crian\u00e7as pequenas<br>Com Jussara Santos e Cida Bento<br>Data: 8 de novembro, \u00e0s 15h<br>Local: Livraria das Perdizes<br>Endere\u00e7o: Rua Bartira, 317, Perdizes \u2013 S\u00e3o Paulo\/SP<br>Entrada: gratuita | estacionamento no local<\/p>\n\n\n\n<p>Foto Capa: Foto &#8211; Jussara Santos e Cida Bento<\/p>\n\n\n\n<figure class=\"wp-block-gallery has-nested-images columns-2 is-cropped wp-block-gallery-1 is-layout-flex wp-block-gallery-is-layout-flex\">\n<figure class=\"wp-block-image size-full\"><img decoding=\"async\" width=\"120\" height=\"180\" data-id=\"26761\" src=\"https:\/\/novosaopaulo.com.br\/n1\/wp-content\/uploads\/2025\/11\/WhatsApp-Image-2025-11-05-at-11.02.08.jpeg\" alt=\"\" class=\"wp-image-26761\"\/><\/figure>\n\n\n\n<figure class=\"wp-block-image size-full\"><img decoding=\"async\" width=\"120\" height=\"150\" data-id=\"26760\" src=\"http:\/\/novosaopaulo.com.br\/n1\/wp-content\/uploads\/2025\/11\/WhatsApp-Image-2025-11-05-at-11.02.20.jpeg\" alt=\"\" class=\"wp-image-26760\"\/><\/figure>\n<\/figure>\n","protected":false},"excerpt":{"rendered":"<p>Duas das vozes mais potentes do pa\u00eds, Jussara Santos e Cida Bento discutem a import\u00e2ncia&#8230;<\/p>\n","protected":false},"author":1,"featured_media":26759,"comment_status":"open","ping_status":"open","sticky":false,"template":"","format":"standard","meta":{"footnotes":""},"categories":[2],"tags":[],"featured_image_urls":{"full":["https:\/\/novosaopaulo.com.br\/n1\/wp-content\/uploads\/2025\/11\/WhatsApp-Image-2025-11-05-at-11.01.30.jpeg",300,175,false],"thumbnail":["https:\/\/novosaopaulo.com.br\/n1\/wp-content\/uploads\/2025\/11\/WhatsApp-Image-2025-11-05-at-11.01.30-150x150.jpeg",150,150,true],"medium":["https:\/\/novosaopaulo.com.br\/n1\/wp-content\/uploads\/2025\/11\/WhatsApp-Image-2025-11-05-at-11.01.30.jpeg",300,175,false],"medium_large":["https:\/\/novosaopaulo.com.br\/n1\/wp-content\/uploads\/2025\/11\/WhatsApp-Image-2025-11-05-at-11.01.30.jpeg",300,175,false],"large":["https:\/\/novosaopaulo.com.br\/n1\/wp-content\/uploads\/2025\/11\/WhatsApp-Image-2025-11-05-at-11.01.30.jpeg",300,175,false],"1536x1536":["https:\/\/novosaopaulo.com.br\/n1\/wp-content\/uploads\/2025\/11\/WhatsApp-Image-2025-11-05-at-11.01.30.jpeg",300,175,false],"2048x2048":["https:\/\/novosaopaulo.com.br\/n1\/wp-content\/uploads\/2025\/11\/WhatsApp-Image-2025-11-05-at-11.01.30.jpeg",300,175,false],"newsever-slider-full":["https:\/\/novosaopaulo.com.br\/n1\/wp-content\/uploads\/2025\/11\/WhatsApp-Image-2025-11-05-at-11.01.30.jpeg",300,175,false],"newsever-featured":["https:\/\/novosaopaulo.com.br\/n1\/wp-content\/uploads\/2025\/11\/WhatsApp-Image-2025-11-05-at-11.01.30.jpeg",300,175,false],"newsever-medium":["https:\/\/novosaopaulo.com.br\/n1\/wp-content\/uploads\/2025\/11\/WhatsApp-Image-2025-11-05-at-11.01.30.jpeg",300,175,false]},"author_info":{"display_name":"Reda\u00e7\u00e3o","author_link":"https:\/\/novosaopaulo.com.br\/n1\/author\/g5poa\/"},"category_info":"<a href=\"https:\/\/novosaopaulo.com.br\/n1\/category\/cidades\/\" rel=\"category tag\">Cidades<\/a>","tag_info":"Cidades","comment_count":"0","_links":{"self":[{"href":"https:\/\/novosaopaulo.com.br\/n1\/wp-json\/wp\/v2\/posts\/26758"}],"collection":[{"href":"https:\/\/novosaopaulo.com.br\/n1\/wp-json\/wp\/v2\/posts"}],"about":[{"href":"https:\/\/novosaopaulo.com.br\/n1\/wp-json\/wp\/v2\/types\/post"}],"author":[{"embeddable":true,"href":"https:\/\/novosaopaulo.com.br\/n1\/wp-json\/wp\/v2\/users\/1"}],"replies":[{"embeddable":true,"href":"https:\/\/novosaopaulo.com.br\/n1\/wp-json\/wp\/v2\/comments?post=26758"}],"version-history":[{"count":1,"href":"https:\/\/novosaopaulo.com.br\/n1\/wp-json\/wp\/v2\/posts\/26758\/revisions"}],"predecessor-version":[{"id":26762,"href":"https:\/\/novosaopaulo.com.br\/n1\/wp-json\/wp\/v2\/posts\/26758\/revisions\/26762"}],"wp:featuredmedia":[{"embeddable":true,"href":"https:\/\/novosaopaulo.com.br\/n1\/wp-json\/wp\/v2\/media\/26759"}],"wp:attachment":[{"href":"https:\/\/novosaopaulo.com.br\/n1\/wp-json\/wp\/v2\/media?parent=26758"}],"wp:term":[{"taxonomy":"category","embeddable":true,"href":"https:\/\/novosaopaulo.com.br\/n1\/wp-json\/wp\/v2\/categories?post=26758"},{"taxonomy":"post_tag","embeddable":true,"href":"https:\/\/novosaopaulo.com.br\/n1\/wp-json\/wp\/v2\/tags?post=26758"}],"curies":[{"name":"wp","href":"https:\/\/api.w.org\/{rel}","templated":true}]}}