{"id":26749,"date":"2025-11-04T17:58:31","date_gmt":"2025-11-04T20:58:31","guid":{"rendered":"https:\/\/novosaopaulo.com.br\/n1\/?p=26749"},"modified":"2025-11-04T17:58:32","modified_gmt":"2025-11-04T20:58:32","slug":"a-juventude-e-as-redes-sociais","status":"publish","type":"post","link":"https:\/\/novosaopaulo.com.br\/n1\/a-juventude-e-as-redes-sociais\/","title":{"rendered":"A juventude e as redes sociais"},"content":{"rendered":"\n<p>\u00c9 muito importante constatarmos que n\u00f3s, especialmente os jovens, temos um desejo profundo de conex\u00e3o. Procuramos conex\u00f5es o tempo todo: com a realidade em que estamos inseridos, as pessoas, os lugares. Fomos criados como seres de rela\u00e7\u00e3o. Temos a necessidade de nos relacionarmos uns com os outros. Ningu\u00e9m \u00e9 uma ilha isolada.<\/p>\n\n\n\n<p>Fomos feitos para compartilhar a vida. E basta olharmos um pouco para a exist\u00eancia humana que logo percebemos a forma como se constituem as fam\u00edlias, as amizades, os companheiros de trabalho, os colegas, pois estamos sempre nos conectando uns com os outros.<\/p>\n\n\n\n<p>E nas redes sociais isso n\u00e3o \u00e9 diferente. Elas se tornam um lugar de conex\u00e3o, onde estabelecemos comunh\u00e3o, criamos v\u00ednculos. Mas que tipo de conex\u00f5es estamos formando? Qual \u00e9 a qualidade dessas conex\u00f5es? As redes, de fato, t\u00eam me aproximado mais das pessoas ou t\u00eam me distanciado delas? Quando queremos nos conectar com algu\u00e9m, fazemos isso com o desejo de nos relacionarmos com a pessoa real, com aquilo que ela traz de mais essencial? Queremos e buscamos um la\u00e7o profundo, concreto?<\/p>\n\n\n\n<p>Com a possibilidade de nos conectarmos tamb\u00e9m por meio das redes sociais, nas quais expomos nossas vidas, compartilhamos ideias, conhecemos novas pessoas \u2014 tudo isso representa uma grande oportunidade. Por\u00e9m, essa oportunidade tamb\u00e9m pode se tornar um grande risco. \u00c9 inevit\u00e1vel termos contato com esse mundo digital. E mais: precisamos saber como fazer bom uso dessas redes, desses meios que nos foram concedidos, para que, realmente, possamos nos conectar com mais pessoas e compartilhar vida.<\/p>\n\n\n\n<p>As redes precisam ser um meio de comunh\u00e3o e crescimento \u2014 e n\u00e3o de destrui\u00e7\u00e3o e distanciamento. N\u00e3o podemos nos enganar! Muitas vezes, achamos que estamos conectados com v\u00e1rias pessoas, mas, na verdade, estamos distantes, isolados. Por isso eu e voc\u00ea precisamos estar muito atentos e nos perguntar: o que as redes t\u00eam produzido em n\u00f3s? T\u00eam nos aproximado? T\u00eam nos agregado? Nas conex\u00f5es estabelecidas, o que compartilho e o que recebo? Isso tem me ajudado a crescer como pessoa e a estabelecer v\u00ednculos, a ser mais humano? Ou, pelo contr\u00e1rio, tenho apenas tentado transmitir uma imagem ilus\u00f3ria sobre mim mesmo?<\/p>\n\n\n\n<p>A exposi\u00e7\u00e3o saud\u00e1vel \u00e9 aquela em que compartilho sentimentos, ideias, reflex\u00f5es, momentos que vivo, e isso \u00e9 muito bom. E quando o compartilhamento deixa de ser saud\u00e1vel? \u00c9 quando exponho aspectos \u00edntimos, t\u00e3o delicados que nem todas as pessoas est\u00e3o preparadas (ou s\u00e3o dignas) para receber aquilo que estou mostrando. Por qu\u00ea? Porque \u00e9 algo sagrado. Por isso preciso ter filtro, discernimento, entendimento e uma reflex\u00e3o mais profunda para saber o que devo ou n\u00e3o devo expor nas redes sociais. Muitas vezes, quando algo cai na rede, \u00e9 praticamente irrevers\u00edvel. N\u00e3o posso simplesmente apagar da mem\u00f3ria das pessoas aquilo que elas viram, mesmo que eu delete uma postagem. Por isso precisamos estar muito atentos.<\/p>\n\n\n\n<p>A exposi\u00e7\u00e3o saud\u00e1vel \u00e9 aquela que agrega, e nem sempre s\u00e3o situa\u00e7\u00f5es agrad\u00e1veis,: \u00e0s vezes, s\u00e3o desafios e realidades dif\u00edceis que estamos enfrentando. Sem contar que, hoje, as redes sociais se tornaram, para os jovens, um meio potente de compartilhar a vida \u2014 e a vida que vivemos com Deus. Fa\u00e7o essa experi\u00eancia de vida. Todas as vezes que tive a oportunidade de compartilhar, pelas redes sociais, viv\u00eancias, desafios, lutas que enfrentei, percebi que outras pessoas tamb\u00e9m foram edificadas. Porque evangelizar \u00e9 isso: \u00e9 dar a vida que se vive.<\/p>\n\n\n\n<p>As redes sociais se tornaram um meio concreto para isso. Eu evangelizo, compartilho a vida e as experi\u00eancias, inclusive, os meus pr\u00f3prios desafios. Mas preciso entender, como nos ensinam os s\u00e1bios: \u201cque proveito posso tirar de tudo isso para ser uma pessoa melhor?\u201d<\/p>\n\n\n\n<p>A rede social n\u00e3o \u00e9 lugar para gerar conflitos ou fazer postagem com o objetivo de causar inveja nos outros. \u00c9 um lugar de compartilhamento de vida com responsabilidade. Lembremos que fomos criados para viver junto com os outros, e para isso precisamos estabelecer conex\u00f5es; e as redes sociais podem se tornar um meio concreto para que isso aconte\u00e7a, desde que saibamos us\u00e1-las bem. Se assim fizermos, as redes, de fato, se tornam meios pelos quais podemos edificar e tamb\u00e9m ser edificado por outras pessoas.<\/p>\n\n\n\n<p>*Tiago Marcon \u00e9 membro da Comunidade Can\u00e7\u00e3o Nova, respons\u00e1vel pela Imers\u00e3o Mission\u00e1ria da Can\u00e7\u00e3o Nova no Chile.<\/p>\n","protected":false},"excerpt":{"rendered":"<p>\u00c9 muito importante constatarmos que n\u00f3s, especialmente os jovens, temos um desejo profundo de conex\u00e3o&#8230;.<\/p>\n","protected":false},"author":1,"featured_media":26750,"comment_status":"open","ping_status":"open","sticky":false,"template":"","format":"standard","meta":{"footnotes":""},"categories":[2],"tags":[],"featured_image_urls":{"full":["https:\/\/novosaopaulo.com.br\/n1\/wp-content\/uploads\/2025\/11\/WhatsApp-Image-2025-11-04-at-16.42.56.jpeg",1325,885,false],"thumbnail":["https:\/\/novosaopaulo.com.br\/n1\/wp-content\/uploads\/2025\/11\/WhatsApp-Image-2025-11-04-at-16.42.56-150x150.jpeg",150,150,true],"medium":["https:\/\/novosaopaulo.com.br\/n1\/wp-content\/uploads\/2025\/11\/WhatsApp-Image-2025-11-04-at-16.42.56-300x200.jpeg",300,200,true],"medium_large":["https:\/\/novosaopaulo.com.br\/n1\/wp-content\/uploads\/2025\/11\/WhatsApp-Image-2025-11-04-at-16.42.56-768x513.jpeg",640,428,true],"large":["https:\/\/novosaopaulo.com.br\/n1\/wp-content\/uploads\/2025\/11\/WhatsApp-Image-2025-11-04-at-16.42.56-1024x684.jpeg",640,428,true],"1536x1536":["https:\/\/novosaopaulo.com.br\/n1\/wp-content\/uploads\/2025\/11\/WhatsApp-Image-2025-11-04-at-16.42.56.jpeg",1325,885,false],"2048x2048":["https:\/\/novosaopaulo.com.br\/n1\/wp-content\/uploads\/2025\/11\/WhatsApp-Image-2025-11-04-at-16.42.56.jpeg",1325,885,false],"newsever-slider-full":["https:\/\/novosaopaulo.com.br\/n1\/wp-content\/uploads\/2025\/11\/WhatsApp-Image-2025-11-04-at-16.42.56-1280x845.jpeg",1280,845,true],"newsever-featured":["https:\/\/novosaopaulo.com.br\/n1\/wp-content\/uploads\/2025\/11\/WhatsApp-Image-2025-11-04-at-16.42.56-1024x684.jpeg",1024,684,true],"newsever-medium":["https:\/\/novosaopaulo.com.br\/n1\/wp-content\/uploads\/2025\/11\/WhatsApp-Image-2025-11-04-at-16.42.56-720x475.jpeg",720,475,true]},"author_info":{"display_name":"Reda\u00e7\u00e3o","author_link":"https:\/\/novosaopaulo.com.br\/n1\/author\/g5poa\/"},"category_info":"<a href=\"https:\/\/novosaopaulo.com.br\/n1\/category\/cidades\/\" rel=\"category tag\">Cidades<\/a>","tag_info":"Cidades","comment_count":"0","_links":{"self":[{"href":"https:\/\/novosaopaulo.com.br\/n1\/wp-json\/wp\/v2\/posts\/26749"}],"collection":[{"href":"https:\/\/novosaopaulo.com.br\/n1\/wp-json\/wp\/v2\/posts"}],"about":[{"href":"https:\/\/novosaopaulo.com.br\/n1\/wp-json\/wp\/v2\/types\/post"}],"author":[{"embeddable":true,"href":"https:\/\/novosaopaulo.com.br\/n1\/wp-json\/wp\/v2\/users\/1"}],"replies":[{"embeddable":true,"href":"https:\/\/novosaopaulo.com.br\/n1\/wp-json\/wp\/v2\/comments?post=26749"}],"version-history":[{"count":1,"href":"https:\/\/novosaopaulo.com.br\/n1\/wp-json\/wp\/v2\/posts\/26749\/revisions"}],"predecessor-version":[{"id":26751,"href":"https:\/\/novosaopaulo.com.br\/n1\/wp-json\/wp\/v2\/posts\/26749\/revisions\/26751"}],"wp:featuredmedia":[{"embeddable":true,"href":"https:\/\/novosaopaulo.com.br\/n1\/wp-json\/wp\/v2\/media\/26750"}],"wp:attachment":[{"href":"https:\/\/novosaopaulo.com.br\/n1\/wp-json\/wp\/v2\/media?parent=26749"}],"wp:term":[{"taxonomy":"category","embeddable":true,"href":"https:\/\/novosaopaulo.com.br\/n1\/wp-json\/wp\/v2\/categories?post=26749"},{"taxonomy":"post_tag","embeddable":true,"href":"https:\/\/novosaopaulo.com.br\/n1\/wp-json\/wp\/v2\/tags?post=26749"}],"curies":[{"name":"wp","href":"https:\/\/api.w.org\/{rel}","templated":true}]}}