{"id":26742,"date":"2025-11-04T17:55:00","date_gmt":"2025-11-04T20:55:00","guid":{"rendered":"https:\/\/novosaopaulo.com.br\/n1\/?p=26742"},"modified":"2025-11-04T17:55:01","modified_gmt":"2025-11-04T20:55:01","slug":"camara-de-suzano-entrega-titulos-de-cidadao-suzanense-a-dois-pastores-em-sessao-solene","status":"publish","type":"post","link":"https:\/\/novosaopaulo.com.br\/n1\/camara-de-suzano-entrega-titulos-de-cidadao-suzanense-a-dois-pastores-em-sessao-solene\/","title":{"rendered":"C\u00e2mara de Suzano entrega t\u00edtulos de Cidad\u00e3o Suzanense a dois pastores em sess\u00e3o solene"},"content":{"rendered":"\n<p>A C\u00e2mara de Suzano entregou ontem (3) os t\u00edtulos de Cidad\u00e3o Suzanense aos pastores Jucenio Felix da Silva e Toniebert Campos Araujo de Paula. As homenagens s\u00e3o de autoria do vereador Marcel Pereira da Silva (PRD), o Marcel da ONG.<\/p>\n\n\n\n<p>A sess\u00e3o solene foi conduzida pelo chefe do Legislativo, Artur Takayama (PL), que destacou o trabalho social desenvolvido pelos pastores no munic\u00edpio. \u201cHoje prestamos uma justa homenagem a dois homens que fizeram da f\u00e9 o seu proposito e do amor ao pr\u00f3ximo a sua miss\u00e3o. Homens que, movidos pela luz divina, dedicaram cada passo, cada palavra e cada gesto para cuidar de pessoas. Homens que enxergam al\u00e9m das dores, que acreditam no potencial da transforma\u00e7\u00e3o e que n\u00e3o desistiram de nenhuma vida colocada em seus caminhos, acolhendo, evangelizando, restaurando fam\u00edlias, devolvendo sonhos e reerguendo hist\u00f3rias que pareciam perdidas\u201d, disse.<\/p>\n\n\n\n<p>Autor do decreto legislativo que resultou na homenagem, Marcel da ONG, citando um prov\u00e9rbio b\u00edblico, afirmou que ambos t\u00eam um trabalho espiritual e social pr\u00f3spero no munic\u00edpio. \u201cAmbos t\u00eam regado vidas com dedica\u00e7\u00e3o, f\u00e9 e amor. Pastor Jucenio sempre levou mensagem de esperan\u00e7a, inclusive pelos meios de comunica\u00e7\u00e3o. O pastor Toniebert tem mais de tr\u00eas d\u00e9cadas de minist\u00e9rio, marcada por lideran\u00e7a, evangeliza\u00e7\u00e3o e compromisso com o pr\u00f3ximo. S\u00e3o pastores que n\u00e3o se limitaram aos p\u00falpitos, mas estenderam as m\u00e3os para servir, socorrer e transformar vidas, por isso, essa Casa de Leis tem a honra de conceder o T\u00edtulo de Cidad\u00e3o Suzanense a voc\u00eas, que representam luz, esperan\u00e7a e exemplo para Suzano\u201d, discursou.<\/p>\n\n\n\n<p>O secret\u00e1rio do Verde e do Meio Ambiente da cidade de S\u00e3o Paulo, Rodrigo Ashiuchi, afirmou que os t\u00edtulos recebidos pelo Legislativo s\u00e3o frutos do trabalho que fizeram pela cidade. \u201c\u00c9 por isso que temos nesta segunda-feira a C\u00e2mara lotada. A cidade reconhece o trabalho de voc\u00eas\u201d, observou.<\/p>\n\n\n\n<p>O prefeito Pedro Ishi (PL) tamb\u00e9m ressaltou que a homenagem \u00e9 resultado da tarefa que os pastores cumprem junto \u00e0 comunidade. \u201cPessoas como voc\u00eas colaboram com o futuro de Suzano\u201d, declarou.<\/p>\n\n\n\n<p>Homenageados<\/p>\n\n\n\n<p>O pastor Toniebert Campos Araujo de Paula salientou que o t\u00edtulo recebido n\u00e3o \u00e9 sobre a sua capacidade, mas sim resultado do trabalho pastoral que desenvolve h\u00e1 quase duas d\u00e9cadas em Suzano. Ele dedicou a homenagem \u00e0 sua esposa, Viviane, que estava no Plen\u00e1rio acompanhada da filha do casal, Lorena.<\/p>\n\n\n\n<p>O pastor Jucenio Felix da Silva destacou o trabalho social a que se dedica em Suzano nos \u00faltimos dez anos e o quanto \u00e9 gratificante ver pessoas recuperadas de v\u00edcios e fam\u00edlias restauradas. Ele tamb\u00e9m agradeceu aos obreiros da igreja e \u00e0 esposa, Simone, presente no Plen\u00e1rio.<\/p>\n\n\n\n<p>O pastor presidente da Assembleia de Deus Minist\u00e9rio Madureira, Gilberto de Paula, parabenizou os homenageados. Tamb\u00e9m fizeram parte da mesa solene do evento o vice-prefeito Said Raful (PSD) e o vereador de Igarat\u00e1 Joelton Carlos Bueno (PSD). Entre as autoridades presentes, estavam o secret\u00e1rio de Governo Po\u00e1, Saul Souza, e o vereador de Aruj\u00e1 Juvenildo Barbosa da Silva (PP), al\u00e9m do chefe de gabinete de Suzano, Afr\u00e2nio Evaristo da Silva, e o secret\u00e1rio de Governo, Alex Santos.<\/p>\n\n\n\n<p>O Coral de Homens Ebenezer e Mulheres Uni\u00e3o Feminina da Assembleia de Deus fez uma apresenta\u00e7\u00e3o musical no evento.<\/p>\n\n\n\n<p>Trajet\u00f3ria<\/p>\n\n\n\n<p>Jucenio Felix da Silva foi ordenado pastor na Assembleia de Deus minist\u00e9rio de Madureira em 2016. Ele \u00e9 pastor dirigente de congrega\u00e7\u00e3o desde 2010, atuando nas cidades de Santana de Parna\u00edba e Mogi das Cruzes.<\/p>\n\n\n\n<p>Em 1998, gravou o seu primeiro CD e logo em seguida come\u00e7ou a trabalhar como radialista em emissoras de programa\u00e7\u00e3o evang\u00e9lica, segmento que atuou por 22 anos. Por dois anos, tamb\u00e9m participou como coapresentador do programa de TV da Assembleia de Deus Minist\u00e9rio de Madureira em Mogi das Cruzes. Ao longo da carreira musical, gravou seis CDs, que somam mais de 120 mil c\u00f3pias vendidas.<\/p>\n\n\n\n<p>Em Suzano, desde 2015 desenvolve um trabalho de evangeliza\u00e7\u00e3o no Miguel Badra, al\u00e9m de atuar na restaura\u00e7\u00e3o de fam\u00edlias, jovens e na recupera\u00e7\u00e3o de vidas. Na \u00e1rea social, atua junto com a igreja local na distribui\u00e7\u00e3o de cestas b\u00e1sicas a diversas fam\u00edlias.<\/p>\n\n\n\n<p>Toniebert Campos Araujo de Paula sempre auxiliou o pai, o pastor Gilberto de Paula, nos trabalhos da igreja. De 1997 a 2001 trabalhou para o bispo Manoel Ferreira, presidente mundial do Minist\u00e9rio de Madureira, auxiliando a Tesouraria do projeto mission\u00e1rio Janelas Abertas Para o Oriente \u2013 R\u00fassia.<\/p>\n\n\n\n<p>Em 2000, aos 18 anos de idade, foi empossado como pastor dirigente da Assembleia de Deus do Jardim Bonan\u00e7a em Osasco e consagrado presb\u00edtero. Cerca de dois anos e meio depois, mudou-se para Mogi das Cruzes.<\/p>\n\n\n\n<p>De 2003 a 2008 foi l\u00edder local e regional, antes de chegar ao cargo de diretor geral de Jovens da Assembleia de Deus em Mogi das Cruzes. Em 2007, foi ordenado pastor, mesmo ano em que concluiu o curso de Direito. Desde 2008 \u00e9 primeiro vice-presidente da Assembleia de Deus Minist\u00e9rio de Madureira Campo de Mogi das Cruzes, que conta com 115 templos filiais no Alto Tiet\u00ea. Dessas, 31 est\u00e3o estabelecidas em Suzano, onde ele exerce tamb\u00e9m a fun\u00e7\u00e3o de pastor coordenador setorial e \u00e9 o pastor dirigente da Congrega\u00e7\u00e3o Filial da Cidade Edson.<\/p>\n\n\n\n<p>Como palestrante, realiza em Suzano encontros, confraterniza\u00e7\u00f5es e orienta\u00e7\u00f5es sobre sa\u00fade do homem, cria\u00e7\u00e3o de filhos, mercado de trabalho e autoestima, al\u00e9m de orientar os jovens na preven\u00e7\u00e3o sobre doen\u00e7as, drogas e orienta\u00e7\u00e3o vocacional.<\/p>\n","protected":false},"excerpt":{"rendered":"<p>A C\u00e2mara de Suzano entregou ontem (3) os t\u00edtulos de Cidad\u00e3o Suzanense aos pastores Jucenio&#8230;<\/p>\n","protected":false},"author":1,"featured_media":26743,"comment_status":"open","ping_status":"open","sticky":false,"template":"","format":"standard","meta":{"footnotes":""},"categories":[2],"tags":[],"featured_image_urls":{"full":["https:\/\/novosaopaulo.com.br\/n1\/wp-content\/uploads\/2025\/11\/WhatsApp-Image-2025-11-04-at-11.47.29.jpeg",1600,1176,false],"thumbnail":["https:\/\/novosaopaulo.com.br\/n1\/wp-content\/uploads\/2025\/11\/WhatsApp-Image-2025-11-04-at-11.47.29-150x150.jpeg",150,150,true],"medium":["https:\/\/novosaopaulo.com.br\/n1\/wp-content\/uploads\/2025\/11\/WhatsApp-Image-2025-11-04-at-11.47.29-300x221.jpeg",300,221,true],"medium_large":["https:\/\/novosaopaulo.com.br\/n1\/wp-content\/uploads\/2025\/11\/WhatsApp-Image-2025-11-04-at-11.47.29-768x564.jpeg",640,470,true],"large":["https:\/\/novosaopaulo.com.br\/n1\/wp-content\/uploads\/2025\/11\/WhatsApp-Image-2025-11-04-at-11.47.29-1024x753.jpeg",640,471,true],"1536x1536":["https:\/\/novosaopaulo.com.br\/n1\/wp-content\/uploads\/2025\/11\/WhatsApp-Image-2025-11-04-at-11.47.29-1536x1129.jpeg",1536,1129,true],"2048x2048":["https:\/\/novosaopaulo.com.br\/n1\/wp-content\/uploads\/2025\/11\/WhatsApp-Image-2025-11-04-at-11.47.29.jpeg",1600,1176,false],"newsever-slider-full":["https:\/\/novosaopaulo.com.br\/n1\/wp-content\/uploads\/2025\/11\/WhatsApp-Image-2025-11-04-at-11.47.29-1280x845.jpeg",1280,845,true],"newsever-featured":["https:\/\/novosaopaulo.com.br\/n1\/wp-content\/uploads\/2025\/11\/WhatsApp-Image-2025-11-04-at-11.47.29-1024x753.jpeg",1024,753,true],"newsever-medium":["https:\/\/novosaopaulo.com.br\/n1\/wp-content\/uploads\/2025\/11\/WhatsApp-Image-2025-11-04-at-11.47.29-720x475.jpeg",720,475,true]},"author_info":{"display_name":"Reda\u00e7\u00e3o","author_link":"https:\/\/novosaopaulo.com.br\/n1\/author\/g5poa\/"},"category_info":"<a href=\"https:\/\/novosaopaulo.com.br\/n1\/category\/cidades\/\" rel=\"category tag\">Cidades<\/a>","tag_info":"Cidades","comment_count":"0","_links":{"self":[{"href":"https:\/\/novosaopaulo.com.br\/n1\/wp-json\/wp\/v2\/posts\/26742"}],"collection":[{"href":"https:\/\/novosaopaulo.com.br\/n1\/wp-json\/wp\/v2\/posts"}],"about":[{"href":"https:\/\/novosaopaulo.com.br\/n1\/wp-json\/wp\/v2\/types\/post"}],"author":[{"embeddable":true,"href":"https:\/\/novosaopaulo.com.br\/n1\/wp-json\/wp\/v2\/users\/1"}],"replies":[{"embeddable":true,"href":"https:\/\/novosaopaulo.com.br\/n1\/wp-json\/wp\/v2\/comments?post=26742"}],"version-history":[{"count":1,"href":"https:\/\/novosaopaulo.com.br\/n1\/wp-json\/wp\/v2\/posts\/26742\/revisions"}],"predecessor-version":[{"id":26744,"href":"https:\/\/novosaopaulo.com.br\/n1\/wp-json\/wp\/v2\/posts\/26742\/revisions\/26744"}],"wp:featuredmedia":[{"embeddable":true,"href":"https:\/\/novosaopaulo.com.br\/n1\/wp-json\/wp\/v2\/media\/26743"}],"wp:attachment":[{"href":"https:\/\/novosaopaulo.com.br\/n1\/wp-json\/wp\/v2\/media?parent=26742"}],"wp:term":[{"taxonomy":"category","embeddable":true,"href":"https:\/\/novosaopaulo.com.br\/n1\/wp-json\/wp\/v2\/categories?post=26742"},{"taxonomy":"post_tag","embeddable":true,"href":"https:\/\/novosaopaulo.com.br\/n1\/wp-json\/wp\/v2\/tags?post=26742"}],"curies":[{"name":"wp","href":"https:\/\/api.w.org\/{rel}","templated":true}]}}