{"id":26713,"date":"2025-11-03T14:22:30","date_gmt":"2025-11-03T17:22:30","guid":{"rendered":"https:\/\/novosaopaulo.com.br\/n1\/?p=26713"},"modified":"2025-11-03T14:22:30","modified_gmt":"2025-11-03T17:22:30","slug":"o-crime-organizado-as-autoridades-e-a-integridade-nacional","status":"publish","type":"post","link":"https:\/\/novosaopaulo.com.br\/n1\/o-crime-organizado-as-autoridades-e-a-integridade-nacional\/","title":{"rendered":"O crime organizado, as autoridades e a integridade nacional"},"content":{"rendered":"\n<p>O governador Tarc\u00edsio de Freitas (Republicanos) afirmou ser favor\u00e1vel \u00e0 classifica\u00e7\u00e3o do PCC (Primeiro Comando da Capital) como organiza\u00e7\u00e3o terrorista. A declara\u00e7\u00e3o foi dada em entrevista coletiva, s\u00e1bado, na cidade de Mirand\u00f3polis, regi\u00e3o noroeste no interior de S\u00e3o Paulo. Durante a semana, o governante j\u00e1 havia definido seu prop\u00f3sito de ajudar o governo do Rio de Janeiro no combate ao Comando Vermelho, alvo da megaopera\u00e7\u00e3o que resultou em 120 mortos, uma centena de presos e um grande arsenal de armas apreendido.<\/p>\n\n\n\n<p>O acontecimento carioca recebe o apoio de outros governadores de direita e at\u00e9 do exterior. Recorde-se que a sugest\u00e3o inicial para declarar PCC e CV terroristas veio do presidente dos Estados Unidos, Donald Trump, e o presidente Lula rejeitou sob o argumento de que essa alternativa n\u00e3o faz parte da legisla\u00e7\u00e3o penal brasileira.<\/p>\n\n\n\n<p>Mas \u00e9 necess\u00e1rio destacar que o combate \u00e0s organiza\u00e7\u00f5es criminosas \u00e9 o prop\u00f3sito de setores do governo federal respons\u00e1veis pela seguran\u00e7a p\u00fablica. A provid\u00eancia faz parte das propostas do ministro da Justi\u00e7a, Ricardo Lewandowski, que a incluiu no projeto da PEC das Seguran\u00e7a P\u00fablica. Sua aplica\u00e7\u00e3o s\u00f3 n\u00e3o tem evolu\u00eddo por causa da pol\u00eamica criada junto aos governadores, que n\u00e3o concordam com detalhes da lei proposta que, na opini\u00e3o deles, transfere para a Uni\u00e3o direitos e tarefas tradicionais dos Estados. Mas agora, diante do estouro da quest\u00e3o no Rio de Janeiro, o pr\u00f3prio governo federal se mobiliza pela institui\u00e7\u00e3o de legisla\u00e7\u00e3o anti-fac\u00e7\u00e3o criminosa. Pelo bem da Na\u00e7\u00e3o, governos federal, estaduais e at\u00e9 municipais precisam se entender e buscar o ponto de consenso.<\/p>\n\n\n\n<p>As fac\u00e7\u00f5es do crime organizado s\u00e3o antigas. O Comando Vermelho surgiu do encontro de presos pol\u00edticos com criminosos na pris\u00e3o do Rio de Janeiro. Da rela\u00e7\u00e3o, os criminosos assimilaram as t\u00e1ticas de guerrilha dos dissidentes pol\u00edticos e passaram a subjugar a popula\u00e7\u00e3o, como hoje faz com grande for\u00e7a no Rio e em outras localidades onde se encontram. O PCC, nascido em 1992, teve como primeiro objetivo proteger os detentos e trabalhar por melhores condi\u00e7\u00f5es nos pres\u00eddios. Mas ambos diversificaram e hoje t\u00eam muitas e rendosas atividades, entre as quais o tr\u00e1fico internacional de drogas, colocado sob a mira do governo norte-americano.<\/p>\n\n\n\n<p>O crime organizado cresceu vertiginosamente no Brasil por v\u00e1rias raz\u00f5es. A principal delas, no entanto, foi a pol\u00edtica adotada pelos sucessivos governos que tratavam os criminosos como v\u00edtimas da sociedade e, com isso, afrouxaram o combate \u00e0s suas atividades. Hoje existem Comando Vermelho e PCC e mais 70 organiza\u00e7\u00f5es de menor porte que atuam local e regionalmente em todo o Pa\u00eds. As duas principais t\u00eam atua\u00e7\u00e3o nacional e transnacional, com tent\u00e1culos na Europa, Estados Unidos e outras partes do planeta.<\/p>\n\n\n\n<pre class=\"wp-block-code\"><code>     As \u00e1reas faccionadas s\u00e3o perigosas. Subjugam vastas regi\u00f5es, exploram neg\u00f3cios pequenos e grandes como a produ\u00e7\u00e3o e distribui\u00e7\u00e3o de combust\u00edveis e est\u00e3o at\u00e9 no mercado financeiro, disputando o investimento com os capitalistas da economia nacional. As sucessivas opera\u00e7\u00f5es policiais e do Minist\u00e9rio P\u00fablico tem revelado as atividades das fac\u00e7\u00f5es e as transformado em investiga\u00e7\u00f5es. Cada dia tem ficado mais claro o crescimento do crime organizado. Agora, chegou-se \u00e0 insustentabilidade e as autoridades \u2013 Executivo, Congresso Nacional, Poder Judici\u00e1rio e todos os detentores do \u201cimperium\u201d brasileiro precisam agir at\u00e9 para evitar que, na falta de controle local, o territ\u00f3rio nacional ainda venha a ser ocupado por tropas estrangeiras como a que o presidente dos Estados Unidos, em a\u00e7\u00e3o de defesa do seu pa\u00eds contra a entrada e o ataque do narcoterrorismo, j\u00e1 acantona tropa e frota b\u00e9lica no Mar do Caribe e amea\u00e7a entrar na Venezuela e outros pa\u00edses onde haja o narcotr\u00e1fico. \u00c9 preciso agir para manter a autoridade e a integridade nacional... <\/code><\/pre>\n\n\n\n<p>Tenente e Dirceu Cardoso Gon\u00e7alves &#8211; dirigente da ASPOMIL (Associa\u00e7\u00e3o de Assist. Social dos Policiais Militares de S\u00e3o Paulo).<\/p>\n","protected":false},"excerpt":{"rendered":"<p>O governador Tarc\u00edsio de Freitas (Republicanos) afirmou ser favor\u00e1vel \u00e0 classifica\u00e7\u00e3o do PCC (Primeiro Comando&#8230;<\/p>\n","protected":false},"author":1,"featured_media":23327,"comment_status":"open","ping_status":"open","sticky":false,"template":"","format":"standard","meta":{"footnotes":""},"categories":[2],"tags":[],"featured_image_urls":{"full":["https:\/\/novosaopaulo.com.br\/n1\/wp-content\/uploads\/2025\/04\/Tenente-Dirceu-Cardoso-Goncalves.jpg",600,564,false],"thumbnail":["https:\/\/novosaopaulo.com.br\/n1\/wp-content\/uploads\/2025\/04\/Tenente-Dirceu-Cardoso-Goncalves-150x150.jpg",150,150,true],"medium":["https:\/\/novosaopaulo.com.br\/n1\/wp-content\/uploads\/2025\/04\/Tenente-Dirceu-Cardoso-Goncalves-300x282.jpg",300,282,true],"medium_large":["https:\/\/novosaopaulo.com.br\/n1\/wp-content\/uploads\/2025\/04\/Tenente-Dirceu-Cardoso-Goncalves.jpg",600,564,false],"large":["https:\/\/novosaopaulo.com.br\/n1\/wp-content\/uploads\/2025\/04\/Tenente-Dirceu-Cardoso-Goncalves.jpg",600,564,false],"1536x1536":["https:\/\/novosaopaulo.com.br\/n1\/wp-content\/uploads\/2025\/04\/Tenente-Dirceu-Cardoso-Goncalves.jpg",600,564,false],"2048x2048":["https:\/\/novosaopaulo.com.br\/n1\/wp-content\/uploads\/2025\/04\/Tenente-Dirceu-Cardoso-Goncalves.jpg",600,564,false],"newsever-slider-full":["https:\/\/novosaopaulo.com.br\/n1\/wp-content\/uploads\/2025\/04\/Tenente-Dirceu-Cardoso-Goncalves.jpg",600,564,false],"newsever-featured":["https:\/\/novosaopaulo.com.br\/n1\/wp-content\/uploads\/2025\/04\/Tenente-Dirceu-Cardoso-Goncalves.jpg",600,564,false],"newsever-medium":["https:\/\/novosaopaulo.com.br\/n1\/wp-content\/uploads\/2025\/04\/Tenente-Dirceu-Cardoso-Goncalves-600x475.jpg",600,475,true]},"author_info":{"display_name":"Reda\u00e7\u00e3o","author_link":"https:\/\/novosaopaulo.com.br\/n1\/author\/g5poa\/"},"category_info":"<a href=\"https:\/\/novosaopaulo.com.br\/n1\/category\/cidades\/\" rel=\"category tag\">Cidades<\/a>","tag_info":"Cidades","comment_count":"0","_links":{"self":[{"href":"https:\/\/novosaopaulo.com.br\/n1\/wp-json\/wp\/v2\/posts\/26713"}],"collection":[{"href":"https:\/\/novosaopaulo.com.br\/n1\/wp-json\/wp\/v2\/posts"}],"about":[{"href":"https:\/\/novosaopaulo.com.br\/n1\/wp-json\/wp\/v2\/types\/post"}],"author":[{"embeddable":true,"href":"https:\/\/novosaopaulo.com.br\/n1\/wp-json\/wp\/v2\/users\/1"}],"replies":[{"embeddable":true,"href":"https:\/\/novosaopaulo.com.br\/n1\/wp-json\/wp\/v2\/comments?post=26713"}],"version-history":[{"count":1,"href":"https:\/\/novosaopaulo.com.br\/n1\/wp-json\/wp\/v2\/posts\/26713\/revisions"}],"predecessor-version":[{"id":26714,"href":"https:\/\/novosaopaulo.com.br\/n1\/wp-json\/wp\/v2\/posts\/26713\/revisions\/26714"}],"wp:featuredmedia":[{"embeddable":true,"href":"https:\/\/novosaopaulo.com.br\/n1\/wp-json\/wp\/v2\/media\/23327"}],"wp:attachment":[{"href":"https:\/\/novosaopaulo.com.br\/n1\/wp-json\/wp\/v2\/media?parent=26713"}],"wp:term":[{"taxonomy":"category","embeddable":true,"href":"https:\/\/novosaopaulo.com.br\/n1\/wp-json\/wp\/v2\/categories?post=26713"},{"taxonomy":"post_tag","embeddable":true,"href":"https:\/\/novosaopaulo.com.br\/n1\/wp-json\/wp\/v2\/tags?post=26713"}],"curies":[{"name":"wp","href":"https:\/\/api.w.org\/{rel}","templated":true}]}}