{"id":26685,"date":"2025-11-01T17:37:15","date_gmt":"2025-11-01T20:37:15","guid":{"rendered":"https:\/\/novosaopaulo.com.br\/n1\/?p=26685"},"modified":"2025-11-01T17:37:16","modified_gmt":"2025-11-01T20:37:16","slug":"em-noite-historica-lauana-prado-resgata-a-raiz-do-sertanejo-no-rio-de-janeiro","status":"publish","type":"post","link":"https:\/\/novosaopaulo.com.br\/n1\/em-noite-historica-lauana-prado-resgata-a-raiz-do-sertanejo-no-rio-de-janeiro\/","title":{"rendered":"Em noite hist\u00f3rica, Lauana Prado resgata a raiz do sertanejo no Rio de Janeiro"},"content":{"rendered":"\n<p>Com casa cheia e convidados especiais, cantora realizou o sonho de dividir o palco com Alcione e emocionou o p\u00fablico carioca, que cantou cada m\u00fasica do in\u00edcio ao fim<\/p>\n\n\n\n<p>Os anos de carreira, as infinitas horas de palco e de est\u00fadio e os incont\u00e1veis \u201cplays\u201d de sucessos marcantes n\u00e3o impediram a emo\u00e7\u00e3o da cantora e compositora <strong>Lauana<\/strong><strong> <\/strong><strong>Prado<\/strong> em uma noite hist\u00f3rica no <strong>Rio<\/strong><strong> <\/strong><strong>de<\/strong><strong> <\/strong><strong>Janeiro<\/strong>. Ovacionada, a artista viu uma das casas mais populares da cidade cantar cada uma de suas m\u00fasicas a plenos pulm\u00f5es \u2014 e ainda realizou o sonho de dividir o palco com a <strong>rainha<\/strong><strong> <\/strong><strong>do<\/strong><strong> <\/strong><strong>samba,<\/strong><strong> <\/strong><strong>Alcione<\/strong>. Um momento que entra para a hist\u00f3ria como mais um cap\u00edtulo emblem\u00e1tico de uma trajet\u00f3ria j\u00e1 repleta de marcos especiais.<\/p>\n\n\n\n<p>A estreia do show completo de Lauana Prado na capital fluminense, nesta sexta-feira (31), no <strong>Qualistage<\/strong>, foi marcada por <strong>casa<\/strong><strong> <\/strong><strong>cheia<\/strong> e um clima de celebra\u00e7\u00e3o. Pela primeira vez, a artista apresentou ao p\u00fablico carioca um espet\u00e1culo grandioso, de cerca de duas horas e meia, reunindo grandes sucessos da carreira e participa\u00e7\u00f5es especiais de <strong>Dilsinho, <\/strong><strong>Mumuzinho <\/strong>e<strong> Yan<\/strong>.<\/p>\n\n\n\n<p>Antes mesmo de subir ao palco, Lauana teve um motivo especial para comemorar: no camarim, foi presenteada pelas equipes da Universal Music do Brasil e da GTS Talent com o <strong>quadro<\/strong><strong> <\/strong><strong>de<\/strong><strong> <\/strong><strong>platina<\/strong><strong> <\/strong><strong>duplo<\/strong> pelo \u00e1lbum \u201cTranscende \u2014 Ao Vivo no Ibirapuera\u201d, projeto indicado ao <strong>Grammy<\/strong><strong> <\/strong><strong>Latino<\/strong> e que segue entre os mais ouvidos do pa\u00eds, ultrapassando 700 milh\u00f5es de plays.<\/p>\n\n\n\n<figure class=\"wp-block-image size-large\"><img fetchpriority=\"high\" decoding=\"async\" width=\"1024\" height=\"684\" src=\"https:\/\/novosaopaulo.com.br\/n1\/wp-content\/uploads\/2025\/11\/image-1024x684.jpeg\" alt=\"\" class=\"wp-image-26686\" srcset=\"https:\/\/novosaopaulo.com.br\/n1\/wp-content\/uploads\/2025\/11\/image-1024x684.jpeg 1024w, https:\/\/novosaopaulo.com.br\/n1\/wp-content\/uploads\/2025\/11\/image-300x200.jpeg 300w, https:\/\/novosaopaulo.com.br\/n1\/wp-content\/uploads\/2025\/11\/image-768x513.jpeg 768w, https:\/\/novosaopaulo.com.br\/n1\/wp-content\/uploads\/2025\/11\/image-1536x1025.jpeg 1536w, https:\/\/novosaopaulo.com.br\/n1\/wp-content\/uploads\/2025\/11\/image.jpeg 2048w\" sizes=\"(max-width: 1024px) 100vw, 1024px\" \/><\/figure>\n\n\n\n<p>Logo nos primeiros minutos do show, o p\u00fablico foi surpreendido por um dos momentos mais emocionantes da noite: <strong>a<\/strong><strong> <\/strong><strong>participa\u00e7\u00e3o<\/strong><strong> <\/strong><strong>especial<\/strong><strong> <\/strong><strong>de<\/strong><strong> <\/strong><strong>Alcione<\/strong>. Visivelmente comovida, Lauana realizou um sonho antigo ao dividir os vocais com a \u00eddola em <em>\u201cA<\/em><em> <\/em><em>Loba\u201d<\/em>, arrancando aplausos calorosos da plateia.<\/p>\n\n\n\n<p>\u201cQue sonho realizado! A Alcione sempre foi uma inspira\u00e7\u00e3o pra mim e ter ela cantando comigo n\u00e3o tem pre\u00e7o. Eu t\u00f4 muito feliz\u201d, declarou Lauana Prado, ainda emocionada.<\/p>\n\n\n\n<p>Durante o espet\u00e1culo, Lauana apresentou um repert\u00f3rio com <strong>quase<\/strong><strong> <\/strong><strong>30<\/strong><strong> <\/strong><strong>m\u00fasicas<\/strong>, mesclando os grandes sucessos da carreira com faixas do novo projeto <em>\u201cRaiz<\/em><em> <\/em><em>Belo<\/em><em> <\/em><em>Horizonte\u201d<\/em>. Rec\u00e9m-lan\u00e7ada, a faixa <em>\u201cFama<\/em><em> <\/em><em>de<\/em><em> <\/em><em>Ruim\u201d<\/em> foi cantada em coro pelo p\u00fablico. A artista ainda celebrou a mistura entre <strong>sertanejo<\/strong><strong> <\/strong><strong>e<\/strong><strong> <\/strong><strong>pagode<\/strong>, recebendo ainda <strong>Mumuzinho<\/strong>, <strong>Dilsinho<\/strong><strong> <\/strong>e <strong>Yan<\/strong><strong> <\/strong>no palco. Com Dilsinho, Lauana apresentou em primeira m\u00e3o a in\u00e9dita <em>\u201cPapo<\/em><em> <\/em><em>Torto\u201d<\/em>, que ser\u00e1 lan\u00e7ada em breve nas plataformas digitais.<\/p>\n\n\n\n<p>\u201cFoi uma noite incr\u00edvel e memor\u00e1vel, ao lado de artistas que sou alucinada. Pessoas que admiro muito e tenho o privil\u00e9gio de chamar de amigos. N\u00e3o vejo a hora de voltar ao Rio e fazer mais festa por aqui\u201d, completou Lauana Prado.<\/p>\n\n\n\n<p>Com carisma, pot\u00eancia vocal e presen\u00e7a de palco, Lauana reafirmou por que \u00e9 um dos grandes nomes da m\u00fasica brasileira da atualidade. O show, vibrante e repleto de emo\u00e7\u00e3o, consolidou sua conex\u00e3o com o p\u00fablico carioca \u2014 e deixou o gostinho de \u201cquero mais\u201d na plateia que acompanhou cada refr\u00e3o com intensidade.<\/p>\n\n\n\n<p>Fotos: Eduardo Carvalho<\/p>\n\n\n\n<figure class=\"wp-block-gallery has-nested-images columns-default is-cropped wp-block-gallery-1 is-layout-flex wp-block-gallery-is-layout-flex\">\n<figure class=\"wp-block-image size-large\"><a href=\"https:\/\/novosaopaulo.com.br\/n1\/wp-content\/uploads\/2025\/11\/WhatsApp-Image-2025-11-01-at-16.37.54.jpeg\"><img decoding=\"async\" width=\"1024\" height=\"684\" data-id=\"26688\" src=\"https:\/\/novosaopaulo.com.br\/n1\/wp-content\/uploads\/2025\/11\/WhatsApp-Image-2025-11-01-at-16.37.54-1024x684.jpeg\" alt=\"\" class=\"wp-image-26688\" srcset=\"https:\/\/novosaopaulo.com.br\/n1\/wp-content\/uploads\/2025\/11\/WhatsApp-Image-2025-11-01-at-16.37.54-1024x684.jpeg 1024w, https:\/\/novosaopaulo.com.br\/n1\/wp-content\/uploads\/2025\/11\/WhatsApp-Image-2025-11-01-at-16.37.54-300x200.jpeg 300w, https:\/\/novosaopaulo.com.br\/n1\/wp-content\/uploads\/2025\/11\/WhatsApp-Image-2025-11-01-at-16.37.54-768x513.jpeg 768w, https:\/\/novosaopaulo.com.br\/n1\/wp-content\/uploads\/2025\/11\/WhatsApp-Image-2025-11-01-at-16.37.54-1536x1025.jpeg 1536w, https:\/\/novosaopaulo.com.br\/n1\/wp-content\/uploads\/2025\/11\/WhatsApp-Image-2025-11-01-at-16.37.54.jpeg 1600w\" sizes=\"(max-width: 1024px) 100vw, 1024px\" \/><\/a><\/figure>\n\n\n\n<figure class=\"wp-block-image size-large\"><a href=\"https:\/\/novosaopaulo.com.br\/n1\/wp-content\/uploads\/2025\/11\/WhatsApp-Image-2025-11-01-at-16.37.17.jpeg\"><img decoding=\"async\" width=\"1024\" height=\"684\" data-id=\"26687\" src=\"https:\/\/novosaopaulo.com.br\/n1\/wp-content\/uploads\/2025\/11\/WhatsApp-Image-2025-11-01-at-16.37.17-1024x684.jpeg\" alt=\"\" class=\"wp-image-26687\" srcset=\"https:\/\/novosaopaulo.com.br\/n1\/wp-content\/uploads\/2025\/11\/WhatsApp-Image-2025-11-01-at-16.37.17-1024x684.jpeg 1024w, https:\/\/novosaopaulo.com.br\/n1\/wp-content\/uploads\/2025\/11\/WhatsApp-Image-2025-11-01-at-16.37.17-300x200.jpeg 300w, https:\/\/novosaopaulo.com.br\/n1\/wp-content\/uploads\/2025\/11\/WhatsApp-Image-2025-11-01-at-16.37.17-768x513.jpeg 768w, https:\/\/novosaopaulo.com.br\/n1\/wp-content\/uploads\/2025\/11\/WhatsApp-Image-2025-11-01-at-16.37.17-1536x1025.jpeg 1536w, https:\/\/novosaopaulo.com.br\/n1\/wp-content\/uploads\/2025\/11\/WhatsApp-Image-2025-11-01-at-16.37.17.jpeg 1600w\" sizes=\"(max-width: 1024px) 100vw, 1024px\" \/><\/a><\/figure>\n<\/figure>\n","protected":false},"excerpt":{"rendered":"<p>Com casa cheia e convidados especiais, cantora realizou o sonho de dividir o palco com&#8230;<\/p>\n","protected":false},"author":1,"featured_media":26689,"comment_status":"open","ping_status":"open","sticky":false,"template":"","format":"standard","meta":{"footnotes":""},"categories":[2],"tags":[],"featured_image_urls":{"full":["https:\/\/novosaopaulo.com.br\/n1\/wp-content\/uploads\/2025\/11\/WhatsApp-Image-2025-11-01-at-16.38.20.jpeg",1600,1068,false],"thumbnail":["https:\/\/novosaopaulo.com.br\/n1\/wp-content\/uploads\/2025\/11\/WhatsApp-Image-2025-11-01-at-16.38.20-150x150.jpeg",150,150,true],"medium":["https:\/\/novosaopaulo.com.br\/n1\/wp-content\/uploads\/2025\/11\/WhatsApp-Image-2025-11-01-at-16.38.20-300x200.jpeg",300,200,true],"medium_large":["https:\/\/novosaopaulo.com.br\/n1\/wp-content\/uploads\/2025\/11\/WhatsApp-Image-2025-11-01-at-16.38.20-768x513.jpeg",640,428,true],"large":["https:\/\/novosaopaulo.com.br\/n1\/wp-content\/uploads\/2025\/11\/WhatsApp-Image-2025-11-01-at-16.38.20-1024x684.jpeg",640,428,true],"1536x1536":["https:\/\/novosaopaulo.com.br\/n1\/wp-content\/uploads\/2025\/11\/WhatsApp-Image-2025-11-01-at-16.38.20-1536x1025.jpeg",1536,1025,true],"2048x2048":["https:\/\/novosaopaulo.com.br\/n1\/wp-content\/uploads\/2025\/11\/WhatsApp-Image-2025-11-01-at-16.38.20.jpeg",1600,1068,false],"newsever-slider-full":["https:\/\/novosaopaulo.com.br\/n1\/wp-content\/uploads\/2025\/11\/WhatsApp-Image-2025-11-01-at-16.38.20-1280x845.jpeg",1280,845,true],"newsever-featured":["https:\/\/novosaopaulo.com.br\/n1\/wp-content\/uploads\/2025\/11\/WhatsApp-Image-2025-11-01-at-16.38.20-1024x684.jpeg",1024,684,true],"newsever-medium":["https:\/\/novosaopaulo.com.br\/n1\/wp-content\/uploads\/2025\/11\/WhatsApp-Image-2025-11-01-at-16.38.20-720x475.jpeg",720,475,true]},"author_info":{"display_name":"Reda\u00e7\u00e3o","author_link":"https:\/\/novosaopaulo.com.br\/n1\/author\/g5poa\/"},"category_info":"<a href=\"https:\/\/novosaopaulo.com.br\/n1\/category\/cidades\/\" rel=\"category tag\">Cidades<\/a>","tag_info":"Cidades","comment_count":"0","_links":{"self":[{"href":"https:\/\/novosaopaulo.com.br\/n1\/wp-json\/wp\/v2\/posts\/26685"}],"collection":[{"href":"https:\/\/novosaopaulo.com.br\/n1\/wp-json\/wp\/v2\/posts"}],"about":[{"href":"https:\/\/novosaopaulo.com.br\/n1\/wp-json\/wp\/v2\/types\/post"}],"author":[{"embeddable":true,"href":"https:\/\/novosaopaulo.com.br\/n1\/wp-json\/wp\/v2\/users\/1"}],"replies":[{"embeddable":true,"href":"https:\/\/novosaopaulo.com.br\/n1\/wp-json\/wp\/v2\/comments?post=26685"}],"version-history":[{"count":1,"href":"https:\/\/novosaopaulo.com.br\/n1\/wp-json\/wp\/v2\/posts\/26685\/revisions"}],"predecessor-version":[{"id":26690,"href":"https:\/\/novosaopaulo.com.br\/n1\/wp-json\/wp\/v2\/posts\/26685\/revisions\/26690"}],"wp:featuredmedia":[{"embeddable":true,"href":"https:\/\/novosaopaulo.com.br\/n1\/wp-json\/wp\/v2\/media\/26689"}],"wp:attachment":[{"href":"https:\/\/novosaopaulo.com.br\/n1\/wp-json\/wp\/v2\/media?parent=26685"}],"wp:term":[{"taxonomy":"category","embeddable":true,"href":"https:\/\/novosaopaulo.com.br\/n1\/wp-json\/wp\/v2\/categories?post=26685"},{"taxonomy":"post_tag","embeddable":true,"href":"https:\/\/novosaopaulo.com.br\/n1\/wp-json\/wp\/v2\/tags?post=26685"}],"curies":[{"name":"wp","href":"https:\/\/api.w.org\/{rel}","templated":true}]}}