{"id":26662,"date":"2025-10-30T21:37:27","date_gmt":"2025-10-31T00:37:27","guid":{"rendered":"https:\/\/novosaopaulo.com.br\/n1\/?p=26662"},"modified":"2025-10-30T21:37:28","modified_gmt":"2025-10-31T00:37:28","slug":"viacao-aguia-branca-lanca-livro-tudo-pela-vida-destacando-iniciativas-pioneiras-em-saude-e-seguranca-no-transporte-rodoviario","status":"publish","type":"post","link":"https:\/\/novosaopaulo.com.br\/n1\/viacao-aguia-branca-lanca-livro-tudo-pela-vida-destacando-iniciativas-pioneiras-em-saude-e-seguranca-no-transporte-rodoviario\/","title":{"rendered":"Via\u00e7\u00e3o \u00c1guia Branca lan\u00e7a livro \u201cTudo pela Vida\u201d destacando iniciativas pioneiras em sa\u00fade e seguran\u00e7a no transporte rodovi\u00e1rio"},"content":{"rendered":"\n<p>A obra apresenta o hist\u00f3rico do Programa Medicina do Sono, detalha pr\u00e1ticas de preven\u00e7\u00e3o e bem-estar aplicadas aos motoristas e conta com relatos de profissionais que contribu\u00edram para a seguran\u00e7a da empresa ao longo dos anos<\/p>\n\n\n\n<p>A Via\u00e7\u00e3o \u00c1guia Branca lan\u00e7a o livro Tudo pela Vida, escrito por Ana Holanda, que destaca o pioneirismo da empresa em iniciativas de seguran\u00e7a, sa\u00fade, gest\u00e3o de riscos e inova\u00e7\u00e3o operacional no transporte rodovi\u00e1rio. A obra apresenta o Programa Medicina do Sono, que completa 25 anos, detalha pr\u00e1ticas de preven\u00e7\u00e3o e bem-estar aplicadas aos motoristas, revela a estrutura de laborat\u00f3rios e dormit\u00f3rios especializados e traz relatos de profissionais que contribuem para a seguran\u00e7a, conforto e qualidade de vida de milh\u00f5es de passageiros atendidos anualmente.<br>Para a CEO da Via\u00e7\u00e3o, Paula Barcellos Tommasi Corr\u00eaa, &#8220;Tudo pela Vida n\u00e3o \u00e9 apenas um livro sobre conquistas, mas o registro de um legado constru\u00eddo com base em ci\u00eancia, preven\u00e7\u00e3o e respeito \u00e0s pessoas. Cada cap\u00edtulo reflete o cuidado, a responsabilidade e o investimento permanente em nossa cultura de seguran\u00e7a. Cada decis\u00e3o revela que o cuidado com o ser humano est\u00e1 no centro de tudo o que fazemos.&#8221;<\/p>\n\n\n\n<p>Cuidado e Inova\u00e7\u00e3o<br>Com foco na cultura de seguran\u00e7a, o livro destaca uma das iniciativas mais transformadoras da empresa, o Programa Medicina do Sono. Criado a partir da inquieta\u00e7\u00e3o de Renan Chieppe, atual vice-presidente da Divis\u00e3o de Passageiros do Grupo \u00c1guia Branca, em parceria com o m\u00e9dico especialista em sono S\u00e9rgio Barros, o programa surgiu ap\u00f3s estudos europeus que identificavam sinais de sonol\u00eancia em motoristas por meio de imagens.<br>Ao investir em ci\u00eancia e preven\u00e7\u00e3o, em um per\u00edodo em que pouco se discutia o impacto do sono na seguran\u00e7a vi\u00e1ria, a \u00c1guia Branca consolidou uma vis\u00e3o pioneira de cuidado integral com seus condutores.&nbsp;Hoje, o programa est\u00e1 incorporado \u00e0 cultura da empresa e \u00e0 rotina de todos os motoristas, n\u00e3o por imposi\u00e7\u00e3o, mas pelos resultados consistentes alcan\u00e7ados ao longo dos 25 anos.<br>&#8220;Quando decidimos investir no Programa Medicina do Sono, t\u00ednhamos a convic\u00e7\u00e3o de que cuidar do sono e da sa\u00fade do motorista n\u00e3o era apenas inovador, mas essencial para a seguran\u00e7a de todo o setor de transporte rodovi\u00e1rio no pa\u00eds. Com o lan\u00e7amento do livro, temos a oportunidade de compartilhar essa experi\u00eancia, por meio de hist\u00f3rias reais de quem sustenta a opera\u00e7\u00e3o di\u00e1ria da Via\u00e7\u00e3o, e inspirar outras empresas e profissionais a valorizarem a sa\u00fade, o bem-estar e a preven\u00e7\u00e3o como pilares fundamentais da seguran\u00e7a no transporte&#8221;, ressalta Renan Chieppe.<\/p>\n\n\n\n<p>Medicina do Sono: preven\u00e7\u00e3o e inova\u00e7\u00e3o que salvam vidas<br>O programa oferece acompanhamento m\u00e9dico cont\u00ednuo, exames cl\u00ednicos, pr\u00e1ticas de autocuidado e protocolos de avalia\u00e7\u00e3o antes de cada viagem. Os motoristas realizam periodicamente o exame de polissonografia em quatro laborat\u00f3rios pr\u00f3prios, equipados com dez leitos distribu\u00eddos entre Cariacica (ES), Salvador (BA), S\u00e3o Paulo (SP) e Bar\u00e3o de Angra (RJ). Essa estrutura \u00e9 exclusiva no setor rodovi\u00e1rio do pa\u00eds e permite a identifica\u00e7\u00e3o de dist\u00farbios do sono, como apneia, ins\u00f4nia e s\u00edndrome das pernas inquietas, definindo o tratamento adequado.<br>A iniciativa inclui tamb\u00e9m avalia\u00e7\u00f5es de vigil\u00e2ncia noturna, testes toxicol\u00f3gicos, antes mesmo de serem exigidos por lei em 2016, monitoramento de aten\u00e7\u00e3o e reflexo e acompanhamento m\u00e9dico a cada tr\u00eas meses. Quando necess\u00e1rio, a empresa subsidia o uso do CPAP (press\u00e3o positiva cont\u00ednua nas vias a\u00e9reas), garantindo condi\u00e7\u00f5es ideais de descanso e vigil\u00e2ncia.<\/p>\n\n\n\n<p>Respeito ao rel\u00f3gio biol\u00f3gico<br>Cada motorista tem seu cronotipo identificado antes da defini\u00e7\u00e3o da escala de trabalho. A cronotipagem \u00e9 uma pr\u00e1tica rara no Brasil, mesmo em empresas de outros setores, e avalia se o profissional tem maior predisposi\u00e7\u00e3o para atividades matutinas, vespertinas ou noturnas. Com base nesse diagn\u00f3stico, as jornadas s\u00e3o organizadas nos hor\u00e1rios mais adequados para desempenho e seguran\u00e7a.<br>O rigor pr\u00e9-viagem inclui entrevista individual, teste do baf\u00f4metro, exame de aten\u00e7\u00e3o e avalia\u00e7\u00e3o emocional. Caso alguma altera\u00e7\u00e3o seja percebida, o motorista \u00e9 substitu\u00eddo sem penaliza\u00e7\u00f5es. O programa tamb\u00e9m conta com as chamadas &#8220;salas do Alerta&#8221;, ambientes de est\u00edmulo \u00e0 vig\u00edlia nas rotas, com ilumina\u00e7\u00e3o intensa, lanches leves e bicicletas ergom\u00e9tricas para afastar a sonol\u00eancia em viagens noturnas.<\/p>\n\n\n\n<p>Dormit\u00f3rios e cuidados que priorizam o descanso<br>Outro diferencial destacado no livro \u00e9 a estrutura dos dormit\u00f3rios, projetados de acordo com recomenda\u00e7\u00f5es da Medicina do Sono. Cada quarto possui apenas duas camas de solteiro, garantindo sil\u00eancio, privacidade e repouso. As paredes em tom bord\u00f4 favorecem o adormecimento, a temperatura \u00e9 mantida em 21\u00b0C e o ambiente \u00e9 totalmente escurecido e livre de ru\u00eddos. Motoristas que n\u00e3o conseguem dormir bem em casa podem utilizar os quartos da empresa antes da viagem. A estrutura de apoio inclui banheiros equipados, cozinha e espa\u00e7o para se arrumar, refor\u00e7ando conforto e autoestima.<\/p>\n\n\n\n<p>Cultura de seguran\u00e7a e valoriza\u00e7\u00e3o<br>O livro destaca tamb\u00e9m marcos da empresa, como a certifica\u00e7\u00e3o ISO 39001, padr\u00e3o internacional de gest\u00e3o da seguran\u00e7a vi\u00e1ria conquistado em 2024, refor\u00e7ando a \u00c1guia Branca como refer\u00eancia global em transporte seguro. Programas de valoriza\u00e7\u00e3o interna, como o Top Ouro, que premia motoristas de excel\u00eancia h\u00e1 mais de 25 anos.<br>Com uma opera\u00e7\u00e3o que transporta milh\u00f5es de passageiros por ano em mais de 750 localidades de nove estados, a empresa demonstra como a combina\u00e7\u00e3o de inova\u00e7\u00e3o tecnol\u00f3gica, gest\u00e3o humanizada e rigor operacional transforma o cuidado com o ser humano em m\u00e9todo.<br>&#8220;A cultura de seguran\u00e7a na \u00c1guia Branca vai muito al\u00e9m de protocolos e normas. Ela est\u00e1 presente na rotina de cada colaborador, na aten\u00e7\u00e3o ao bem-estar e na confian\u00e7a m\u00fatua que permite ao motorista informar se n\u00e3o est\u00e1 em condi\u00e7\u00f5es de dirigir sem sofrer qualquer penaliza\u00e7\u00e3o. Perpetuar essa cultura \u00e9 investir em pessoas, infraestrutura e tecnologia, garantindo que cada viagem seja segura e cada profissional respeitado, afinal seguran\u00e7a \u00e9 inegoci\u00e1vel&#8221;, conclui Paula.<\/p>\n\n\n\n<figure class=\"wp-block-gallery has-nested-images columns-default is-cropped wp-block-gallery-1 is-layout-flex wp-block-gallery-is-layout-flex\">\n<figure class=\"wp-block-image size-large\"><a href=\"https:\/\/novosaopaulo.com.br\/n1\/wp-content\/uploads\/2025\/10\/Viacao-Aguia-Branca-lanca-livro-Tudo-pela-Vida-2.jpg\" target=\"_blank\" rel=\"noopener\"><img fetchpriority=\"high\" decoding=\"async\" width=\"1024\" height=\"683\" data-id=\"26664\" src=\"https:\/\/novosaopaulo.com.br\/n1\/wp-content\/uploads\/2025\/10\/Viacao-Aguia-Branca-lanca-livro-Tudo-pela-Vida-2-1024x683.jpg\" alt=\"\" class=\"wp-image-26664\" srcset=\"https:\/\/novosaopaulo.com.br\/n1\/wp-content\/uploads\/2025\/10\/Viacao-Aguia-Branca-lanca-livro-Tudo-pela-Vida-2-1024x683.jpg 1024w, https:\/\/novosaopaulo.com.br\/n1\/wp-content\/uploads\/2025\/10\/Viacao-Aguia-Branca-lanca-livro-Tudo-pela-Vida-2-300x200.jpg 300w, https:\/\/novosaopaulo.com.br\/n1\/wp-content\/uploads\/2025\/10\/Viacao-Aguia-Branca-lanca-livro-Tudo-pela-Vida-2-768x512.jpg 768w, https:\/\/novosaopaulo.com.br\/n1\/wp-content\/uploads\/2025\/10\/Viacao-Aguia-Branca-lanca-livro-Tudo-pela-Vida-2.jpg 1450w\" sizes=\"(max-width: 1024px) 100vw, 1024px\" \/><\/a><\/figure>\n\n\n\n<figure class=\"wp-block-image size-large\"><a href=\"https:\/\/novosaopaulo.com.br\/n1\/wp-content\/uploads\/2025\/10\/Viacao-Aguia-Branca-lanca-livro-Tudo-pela-Vida-1.jpg\" target=\"_blank\" rel=\"noopener\"><img decoding=\"async\" width=\"1024\" height=\"683\" data-id=\"26665\" src=\"https:\/\/novosaopaulo.com.br\/n1\/wp-content\/uploads\/2025\/10\/Viacao-Aguia-Branca-lanca-livro-Tudo-pela-Vida-1-1024x683.jpg\" alt=\"\" class=\"wp-image-26665\" srcset=\"https:\/\/novosaopaulo.com.br\/n1\/wp-content\/uploads\/2025\/10\/Viacao-Aguia-Branca-lanca-livro-Tudo-pela-Vida-1-1024x683.jpg 1024w, https:\/\/novosaopaulo.com.br\/n1\/wp-content\/uploads\/2025\/10\/Viacao-Aguia-Branca-lanca-livro-Tudo-pela-Vida-1-300x200.jpg 300w, https:\/\/novosaopaulo.com.br\/n1\/wp-content\/uploads\/2025\/10\/Viacao-Aguia-Branca-lanca-livro-Tudo-pela-Vida-1-768x512.jpg 768w, https:\/\/novosaopaulo.com.br\/n1\/wp-content\/uploads\/2025\/10\/Viacao-Aguia-Branca-lanca-livro-Tudo-pela-Vida-1.jpg 1450w\" sizes=\"(max-width: 1024px) 100vw, 1024px\" \/><\/a><\/figure>\n<\/figure>\n","protected":false},"excerpt":{"rendered":"<p>A obra apresenta o hist\u00f3rico do Programa Medicina do Sono, detalha pr\u00e1ticas de preven\u00e7\u00e3o e&#8230;<\/p>\n","protected":false},"author":1,"featured_media":26663,"comment_status":"open","ping_status":"open","sticky":false,"template":"","format":"standard","meta":{"footnotes":""},"categories":[34],"tags":[],"featured_image_urls":{"full":["https:\/\/novosaopaulo.com.br\/n1\/wp-content\/uploads\/2025\/10\/Viacao-Aguia-Branca-lanca-livro-Tudo-pela-Vida-3.jpg",1450,967,false],"thumbnail":["https:\/\/novosaopaulo.com.br\/n1\/wp-content\/uploads\/2025\/10\/Viacao-Aguia-Branca-lanca-livro-Tudo-pela-Vida-3-150x150.jpg",150,150,true],"medium":["https:\/\/novosaopaulo.com.br\/n1\/wp-content\/uploads\/2025\/10\/Viacao-Aguia-Branca-lanca-livro-Tudo-pela-Vida-3-300x200.jpg",300,200,true],"medium_large":["https:\/\/novosaopaulo.com.br\/n1\/wp-content\/uploads\/2025\/10\/Viacao-Aguia-Branca-lanca-livro-Tudo-pela-Vida-3-768x512.jpg",640,427,true],"large":["https:\/\/novosaopaulo.com.br\/n1\/wp-content\/uploads\/2025\/10\/Viacao-Aguia-Branca-lanca-livro-Tudo-pela-Vida-3-1024x683.jpg",640,427,true],"1536x1536":["https:\/\/novosaopaulo.com.br\/n1\/wp-content\/uploads\/2025\/10\/Viacao-Aguia-Branca-lanca-livro-Tudo-pela-Vida-3.jpg",1450,967,false],"2048x2048":["https:\/\/novosaopaulo.com.br\/n1\/wp-content\/uploads\/2025\/10\/Viacao-Aguia-Branca-lanca-livro-Tudo-pela-Vida-3.jpg",1450,967,false],"newsever-slider-full":["https:\/\/novosaopaulo.com.br\/n1\/wp-content\/uploads\/2025\/10\/Viacao-Aguia-Branca-lanca-livro-Tudo-pela-Vida-3-1280x845.jpg",1280,845,true],"newsever-featured":["https:\/\/novosaopaulo.com.br\/n1\/wp-content\/uploads\/2025\/10\/Viacao-Aguia-Branca-lanca-livro-Tudo-pela-Vida-3-1024x683.jpg",1024,683,true],"newsever-medium":["https:\/\/novosaopaulo.com.br\/n1\/wp-content\/uploads\/2025\/10\/Viacao-Aguia-Branca-lanca-livro-Tudo-pela-Vida-3-720x475.jpg",720,475,true]},"author_info":{"display_name":"Reda\u00e7\u00e3o","author_link":"https:\/\/novosaopaulo.com.br\/n1\/author\/g5poa\/"},"category_info":"<a href=\"https:\/\/novosaopaulo.com.br\/n1\/category\/alto-tiete\/\" rel=\"category tag\">Alto Tiet\u00ea<\/a>","tag_info":"Alto Tiet\u00ea","comment_count":"0","_links":{"self":[{"href":"https:\/\/novosaopaulo.com.br\/n1\/wp-json\/wp\/v2\/posts\/26662"}],"collection":[{"href":"https:\/\/novosaopaulo.com.br\/n1\/wp-json\/wp\/v2\/posts"}],"about":[{"href":"https:\/\/novosaopaulo.com.br\/n1\/wp-json\/wp\/v2\/types\/post"}],"author":[{"embeddable":true,"href":"https:\/\/novosaopaulo.com.br\/n1\/wp-json\/wp\/v2\/users\/1"}],"replies":[{"embeddable":true,"href":"https:\/\/novosaopaulo.com.br\/n1\/wp-json\/wp\/v2\/comments?post=26662"}],"version-history":[{"count":1,"href":"https:\/\/novosaopaulo.com.br\/n1\/wp-json\/wp\/v2\/posts\/26662\/revisions"}],"predecessor-version":[{"id":26666,"href":"https:\/\/novosaopaulo.com.br\/n1\/wp-json\/wp\/v2\/posts\/26662\/revisions\/26666"}],"wp:featuredmedia":[{"embeddable":true,"href":"https:\/\/novosaopaulo.com.br\/n1\/wp-json\/wp\/v2\/media\/26663"}],"wp:attachment":[{"href":"https:\/\/novosaopaulo.com.br\/n1\/wp-json\/wp\/v2\/media?parent=26662"}],"wp:term":[{"taxonomy":"category","embeddable":true,"href":"https:\/\/novosaopaulo.com.br\/n1\/wp-json\/wp\/v2\/categories?post=26662"},{"taxonomy":"post_tag","embeddable":true,"href":"https:\/\/novosaopaulo.com.br\/n1\/wp-json\/wp\/v2\/tags?post=26662"}],"curies":[{"name":"wp","href":"https:\/\/api.w.org\/{rel}","templated":true}]}}