{"id":26645,"date":"2025-10-29T12:40:02","date_gmt":"2025-10-29T15:40:02","guid":{"rendered":"https:\/\/novosaopaulo.com.br\/n1\/?p=26645"},"modified":"2025-10-29T12:40:03","modified_gmt":"2025-10-29T15:40:03","slug":"encontro-de-docentes-usp-2025-debate-inteligencia-artificial-e-novosparadigmas-da-vida-universitaria","status":"publish","type":"post","link":"https:\/\/novosaopaulo.com.br\/n1\/encontro-de-docentes-usp-2025-debate-inteligencia-artificial-e-novosparadigmas-da-vida-universitaria\/","title":{"rendered":"Encontro de &#8220;Docentes USP 2025&#8221; debate Intelig\u00eancia Artificial e novosparadigmas da vida universit\u00e1ria"},"content":{"rendered":"\n<p>Professores e pesquisadores analisam como o uso de tecnologias avan\u00e7adas e o<br>desenvolvimento de compet\u00eancias humanas est\u00e3o redefinindo o fazer docente<br>S\u00e3o Paulo, 27 de outubro de 2025 \u2013 Sob o tema &#8220;A Carreira docente de impacto e a<br>intelig\u00eancia artificial em atividades docentes&#8221;, acontece no dia 29 de outubro a 9\u00aa edi\u00e7\u00e3o<br>do Encontro de Docentes da USP 2025. O evento ser\u00e1 realizado no Centro de Difus\u00e3o<br>Internacional (CDI), no campus Butant\u00e3, em S\u00e3o Paulo, das 9h30 \u00e0s 12h30 e ter\u00e1<br>transmiss\u00e3o online para outros campus. Este ano, al\u00e9m da presen\u00e7a de docentes das<br>tr\u00eas categorias da universidade \u2013 titulares, associados e doutores \u2013 o encontro contar\u00e1<br>tamb\u00e9m com a participa\u00e7\u00e3o de p\u00f3s-doutorandos da USP.<br>&#8220;A participa\u00e7\u00e3o ampliada parte da premissa do que o p\u00f3s-doutoramento \u00e9 parte<br>constitutiva da carreira acad\u00eamica e est\u00e1 altamente integrado \u00e0s equipes de pesquisa<br>da universidade&#8221;, afirma Am\u00e2ncio de Oliveira, (InnSciD\/IEA\/USP), coordenador do<br>encontro. Nesta edi\u00e7\u00e3o, o evento busca promover a reflex\u00e3o sobre os caminhos da<br>carreira docente e as novas oportunidades e desafios trazidos pela incorpora\u00e7\u00e3o da<br>intelig\u00eancia artificial nas pr\u00e1ticas de ensino, pesquisa e gest\u00e3o universit\u00e1ria.<br>A programa\u00e7\u00e3o se iniciar\u00e1 com a participa\u00e7\u00e3o do Professor Marcos Neira, Pr\u00f3-Reitor de<br>Gradua\u00e7\u00e3o em exerc\u00edcio. Ele apresentar\u00e1 a &#8220;Ferramenta de Predi\u00e7\u00e3o da N\u00e3o<br>Conclus\u00e3o do Curso de Gradua\u00e7\u00e3o da USP&#8221;, elaborada a partir de uma parceria entre a<br>Pr\u00f3-Reitoria de Gradua\u00e7\u00e3o e a STI (Superintendia de Tecnologia de Infoma\u00e7\u00e3o). A<br>ferramenta \u00e9 um exemplo concreto de utiliza\u00e7\u00e3o de aprendizado de m\u00e1quinas e<br>intelig\u00eancia artificial como subs\u00eddio para tomada de decis\u00e3o e a constru\u00e7\u00e3o de pol\u00edticas<br>acad\u00eamicas.<br>Em seguida ser\u00e1 realizada a palestra &#8220;Carreira acad\u00eamica de impacto&#8221;, ministrada pelo<br>professor Carlos Roberto Bueno J\u00fanior (Instituto de Estudos Avan\u00e7ados \u2013 IEA\/USP). A<br>forma\u00e7\u00e3o em soft skills \u00e9 uma das tem\u00e1ticas e a rela\u00e7\u00e3o com a universidade s\u00e3o<br>t\u00f3picos a serem desenvolvidos pelo Professor Bueno.<br>O evento ainda ter\u00e1 a mesa-redonda &#8220;O uso da intelig\u00eancia artificial em atividades<br>acad\u00eamicas&#8221;, com coordena\u00e7\u00e3o do professor Am\u00e2ncio Jorge de Oliveira<br>(InnSciD\/IEA\/USP) e participa\u00e7\u00e3o dos professores F\u00e1bio Cozman (C4IA e CIAAM\/USP),<br>Anarosa Brand\u00e3o (Escola Polit\u00e9cnica e CIAAM\/USP), Helder Nakaya (Faculdade de<br>Ci\u00eancias Farmac\u00eauticas\/USP), Ana Carla Bliacherine (EACH\/USP), Luciano Ara\u00fajo<br>(EACH\/USP) e Fl\u00e1vio da Silva Fiorini (Instituto de F\u00edsica\/USP).<br>O evento estar\u00e1 aberto para debates e trocas de experi\u00eancias entre os participantes.<br>SERVI\u00c7O:<br>Local: Centro de Difus\u00e3o Internacional da USP (Av. Prof. L\u00facio Martins Rodrigues, 310,<br>Bloco A \u2013 Cidade Universit\u00e1ria, Butant\u00e3)<br>Hor\u00e1rio: das 9h30 \u00e0s 12h30<br>Inscri\u00e7\u00f5es gratuitas: https:\/\/forms.gle\/zgaoJmgkkje7Rg2Z6<br>Link Youtube: https:\/\/www.youtube.com\/live\/wBUpESJ_7LY<\/p>\n","protected":false},"excerpt":{"rendered":"<p>Professores e pesquisadores analisam como o uso de tecnologias avan\u00e7adas e odesenvolvimento de compet\u00eancias humanas&#8230;<\/p>\n","protected":false},"author":1,"featured_media":26646,"comment_status":"open","ping_status":"open","sticky":false,"template":"","format":"standard","meta":{"footnotes":""},"categories":[2],"tags":[],"featured_image_urls":{"full":["https:\/\/novosaopaulo.com.br\/n1\/wp-content\/uploads\/2025\/10\/WhatsApp-Image-2025-10-29-at-12.09.15.jpeg",1054,1230,false],"thumbnail":["https:\/\/novosaopaulo.com.br\/n1\/wp-content\/uploads\/2025\/10\/WhatsApp-Image-2025-10-29-at-12.09.15-150x150.jpeg",150,150,true],"medium":["https:\/\/novosaopaulo.com.br\/n1\/wp-content\/uploads\/2025\/10\/WhatsApp-Image-2025-10-29-at-12.09.15-257x300.jpeg",257,300,true],"medium_large":["https:\/\/novosaopaulo.com.br\/n1\/wp-content\/uploads\/2025\/10\/WhatsApp-Image-2025-10-29-at-12.09.15-768x896.jpeg",640,747,true],"large":["https:\/\/novosaopaulo.com.br\/n1\/wp-content\/uploads\/2025\/10\/WhatsApp-Image-2025-10-29-at-12.09.15-877x1024.jpeg",640,747,true],"1536x1536":["https:\/\/novosaopaulo.com.br\/n1\/wp-content\/uploads\/2025\/10\/WhatsApp-Image-2025-10-29-at-12.09.15.jpeg",1054,1230,false],"2048x2048":["https:\/\/novosaopaulo.com.br\/n1\/wp-content\/uploads\/2025\/10\/WhatsApp-Image-2025-10-29-at-12.09.15.jpeg",1054,1230,false],"newsever-slider-full":["https:\/\/novosaopaulo.com.br\/n1\/wp-content\/uploads\/2025\/10\/WhatsApp-Image-2025-10-29-at-12.09.15-1054x845.jpeg",1054,845,true],"newsever-featured":["https:\/\/novosaopaulo.com.br\/n1\/wp-content\/uploads\/2025\/10\/WhatsApp-Image-2025-10-29-at-12.09.15-1024x1195.jpeg",1024,1195,true],"newsever-medium":["https:\/\/novosaopaulo.com.br\/n1\/wp-content\/uploads\/2025\/10\/WhatsApp-Image-2025-10-29-at-12.09.15-720x475.jpeg",720,475,true]},"author_info":{"display_name":"Reda\u00e7\u00e3o","author_link":"https:\/\/novosaopaulo.com.br\/n1\/author\/g5poa\/"},"category_info":"<a href=\"https:\/\/novosaopaulo.com.br\/n1\/category\/cidades\/\" rel=\"category tag\">Cidades<\/a>","tag_info":"Cidades","comment_count":"0","_links":{"self":[{"href":"https:\/\/novosaopaulo.com.br\/n1\/wp-json\/wp\/v2\/posts\/26645"}],"collection":[{"href":"https:\/\/novosaopaulo.com.br\/n1\/wp-json\/wp\/v2\/posts"}],"about":[{"href":"https:\/\/novosaopaulo.com.br\/n1\/wp-json\/wp\/v2\/types\/post"}],"author":[{"embeddable":true,"href":"https:\/\/novosaopaulo.com.br\/n1\/wp-json\/wp\/v2\/users\/1"}],"replies":[{"embeddable":true,"href":"https:\/\/novosaopaulo.com.br\/n1\/wp-json\/wp\/v2\/comments?post=26645"}],"version-history":[{"count":1,"href":"https:\/\/novosaopaulo.com.br\/n1\/wp-json\/wp\/v2\/posts\/26645\/revisions"}],"predecessor-version":[{"id":26647,"href":"https:\/\/novosaopaulo.com.br\/n1\/wp-json\/wp\/v2\/posts\/26645\/revisions\/26647"}],"wp:featuredmedia":[{"embeddable":true,"href":"https:\/\/novosaopaulo.com.br\/n1\/wp-json\/wp\/v2\/media\/26646"}],"wp:attachment":[{"href":"https:\/\/novosaopaulo.com.br\/n1\/wp-json\/wp\/v2\/media?parent=26645"}],"wp:term":[{"taxonomy":"category","embeddable":true,"href":"https:\/\/novosaopaulo.com.br\/n1\/wp-json\/wp\/v2\/categories?post=26645"},{"taxonomy":"post_tag","embeddable":true,"href":"https:\/\/novosaopaulo.com.br\/n1\/wp-json\/wp\/v2\/tags?post=26645"}],"curies":[{"name":"wp","href":"https:\/\/api.w.org\/{rel}","templated":true}]}}