{"id":26630,"date":"2025-10-28T19:21:16","date_gmt":"2025-10-28T22:21:16","guid":{"rendered":"https:\/\/novosaopaulo.com.br\/n1\/?p=26630"},"modified":"2025-10-28T19:21:17","modified_gmt":"2025-10-28T22:21:17","slug":"da-censura-a-celebracao-artista-plastico-gerson-fogaca-estreia-mostra-caos-in-itinere-na-argentina","status":"publish","type":"post","link":"https:\/\/novosaopaulo.com.br\/n1\/da-censura-a-celebracao-artista-plastico-gerson-fogaca-estreia-mostra-caos-in-itinere-na-argentina\/","title":{"rendered":"Da censura \u00e0 celebra\u00e7\u00e3o: Artista pl\u00e1stico Gerson Foga\u00e7a estreia mostra \u201cCaos In Itinere\u201d na Argentina"},"content":{"rendered":"\n<p>Gerson Foga\u00e7a destaca obra de 5 metros \u2014 antes censurada no Brasil e, depois, reapresentada no Museu Nacional de Bras\u00edlia \u2014 com novo contexto no Museu Carlos Alonso, em Mendoza.<\/p>\n\n\n\n<p>O artista Gerson Foga\u00e7a inaugura, no pr\u00f3ximo dia 7 de novembro de 2025, \u00e0s 20h, a exposi\u00e7\u00e3o \u201cCaos In Itinere\u201d, no Museu Carlos Alonso (Mendoza, Argentina). A mostra tomar\u00e1 os tr\u00eas pisos do museu e contar\u00e1 com 39 obras que atravessam sua produ\u00e7\u00e3o entre 2007 e 2025, evidenciando o di\u00e1logo constante entre gesto e cor, mat\u00e9ria e tempo \u2014 eixo po\u00e9tico que estrutura sua pesquisa.<\/p>\n\n\n\n<p>Com curadoria da franco-argentina Patr\u00edcia Avena Navarro, o recorte opta por um per\u00edodo de 2013 at\u00e9 os dias atuais, no qual o urbano se transforma em ritmo e linguagem. As pinturas de Foga\u00e7a, marcadas por energia e vitalidade, configuram um \u201cbal\u00e9 urbano\u201d em que as formas se libertam dos contornos e transitam entre o figurativo e o abstrato, tensionando o humano e o transit\u00f3rio. Sua po\u00e9tica combina espontaneidade do gesto e constru\u00e7\u00e3o crom\u00e1tica rigorosa, compondo paisagens simb\u00f3licas situadas entre o real e o<br>imagin\u00e1rio \u2014 entre o que passa e o que permanece.<\/p>\n\n\n\n<p>A produ\u00e7\u00e3o da exposi\u00e7\u00e3o \u00e9 assinada por Malu da Cunha e KA Produ\u00e7\u00f5es Culturais. A realiza\u00e7\u00e3o \u00e9 do Instituto Cultural Urukum e a viabiliza\u00e7\u00e3o com recursos do Programa Goyazes do Governo de Goi\u00e1s, por meio da Secretaria de Estado da Cultura.<\/p>\n\n\n\n<p>Obra-chave (5 m) \u2014 do veto \u00e0 reexibi\u00e7\u00e3o.<\/p>\n\n\n\n<p>Em 2019, uma obra de 5 metros de largura integrou a exposi\u00e7\u00e3o O Sangue no Alguid\u00e1, no Museu dos Correios (Bras\u00edlia), concebida por Foga\u00e7a em di\u00e1logo com a literatura de Pedro Juan Guti\u00e9rrez e com a vertente do \u201crealismo sujo\u201d latino-americano. Um dia antes da abertura, a mostra sofreu censura institucional e foi desmontada. Em menos de 24 horas, o conjunto foi transferido para o Museu Nacional de Bras\u00edlia, onde voltou a ser apresentado ao p\u00fablico, com ampla repercuss\u00e3o. O percurso \u2014 entre supress\u00e3o e reexibi\u00e7\u00e3o \u2014 refor\u00e7a o papel social dos museus como espa\u00e7os de pensamento cr\u00edtico, mem\u00f3ria e liberdade de express\u00e3o.<\/p>\n\n\n\n<p>Trajet\u00f3ria<\/p>\n\n\n\n<p>Com passagens por institui\u00e7\u00f5es como Casa de Am\u00e9rica Latina (Lisboa), Casa Brasil (Bruxelas), Galer\u00eda Luz y Oficio (Havana), Centro Cultural Correios (Salvador), Museu Nacional da Rep\u00fablica (Bras\u00edlia), MAC\/GO, MAG \u2013 Museu de Arte de Goi\u00e2nia, Centro Cultural Las Rozas (Madri), ACA \u2013 Art Concept Alternativa (Santander, Espanha), Museu de Arte Contempor\u00e2nea de Caracas, Museo de Arte Alejandro Otero (Caracas, Venezuela) e Sanger<br>Gallery \u2013 The Studios of Key West (EUA), Foga\u00e7a reafirma, nesta estreia argentina, a coer\u00eancia e a for\u00e7a de sua linguagem pict\u00f3rica.<\/p>\n\n\n\n<p>Pr\u00f3xima etapa internacional<\/p>\n\n\n\n<p>Ap\u00f3s Mendoza, o artista apresenta \u201cNa Curva do Tempo\u201d, com curadoria de Dayalis Gonz\u00e1lez Perdomo, no Centro Cultural Lecrac (Pal\u00eancia, Espanha). A mostra integra o circuito cultural que celebra a irmandade entre Pal\u00eancia e o Rio de Janeiro, simbolizada pelos monumentos Cristo del Otero e Cristo Redentor. Abre ao p\u00fablico em 9 de novembro de 2025, com abertura oficial e presen\u00e7a do artista em 18 de novembro, e permanece at\u00e9 8 de dezembro<br>de 2025.<\/p>\n\n\n\n<p>Servi\u00e7o<br>Exposi\u00e7\u00e3o: Caos In Itinere \u2013 Gerson Foga\u00e7a<br>Curadoria: Patr\u00edcia Avena Navarro<br>Abertura: 7 de novembro de 2025, \u00e0s 20h<br>Local: Museu Carlos Alonso<br>Endere\u00e7o: Av. Emilio Civit, 348 \u2013 Mendoza, Argentina<br>Visita\u00e7\u00e3o: 8 de novembro a 30 de dezembro de 2025<\/p>\n\n\n\n<figure class=\"wp-block-image size-full\"><img fetchpriority=\"high\" decoding=\"async\" width=\"533\" height=\"800\" src=\"https:\/\/novosaopaulo.com.br\/n1\/wp-content\/uploads\/2025\/10\/WhatsApp-Image-2025-10-28-at-13.09.27-1.jpeg\" alt=\"\" class=\"wp-image-26631\" srcset=\"https:\/\/novosaopaulo.com.br\/n1\/wp-content\/uploads\/2025\/10\/WhatsApp-Image-2025-10-28-at-13.09.27-1.jpeg 533w, https:\/\/novosaopaulo.com.br\/n1\/wp-content\/uploads\/2025\/10\/WhatsApp-Image-2025-10-28-at-13.09.27-1-200x300.jpeg 200w\" sizes=\"(max-width: 533px) 100vw, 533px\" \/><\/figure>\n","protected":false},"excerpt":{"rendered":"<p>Gerson Foga\u00e7a destaca obra de 5 metros \u2014 antes censurada no Brasil e, depois, reapresentada&#8230;<\/p>\n","protected":false},"author":1,"featured_media":26632,"comment_status":"open","ping_status":"open","sticky":false,"template":"","format":"standard","meta":{"footnotes":""},"categories":[38],"tags":[],"featured_image_urls":{"full":["https:\/\/novosaopaulo.com.br\/n1\/wp-content\/uploads\/2025\/10\/WhatsApp-Image-2025-10-28-at-13.09.27.jpeg",533,800,false],"thumbnail":["https:\/\/novosaopaulo.com.br\/n1\/wp-content\/uploads\/2025\/10\/WhatsApp-Image-2025-10-28-at-13.09.27-150x150.jpeg",150,150,true],"medium":["https:\/\/novosaopaulo.com.br\/n1\/wp-content\/uploads\/2025\/10\/WhatsApp-Image-2025-10-28-at-13.09.27-200x300.jpeg",200,300,true],"medium_large":["https:\/\/novosaopaulo.com.br\/n1\/wp-content\/uploads\/2025\/10\/WhatsApp-Image-2025-10-28-at-13.09.27.jpeg",533,800,false],"large":["https:\/\/novosaopaulo.com.br\/n1\/wp-content\/uploads\/2025\/10\/WhatsApp-Image-2025-10-28-at-13.09.27.jpeg",533,800,false],"1536x1536":["https:\/\/novosaopaulo.com.br\/n1\/wp-content\/uploads\/2025\/10\/WhatsApp-Image-2025-10-28-at-13.09.27.jpeg",533,800,false],"2048x2048":["https:\/\/novosaopaulo.com.br\/n1\/wp-content\/uploads\/2025\/10\/WhatsApp-Image-2025-10-28-at-13.09.27.jpeg",533,800,false],"newsever-slider-full":["https:\/\/novosaopaulo.com.br\/n1\/wp-content\/uploads\/2025\/10\/WhatsApp-Image-2025-10-28-at-13.09.27.jpeg",533,800,false],"newsever-featured":["https:\/\/novosaopaulo.com.br\/n1\/wp-content\/uploads\/2025\/10\/WhatsApp-Image-2025-10-28-at-13.09.27.jpeg",533,800,false],"newsever-medium":["https:\/\/novosaopaulo.com.br\/n1\/wp-content\/uploads\/2025\/10\/WhatsApp-Image-2025-10-28-at-13.09.27-533x475.jpeg",533,475,true]},"author_info":{"display_name":"Reda\u00e7\u00e3o","author_link":"https:\/\/novosaopaulo.com.br\/n1\/author\/g5poa\/"},"category_info":"<a href=\"https:\/\/novosaopaulo.com.br\/n1\/category\/joao-costa\/\" rel=\"category tag\">Jo\u00e3o Costa<\/a>","tag_info":"Jo\u00e3o Costa","comment_count":"0","_links":{"self":[{"href":"https:\/\/novosaopaulo.com.br\/n1\/wp-json\/wp\/v2\/posts\/26630"}],"collection":[{"href":"https:\/\/novosaopaulo.com.br\/n1\/wp-json\/wp\/v2\/posts"}],"about":[{"href":"https:\/\/novosaopaulo.com.br\/n1\/wp-json\/wp\/v2\/types\/post"}],"author":[{"embeddable":true,"href":"https:\/\/novosaopaulo.com.br\/n1\/wp-json\/wp\/v2\/users\/1"}],"replies":[{"embeddable":true,"href":"https:\/\/novosaopaulo.com.br\/n1\/wp-json\/wp\/v2\/comments?post=26630"}],"version-history":[{"count":1,"href":"https:\/\/novosaopaulo.com.br\/n1\/wp-json\/wp\/v2\/posts\/26630\/revisions"}],"predecessor-version":[{"id":26633,"href":"https:\/\/novosaopaulo.com.br\/n1\/wp-json\/wp\/v2\/posts\/26630\/revisions\/26633"}],"wp:featuredmedia":[{"embeddable":true,"href":"https:\/\/novosaopaulo.com.br\/n1\/wp-json\/wp\/v2\/media\/26632"}],"wp:attachment":[{"href":"https:\/\/novosaopaulo.com.br\/n1\/wp-json\/wp\/v2\/media?parent=26630"}],"wp:term":[{"taxonomy":"category","embeddable":true,"href":"https:\/\/novosaopaulo.com.br\/n1\/wp-json\/wp\/v2\/categories?post=26630"},{"taxonomy":"post_tag","embeddable":true,"href":"https:\/\/novosaopaulo.com.br\/n1\/wp-json\/wp\/v2\/tags?post=26630"}],"curies":[{"name":"wp","href":"https:\/\/api.w.org\/{rel}","templated":true}]}}