{"id":26613,"date":"2025-10-26T21:20:52","date_gmt":"2025-10-27T00:20:52","guid":{"rendered":"https:\/\/novosaopaulo.com.br\/n1\/?p=26613"},"modified":"2025-10-26T21:20:53","modified_gmt":"2025-10-27T00:20:53","slug":"carta-renuncia-ao-cargo-de-presidente-do-coselho-da-cultura-de-poa","status":"publish","type":"post","link":"https:\/\/novosaopaulo.com.br\/n1\/carta-renuncia-ao-cargo-de-presidente-do-coselho-da-cultura-de-poa\/","title":{"rendered":"Carta ren\u00fancia ao cargo de presidente do coselho da cultura de Po\u00e1"},"content":{"rendered":"\n<p>Comunico a quem interessar que renuncio ao cargo que ocupo na Mesa Diretora do Conselho de Cultura de Po\u00e1.<br>Fui eleito em julho de 2025 ap\u00f3s REN\u00daNCIA do Presidente Delcimar Bessa Ferreira. Esse per\u00edodo de quatro meses foi turbulento onde inclusive claramente sofri uma tentativa de golpe. Reuni\u00f5es tumultuadas por pr\u00f3prios colegas da sociedade civil que questionavam toda pauta proposta. Soma-se a isso a m\u00e1 vontade do poder p\u00fablico em de fato buscar a implementa\u00e7\u00e3o de pol\u00edticas culturais efetivas em Po\u00e1.<br>Projeto de certifica\u00e7\u00e3o de institui\u00e7\u00f5es culturais foi rejeitado de forma un\u00e2nime mesmo ap\u00f3s ter recebido a aprova\u00e7\u00e3o de colegas da sociedade civil dizendo que votariam favor\u00e1vel.<br>Em resumo as reuni\u00f5es nos \u00faltimos meses com exce\u00e7\u00e3o a de outubro foram de questionamentos vazios, discursos controv\u00e9rsios, de pouca produtividade beirando a nenhuma.<br>A gota de \u00e1gua que faz o balde transbordar \u00e9 a clara in\u00e9pcia de colegas que n\u00e3o conseguem minimamente se reunirem para elaborar um simples of\u00edcio para pedir informa\u00e7\u00f5es referente aos assuntos pol\u00eamicos que circundam a Orqu\u00eddea Fest. A tradicional festa das orqu\u00eddeas foi totalmente desfigurada a come\u00e7ar pelo nome, passando pelo desrespeito \u00e0s nossas artes\u00e3s, que ficaram num espa\u00e7o rid\u00edculo e a parte do pavilh\u00e3o de exposi\u00e7\u00f5es Jos\u00e9 Massa, que abrigou maior n\u00famero de pessoas e uma \u00e1rea coberta, adequada para exposi\u00e7\u00e3o e venda de produtos.<br>Os artistas da cidade n\u00e3o receberam cach\u00ea. Enquanto os ditos de renome nacional receberam toda pompa, com ampla divulga\u00e7\u00e3o e cach\u00eas alt\u00edssimos.<br>O discurso da atual gest\u00e3o tem sido de fazer por amor a cidade, por\u00e9m, isso \u00e9 por pura conveni\u00eancia. N\u00e3o foi &#8220;amor&#8221; depositado na conta banc\u00e1ria dos ditos artistas de renome nacional. Foi muita grana! Grana justa! Afinal, todo trabalho merece uma remunera\u00e7\u00e3o consider\u00e1vel e todo trabalhador merece ser tratado com dignidade. Dignidade, tratamento e grana essa que n\u00e3o foi dada aos artistas locais.<br>Inclusive como cidad\u00e3o e artista avalio que esta consegue ser pior gest\u00e3o que as anteriores. N\u00f3s n\u00e3o precisamos de marketing, sorrisos c\u00ednicos, precisamos de pol\u00edticas p\u00fablicas eficientes e estruturantes. \u00c9 isso que Po\u00e1 merece, que os poaenses precisam.<br>Esta carta n\u00e3o \u00e9 uma desist\u00eancia, n\u00e3o \u00e9 um pedido de arrego, n\u00e3o \u00e9 jogar a toalha. \u00c9 uma tentativa entre tantas ao longo de d\u00e9cadas de buscar fazer o poder p\u00fablico municipal se sensibilizar com os poaenses, com Po\u00e1. Uma sensibilidade real, verdadeira, colocar Po\u00e1 na frente de vaidades, mesquinharias. Po\u00e1 tem pressa e merece mais.<br>Meu descontentamento \u00e9 t\u00e3o profundo que se o Eu de hoje pudesse voltar no tempo do Eu do passado diria: &#8220;pare de lutar pela implementa\u00e7\u00e3o do Conselho de Cultura deu ruim l\u00e1 frente&#8221; saio da presid\u00eancia sem ter conseguido sequer iniciar discuss\u00e3o sobre implementa\u00e7\u00e3o do Cultura Viva em Po\u00e1, tem que falado h\u00e1 10 anos na cidade. Saio sem ter conseguido sobre a minha gest\u00e3o ter aprovado uma simples certifica\u00e7\u00e3o de institui\u00e7\u00f5es culturais que est\u00e1 previsto em decreto municipal e alegaram a certifica\u00e7\u00e3o ser inconstitucional. Ent\u00e3o tal decreto tamb\u00e9m \u00e9? Pergunta que numa reuni\u00e3o ficou sem resposta. A verdade \u00e9 que n\u00e3o h\u00e1 compromisso com pol\u00edticas culturais com P mai\u00fasculo. Espero que repensem tal pr\u00e1tica! De forma urgente! Porque Po\u00e1 tem pressa!<br>Para fechar com a ren\u00fancia de Delcimar e a minha da presid\u00eancia soma-se mais de 100 votos dados em dois conselheiros e se juntar todos os demais quase n\u00e3o passa da totalidade da nossa somat\u00f3ria. O que deixa claro a crise de representatividade. Fomos os dois conselheiros mais bem votados do \u00faltimo pleito. A estes que a mim confiaram o voto em mim. Obrigado e desculpas. E entendam esta \u00e9 uma tentativa de que mudem o rumo que est\u00e3o dando a Po\u00e1. N\u00f3s j\u00e1 tivemos gest\u00f5es p\u00e9ssimas n\u00e3o precisamos de mais uma!<\/p>\n\n\n\n<p>Maguinilson de Oliveira Silva<\/p>\n","protected":false},"excerpt":{"rendered":"<p>Comunico a quem interessar que renuncio ao cargo que ocupo na Mesa Diretora do Conselho&#8230;<\/p>\n","protected":false},"author":1,"featured_media":26614,"comment_status":"open","ping_status":"open","sticky":false,"template":"","format":"standard","meta":{"footnotes":""},"categories":[8],"tags":[],"featured_image_urls":{"full":["https:\/\/novosaopaulo.com.br\/n1\/wp-content\/uploads\/2025\/10\/magnilson.jpg",628,600,false],"thumbnail":["https:\/\/novosaopaulo.com.br\/n1\/wp-content\/uploads\/2025\/10\/magnilson-150x150.jpg",150,150,true],"medium":["https:\/\/novosaopaulo.com.br\/n1\/wp-content\/uploads\/2025\/10\/magnilson-300x287.jpg",300,287,true],"medium_large":["https:\/\/novosaopaulo.com.br\/n1\/wp-content\/uploads\/2025\/10\/magnilson.jpg",628,600,false],"large":["https:\/\/novosaopaulo.com.br\/n1\/wp-content\/uploads\/2025\/10\/magnilson.jpg",628,600,false],"1536x1536":["https:\/\/novosaopaulo.com.br\/n1\/wp-content\/uploads\/2025\/10\/magnilson.jpg",628,600,false],"2048x2048":["https:\/\/novosaopaulo.com.br\/n1\/wp-content\/uploads\/2025\/10\/magnilson.jpg",628,600,false],"newsever-slider-full":["https:\/\/novosaopaulo.com.br\/n1\/wp-content\/uploads\/2025\/10\/magnilson.jpg",628,600,false],"newsever-featured":["https:\/\/novosaopaulo.com.br\/n1\/wp-content\/uploads\/2025\/10\/magnilson.jpg",628,600,false],"newsever-medium":["https:\/\/novosaopaulo.com.br\/n1\/wp-content\/uploads\/2025\/10\/magnilson-628x475.jpg",628,475,true]},"author_info":{"display_name":"Reda\u00e7\u00e3o","author_link":"https:\/\/novosaopaulo.com.br\/n1\/author\/g5poa\/"},"category_info":"<a href=\"https:\/\/novosaopaulo.com.br\/n1\/category\/poa\/\" rel=\"category tag\">Po\u00e1<\/a>","tag_info":"Po\u00e1","comment_count":"0","_links":{"self":[{"href":"https:\/\/novosaopaulo.com.br\/n1\/wp-json\/wp\/v2\/posts\/26613"}],"collection":[{"href":"https:\/\/novosaopaulo.com.br\/n1\/wp-json\/wp\/v2\/posts"}],"about":[{"href":"https:\/\/novosaopaulo.com.br\/n1\/wp-json\/wp\/v2\/types\/post"}],"author":[{"embeddable":true,"href":"https:\/\/novosaopaulo.com.br\/n1\/wp-json\/wp\/v2\/users\/1"}],"replies":[{"embeddable":true,"href":"https:\/\/novosaopaulo.com.br\/n1\/wp-json\/wp\/v2\/comments?post=26613"}],"version-history":[{"count":1,"href":"https:\/\/novosaopaulo.com.br\/n1\/wp-json\/wp\/v2\/posts\/26613\/revisions"}],"predecessor-version":[{"id":26615,"href":"https:\/\/novosaopaulo.com.br\/n1\/wp-json\/wp\/v2\/posts\/26613\/revisions\/26615"}],"wp:featuredmedia":[{"embeddable":true,"href":"https:\/\/novosaopaulo.com.br\/n1\/wp-json\/wp\/v2\/media\/26614"}],"wp:attachment":[{"href":"https:\/\/novosaopaulo.com.br\/n1\/wp-json\/wp\/v2\/media?parent=26613"}],"wp:term":[{"taxonomy":"category","embeddable":true,"href":"https:\/\/novosaopaulo.com.br\/n1\/wp-json\/wp\/v2\/categories?post=26613"},{"taxonomy":"post_tag","embeddable":true,"href":"https:\/\/novosaopaulo.com.br\/n1\/wp-json\/wp\/v2\/tags?post=26613"}],"curies":[{"name":"wp","href":"https:\/\/api.w.org\/{rel}","templated":true}]}}