{"id":26606,"date":"2025-10-25T13:05:58","date_gmt":"2025-10-25T16:05:58","guid":{"rendered":"https:\/\/novosaopaulo.com.br\/n1\/?p=26606"},"modified":"2025-10-25T13:05:59","modified_gmt":"2025-10-25T16:05:59","slug":"opereta-realiza-dia-internacional-da-animacao-nesta-terca","status":"publish","type":"post","link":"https:\/\/novosaopaulo.com.br\/n1\/opereta-realiza-dia-internacional-da-animacao-nesta-terca\/","title":{"rendered":"Opereta realiza dia internacional da anima\u00e7\u00e3o nesta ter\u00e7a"},"content":{"rendered":"\n<p>Mostra Nacional e Internacional re\u00fane o melhor das produ\u00e7\u00f5es deste g\u00eanero em exibi\u00e7\u00e3o \u00fanica, dia 28, \u00e0s 19h<\/p>\n\n\n\n<p>O Dia Internacional da Anima\u00e7\u00e3o (DIA) \u00e9 uma Mostra de curtas-metragens de anima\u00e7\u00e3o com exibi\u00e7\u00f5es que acontecem em v\u00e1rias cidades de norte a sul do Brasil. E pela primeira vez, a Associa\u00e7\u00e3o Cultural Opereta traz o evento para a cidade de Po\u00e1. No dia 28, \u00e0s 19h, o p\u00fablico poder\u00e1 conferir a Mostra Oficial, composta por uma hora de curtas brasileiro (Mostra Nacional) e uma hora de curtas estrangeiros (Mostra Internacional) e \u00e9 exibida simultaneamente em todas as cidades participantes do circuito, no dia 28 de Outubro, com entrada franca.<\/p>\n\n\n\n<p>No \u00faltimo dia 21, o Espa\u00e7o Opereta apresentou a Mostra Infantil e contou com a presen\u00e7a das crian\u00e7as e adolescentes do Servi\u00e7o Social Batu\u00edra. Cerca de 60 pessoas participaram da atividade e conheceram um pouco das produ\u00e7\u00f5es audiovisuais brasileiras.<\/p>\n\n\n\n<p>Em 2025 o evento comemora 22 anos! A primeira edi\u00e7\u00e3o foi em 2004 no SESC Vila Mariana, em S\u00e3o Paulo, com a exibi\u00e7\u00e3o de \u201cPlaneta Terra\u201d, filme coletivo de 1986 co-dirigido por cerca de 30 animadores. Desde ent\u00e3o, as exibi\u00e7\u00f5es foram alcan\u00e7ando mais cidades em diferentes lugares do pa\u00eds, chegando hoje a mais de 200 cidades de todos os estados do Brasil e no Distrito Federal.<\/p>\n\n\n\n<p>Neste ano, a organiza\u00e7\u00e3o recebeu a inscri\u00e7\u00e3o de 137 curtas-metragens de anima\u00e7\u00e3o brasileiros para exibi\u00e7\u00e3o nas Mostras Nacional e Infantil. Destes, foram selecionados pelo j\u00fari, 6 filmes para a Mostra Nacional (programa\u00e7\u00e3o principal) e 7 para a Mostra Infantil (programa\u00e7\u00e3o paralela). O j\u00fari, coordenado por Marcelo Mar\u00e3o, foi composto por diretores e diretoras que tiveram seus filmes exibidos no DIA em anos anteriores &#8211; Rebeca Nigri (RJ), Fl\u00e1via Godoy (SP), Levi Magalh\u00e3es (CE), Cec\u00edlia Martinez (RS) e Amanda Pomar (MG).<\/p>\n\n\n\n<p>A Mostra Internacional conta com um programa de 5 curtas metragens estrangeiros com filmes vindos da Argentina, Uruguai, Est\u00f4nia, Ir\u00e3 e uma coprodu\u00e7\u00e3o EUA e Brasil. A escolha foi feita a partir da curadoria do Diretor Marcelo Mar\u00e3o e da premiada diretora Rosana Urbes.<\/p>\n\n\n\n<p>No Brasil, o evento gera a integra\u00e7\u00e3o cultural em todas as regi\u00f5es do pa\u00eds, mobilizando diversas comunidades e facilitando a inclus\u00e3o e o acesso da popula\u00e7\u00e3o \u00e0 cultura. Uma das grandes caracter\u00edsticas do Dia Internacional da Anima\u00e7\u00e3o \u00e9 a exibi\u00e7\u00e3o dos filmes em locais com realidades diversas. Os mesmos curtas s\u00e3o exibidos em grandes centros, e tamb\u00e9m em muitas cidades do interior onde n\u00e3o h\u00e1 salas de cinema.<br>Hist\u00f3rico<br>A data foi escolhida porque no dia 28 de outubro de 1892, Charles-\u00c9mile Reynaud realizou a primeira proje\u00e7\u00e3o p\u00fablica de imagens animadas do mundo, exibindo o filme Pauvre Pierrot, no Museu Gr\u00e9vin, em Paris-Fran\u00e7a. Inspirada nesse fato, em 2002 a ASIFA (Associa\u00e7\u00e3o Internacional do Filme de Anima\u00e7\u00e3o) lan\u00e7ou a comemora\u00e7\u00e3o do Dia Internacional da Anima\u00e7\u00e3o, contando com diferentes grupos internacionais filiados em mais de 30 pa\u00edses. Pa\u00edses como EUA, Fran\u00e7a,<br>Portugal, Coreia do Sul, Egito, Austr\u00e1lia, Jap\u00e3o, entre outros, tamb\u00e9m celebram a data.<\/p>\n\n\n\n<p>Nesses 22 anos, o DIA j\u00e1 teve a honra de exibir curtas de realizadores independentes, estudantes e obras premiadas no Brasil e no exterior, como Guida (Rosana Urbes), Viagem na Chuva (Wesley Rodrigues), Dossi\u00ea R\u00eaBordosa (Cesar Cabral), O projeto do meu pai (Rosaria), Torre (N\u00e1dia Mangolini), entre outros.<br>Ampliar o acesso e fomentar o conhecimento do p\u00fablico em rela\u00e7\u00e3o ao universo do cinema de anima\u00e7\u00e3o produzido no Brasil \u00e9 a miss\u00e3o do DIA. Dar visibilidade para diretores brasileiros e mostrar a variedade de t\u00e9cnicas e narrativas poss\u00edveis nesta arte. Enfim, mudar a ideia de que anima\u00e7\u00e3o \u00e9 algo restrito \u00e0s crian\u00e7as, por\u00e9m, ainda assim, fazendo quest\u00e3o de selecionar uma programa\u00e7\u00e3o infantil com curtas de alta qualidade que \u00e9 tamb\u00e9m uma maneira de formar p\u00fablico.<\/p>\n\n\n\n<p>Todas as mostras t\u00eam aproximadamente uma hora de dura\u00e7\u00e3o. Confira a listagem dos curtas de cada mostra.<\/p>\n\n\n\n<p>MOSTRA NACIONAL<br>Classifica\u00e7\u00e3o Indicativa \u2013 14 Anos<br>Guaracy &#8211; Dir. Eliete Della Violla \/ Daniel Bruson<br>Medo De Cachorro &#8211; Dir. Italo Tapaj\u00f3s<br>Revoada -Dir. Tuan Fernandes \/ Gabrielle Neara \/ Dinora Melo<br>Pequeno B &#8211; Dir. Lucas Borges<br>Lapso &#8211; Dir. M\u00f4nica Moura<br>Kabuki &#8211; Dir. Tiago Minamisawa<\/p>\n\n\n\n<p>MOSTRA INTERNACIONAL<br>Classifica\u00e7\u00e3o Indicativa \u2013 14 anos<br>Quma y las Bestias &#8211; Dir. Iv\u00e1n Stur + Javier Ignacio Luna Crook &#8211; Argentina<br>Impossible Journey &#8211; Dir. YUCA &#8211; EUA\/BR<br>Amanecer &#8211; Dir. Clara Rodriguez de Almeida &#8211; Uruguai<br>L&#8217;amour en Plan &#8211; Dir. Claire Sichez &#8211; 14min &#8211; Est\u00f4nia<br>Winter Memories &#8211; Dir. Zahra Kababian e Amir Mahdi Safdari &#8211; 9 min &#8211; Ir\u00e3 \/ Rep\u00fablica Isl\u00e2mica<\/p>\n\n\n\n<p>Confira as cidades participantes e hor\u00e1rios em:<br>https:\/\/diadanimacao.com.br\/#cidades<\/p>\n\n\n\n<p>Mais Informa\u00e7\u00f5es sobre os curtas metragens:<br>https:\/\/diadanimacao.com.br\/filmes-2025<\/p>\n\n\n\n<p>Redes sociais:<br>YouTube: youtube.com\/user\/diadanimacao<br>Instagram: https:\/\/www.instagram.com\/diadanimacao\/<br>Facebook: https:\/\/www.facebook.com\/diainternacionaldanimacao<\/p>\n\n\n\n<p>Mais Informa\u00e7\u00f5es:<br>E-mail: contato@diadanimacao.com.br<br>Site: www.diadanimacao.com.br<\/p>\n\n\n\n<figure class=\"wp-block-gallery has-nested-images columns-default is-cropped wp-block-gallery-1 is-layout-flex wp-block-gallery-is-layout-flex\">\n<figure class=\"wp-block-image size-large\"><a href=\"https:\/\/novosaopaulo.com.br\/n1\/wp-content\/uploads\/2025\/10\/WhatsApp-Image-2025-10-24-at-21.28.25.jpeg\" target=\"_blank\" rel=\"noopener\"><img fetchpriority=\"high\" decoding=\"async\" width=\"1024\" height=\"576\" data-id=\"26607\" src=\"https:\/\/novosaopaulo.com.br\/n1\/wp-content\/uploads\/2025\/10\/WhatsApp-Image-2025-10-24-at-21.28.25-1024x576.jpeg\" alt=\"\" class=\"wp-image-26607\" srcset=\"https:\/\/novosaopaulo.com.br\/n1\/wp-content\/uploads\/2025\/10\/WhatsApp-Image-2025-10-24-at-21.28.25-1024x576.jpeg 1024w, https:\/\/novosaopaulo.com.br\/n1\/wp-content\/uploads\/2025\/10\/WhatsApp-Image-2025-10-24-at-21.28.25-300x169.jpeg 300w, https:\/\/novosaopaulo.com.br\/n1\/wp-content\/uploads\/2025\/10\/WhatsApp-Image-2025-10-24-at-21.28.25-768x432.jpeg 768w, https:\/\/novosaopaulo.com.br\/n1\/wp-content\/uploads\/2025\/10\/WhatsApp-Image-2025-10-24-at-21.28.25-1536x864.jpeg 1536w, https:\/\/novosaopaulo.com.br\/n1\/wp-content\/uploads\/2025\/10\/WhatsApp-Image-2025-10-24-at-21.28.25.jpeg 1600w\" sizes=\"(max-width: 1024px) 100vw, 1024px\" \/><\/a><\/figure>\n\n\n\n<figure class=\"wp-block-image size-large\"><a href=\"https:\/\/novosaopaulo.com.br\/n1\/wp-content\/uploads\/2025\/10\/WhatsApp-Image-2025-10-24-at-21.28.06.jpeg\" target=\"_blank\" rel=\"noopener\"><img decoding=\"async\" width=\"1024\" height=\"576\" data-id=\"26608\" src=\"https:\/\/novosaopaulo.com.br\/n1\/wp-content\/uploads\/2025\/10\/WhatsApp-Image-2025-10-24-at-21.28.06-1024x576.jpeg\" alt=\"\" class=\"wp-image-26608\" srcset=\"https:\/\/novosaopaulo.com.br\/n1\/wp-content\/uploads\/2025\/10\/WhatsApp-Image-2025-10-24-at-21.28.06-1024x576.jpeg 1024w, https:\/\/novosaopaulo.com.br\/n1\/wp-content\/uploads\/2025\/10\/WhatsApp-Image-2025-10-24-at-21.28.06-300x169.jpeg 300w, https:\/\/novosaopaulo.com.br\/n1\/wp-content\/uploads\/2025\/10\/WhatsApp-Image-2025-10-24-at-21.28.06-768x432.jpeg 768w, https:\/\/novosaopaulo.com.br\/n1\/wp-content\/uploads\/2025\/10\/WhatsApp-Image-2025-10-24-at-21.28.06-1536x864.jpeg 1536w, https:\/\/novosaopaulo.com.br\/n1\/wp-content\/uploads\/2025\/10\/WhatsApp-Image-2025-10-24-at-21.28.06.jpeg 1600w\" sizes=\"(max-width: 1024px) 100vw, 1024px\" \/><\/a><\/figure>\n\n\n\n<figure class=\"wp-block-image size-large\"><img decoding=\"async\" width=\"1024\" height=\"576\" data-id=\"26609\" src=\"https:\/\/novosaopaulo.com.br\/n1\/wp-content\/uploads\/2025\/10\/WhatsApp-Image-2025-10-24-at-21.27.35-1024x576.jpeg\" alt=\"\" class=\"wp-image-26609\" srcset=\"https:\/\/novosaopaulo.com.br\/n1\/wp-content\/uploads\/2025\/10\/WhatsApp-Image-2025-10-24-at-21.27.35-1024x576.jpeg 1024w, https:\/\/novosaopaulo.com.br\/n1\/wp-content\/uploads\/2025\/10\/WhatsApp-Image-2025-10-24-at-21.27.35-300x169.jpeg 300w, https:\/\/novosaopaulo.com.br\/n1\/wp-content\/uploads\/2025\/10\/WhatsApp-Image-2025-10-24-at-21.27.35-768x432.jpeg 768w, https:\/\/novosaopaulo.com.br\/n1\/wp-content\/uploads\/2025\/10\/WhatsApp-Image-2025-10-24-at-21.27.35-1536x864.jpeg 1536w, https:\/\/novosaopaulo.com.br\/n1\/wp-content\/uploads\/2025\/10\/WhatsApp-Image-2025-10-24-at-21.27.35.jpeg 1600w\" sizes=\"(max-width: 1024px) 100vw, 1024px\" \/><\/figure>\n\n\n\n<figure class=\"wp-block-image size-large\"><img loading=\"lazy\" decoding=\"async\" width=\"1024\" height=\"576\" data-id=\"26610\" src=\"https:\/\/novosaopaulo.com.br\/n1\/wp-content\/uploads\/2025\/10\/WhatsApp-Image-2025-10-24-at-21.27.13-1024x576.jpeg\" alt=\"\" class=\"wp-image-26610\" srcset=\"https:\/\/novosaopaulo.com.br\/n1\/wp-content\/uploads\/2025\/10\/WhatsApp-Image-2025-10-24-at-21.27.13-1024x576.jpeg 1024w, https:\/\/novosaopaulo.com.br\/n1\/wp-content\/uploads\/2025\/10\/WhatsApp-Image-2025-10-24-at-21.27.13-300x169.jpeg 300w, https:\/\/novosaopaulo.com.br\/n1\/wp-content\/uploads\/2025\/10\/WhatsApp-Image-2025-10-24-at-21.27.13-768x432.jpeg 768w, https:\/\/novosaopaulo.com.br\/n1\/wp-content\/uploads\/2025\/10\/WhatsApp-Image-2025-10-24-at-21.27.13-1536x864.jpeg 1536w, https:\/\/novosaopaulo.com.br\/n1\/wp-content\/uploads\/2025\/10\/WhatsApp-Image-2025-10-24-at-21.27.13.jpeg 1600w\" sizes=\"(max-width: 1024px) 100vw, 1024px\" \/><\/figure>\n\n\n\n<figure class=\"wp-block-image size-large\"><img loading=\"lazy\" decoding=\"async\" width=\"1024\" height=\"576\" data-id=\"26611\" src=\"https:\/\/novosaopaulo.com.br\/n1\/wp-content\/uploads\/2025\/10\/WhatsApp-Image-2025-10-24-at-21.26.57-1024x576.jpeg\" alt=\"\" class=\"wp-image-26611\" srcset=\"https:\/\/novosaopaulo.com.br\/n1\/wp-content\/uploads\/2025\/10\/WhatsApp-Image-2025-10-24-at-21.26.57-1024x576.jpeg 1024w, https:\/\/novosaopaulo.com.br\/n1\/wp-content\/uploads\/2025\/10\/WhatsApp-Image-2025-10-24-at-21.26.57-300x169.jpeg 300w, https:\/\/novosaopaulo.com.br\/n1\/wp-content\/uploads\/2025\/10\/WhatsApp-Image-2025-10-24-at-21.26.57-768x432.jpeg 768w, https:\/\/novosaopaulo.com.br\/n1\/wp-content\/uploads\/2025\/10\/WhatsApp-Image-2025-10-24-at-21.26.57-1536x864.jpeg 1536w, https:\/\/novosaopaulo.com.br\/n1\/wp-content\/uploads\/2025\/10\/WhatsApp-Image-2025-10-24-at-21.26.57.jpeg 1599w\" sizes=\"(max-width: 1024px) 100vw, 1024px\" \/><\/figure>\n<\/figure>\n","protected":false},"excerpt":{"rendered":"<p>Mostra Nacional e Internacional re\u00fane o melhor das produ\u00e7\u00f5es deste g\u00eanero em exibi\u00e7\u00e3o \u00fanica, dia&#8230;<\/p>\n","protected":false},"author":1,"featured_media":26608,"comment_status":"open","ping_status":"open","sticky":false,"template":"","format":"standard","meta":{"footnotes":""},"categories":[2,45],"tags":[],"featured_image_urls":{"full":["https:\/\/novosaopaulo.com.br\/n1\/wp-content\/uploads\/2025\/10\/WhatsApp-Image-2025-10-24-at-21.28.06.jpeg",1600,900,false],"thumbnail":["https:\/\/novosaopaulo.com.br\/n1\/wp-content\/uploads\/2025\/10\/WhatsApp-Image-2025-10-24-at-21.28.06-150x150.jpeg",150,150,true],"medium":["https:\/\/novosaopaulo.com.br\/n1\/wp-content\/uploads\/2025\/10\/WhatsApp-Image-2025-10-24-at-21.28.06-300x169.jpeg",300,169,true],"medium_large":["https:\/\/novosaopaulo.com.br\/n1\/wp-content\/uploads\/2025\/10\/WhatsApp-Image-2025-10-24-at-21.28.06-768x432.jpeg",640,360,true],"large":["https:\/\/novosaopaulo.com.br\/n1\/wp-content\/uploads\/2025\/10\/WhatsApp-Image-2025-10-24-at-21.28.06-1024x576.jpeg",640,360,true],"1536x1536":["https:\/\/novosaopaulo.com.br\/n1\/wp-content\/uploads\/2025\/10\/WhatsApp-Image-2025-10-24-at-21.28.06-1536x864.jpeg",1536,864,true],"2048x2048":["https:\/\/novosaopaulo.com.br\/n1\/wp-content\/uploads\/2025\/10\/WhatsApp-Image-2025-10-24-at-21.28.06.jpeg",1600,900,false],"newsever-slider-full":["https:\/\/novosaopaulo.com.br\/n1\/wp-content\/uploads\/2025\/10\/WhatsApp-Image-2025-10-24-at-21.28.06-1280x845.jpeg",1280,845,true],"newsever-featured":["https:\/\/novosaopaulo.com.br\/n1\/wp-content\/uploads\/2025\/10\/WhatsApp-Image-2025-10-24-at-21.28.06-1024x576.jpeg",1024,576,true],"newsever-medium":["https:\/\/novosaopaulo.com.br\/n1\/wp-content\/uploads\/2025\/10\/WhatsApp-Image-2025-10-24-at-21.28.06-720x475.jpeg",720,475,true]},"author_info":{"display_name":"Reda\u00e7\u00e3o","author_link":"https:\/\/novosaopaulo.com.br\/n1\/author\/g5poa\/"},"category_info":"<a href=\"https:\/\/novosaopaulo.com.br\/n1\/category\/cidades\/\" rel=\"category tag\">Cidades<\/a> <a href=\"https:\/\/novosaopaulo.com.br\/n1\/category\/cultura\/\" rel=\"category tag\">Cultura<\/a>","tag_info":"Cultura","comment_count":"0","_links":{"self":[{"href":"https:\/\/novosaopaulo.com.br\/n1\/wp-json\/wp\/v2\/posts\/26606"}],"collection":[{"href":"https:\/\/novosaopaulo.com.br\/n1\/wp-json\/wp\/v2\/posts"}],"about":[{"href":"https:\/\/novosaopaulo.com.br\/n1\/wp-json\/wp\/v2\/types\/post"}],"author":[{"embeddable":true,"href":"https:\/\/novosaopaulo.com.br\/n1\/wp-json\/wp\/v2\/users\/1"}],"replies":[{"embeddable":true,"href":"https:\/\/novosaopaulo.com.br\/n1\/wp-json\/wp\/v2\/comments?post=26606"}],"version-history":[{"count":1,"href":"https:\/\/novosaopaulo.com.br\/n1\/wp-json\/wp\/v2\/posts\/26606\/revisions"}],"predecessor-version":[{"id":26612,"href":"https:\/\/novosaopaulo.com.br\/n1\/wp-json\/wp\/v2\/posts\/26606\/revisions\/26612"}],"wp:featuredmedia":[{"embeddable":true,"href":"https:\/\/novosaopaulo.com.br\/n1\/wp-json\/wp\/v2\/media\/26608"}],"wp:attachment":[{"href":"https:\/\/novosaopaulo.com.br\/n1\/wp-json\/wp\/v2\/media?parent=26606"}],"wp:term":[{"taxonomy":"category","embeddable":true,"href":"https:\/\/novosaopaulo.com.br\/n1\/wp-json\/wp\/v2\/categories?post=26606"},{"taxonomy":"post_tag","embeddable":true,"href":"https:\/\/novosaopaulo.com.br\/n1\/wp-json\/wp\/v2\/tags?post=26606"}],"curies":[{"name":"wp","href":"https:\/\/api.w.org\/{rel}","templated":true}]}}