{"id":26599,"date":"2025-10-24T17:55:16","date_gmt":"2025-10-24T20:55:16","guid":{"rendered":"https:\/\/novosaopaulo.com.br\/n1\/?p=26599"},"modified":"2025-10-24T17:55:17","modified_gmt":"2025-10-24T20:55:17","slug":"mercado-ilegal-de-cabos-eletricos-e-instalacoes-irregulares-ampliam-risco-de-incendios-no-pais","status":"publish","type":"post","link":"https:\/\/novosaopaulo.com.br\/n1\/mercado-ilegal-de-cabos-eletricos-e-instalacoes-irregulares-ampliam-risco-de-incendios-no-pais\/","title":{"rendered":"Mercado ilegal de cabos el\u00e9tricos e instala\u00e7\u00f5es irregulares ampliam risco de inc\u00eandios no pa\u00eds"},"content":{"rendered":"\n<p>Setor estima que quase um ter\u00e7o dos cabos em circula\u00e7\u00e3o s\u00e3o fraudulentos, feitos com menos cobre que o exigido por norma, superaquecem e viram combust\u00edvel para trag\u00e9dias<\/p>\n\n\n\n<p>Inc\u00eandios em resid\u00eancias saltaram de 963 para 1.205 no ultimo ano analisado pela Abracopel<\/p>\n\n\n\n<p>Acidentes el\u00e9tricos continuam a ser uma das principais causas de mortes no Brasil. Entre 2023 e 2024, os casos cresceram de forma alarmante. Segundo a Abracopel (Associa\u00e7\u00e3o Brasileira de Conscientiza\u00e7\u00e3o para os Perigos da Eletricidade), os acidentes com choques e inc\u00eandios por sobrecarga aumentaram 11,6% em 2024, totalizando 2.373 ocorr\u00eancias.<\/p>\n\n\n\n<p>O n\u00famero de mortes tamb\u00e9m subiu, de 674 em 2023 para 759 em 2024, alta de 12,6%. S\u00f3 os inc\u00eandios em resid\u00eancias saltaram de 963 para 1.205 no per\u00edodo. O problema ganhou novos contornos em 2025, quando, entre janeiro e mar\u00e7o, foram registradas 18 ocorr\u00eancias de roubo de fios e cabos el\u00e9tricos, que resultaram em 12 mortes. Esses n\u00fameros escancaram a gravidade do cen\u00e1rio de seguran\u00e7a el\u00e9trica no pa\u00eds.<\/p>\n\n\n\n<p>Mas, esses n\u00fameros mostram apenas a ponta de um problema ainda maior: a qualidade e a fiscaliza\u00e7\u00e3o dos cabos e fios que abastecem o mercado brasileiro.<\/p>\n\n\n\n<p>Instalar materiais de qualidade \u00e9 a primeira prote\u00e7\u00e3o contra trag\u00e9dias, mas est\u00e1 longe de ser a \u00fanica. A cada nova obra, seja na constru\u00e7\u00e3o civil, em ind\u00fastrias ou em instala\u00e7\u00f5es residenciais, a inspe\u00e7\u00e3o regular deveria ser tratada como prioridade. \u201cA qualidade dos cabos \u00e9 diretamente proporcional \u00e0 seguran\u00e7a da instala\u00e7\u00e3o\u201d, resume Enio Rodrigues, diretor executivo do Sindicel, entidade que representa o setor.<\/p>\n\n\n\n<p>O risco \u00e9 sist\u00eamico. Em 2024, 30% dos fios de cobre usados no Brasil vieram de origem il\u00edcita, um mercado que movimenta cerca de R$ 2,4 bilh\u00f5es ao ano, segundo o SINDICEL (Sindicato da Ind\u00fastria de Condutores El\u00e9tricos, Trefila\u00e7\u00e3o e Lamina\u00e7\u00e3o de Metais N\u00e3o Ferrosos do Estado de S\u00e3o Paulo).<\/p>\n\n\n\n<p>Segundo Rodrigues, cabos fora de norma, muitas vezes produzidos com menos cobre do que o necess\u00e1rio e isolados com PVC em excesso, criam uma falsa sensa\u00e7\u00e3o de seguran\u00e7a. Essa pr\u00e1tica, chamada de \u201ccabo desbitolado\u201d, compromete a condu\u00e7\u00e3o el\u00e9trica, aumenta o risco de superaquecimento e pode ser o estopim de inc\u00eandios.<\/p>\n\n\n\n<p>\u201cH\u00e1 empresas lan\u00e7ando no mercado cabos que n\u00e3o atendem aos crit\u00e9rios m\u00ednimos de qualidade. Isso sobrecarrega os sistemas, eleva o consumo de energia e, no limite, coloca vidas em risco\u201d, alerta Maur\u00edcio Santana, diretor executivo da Qualifio. Criada em 1993, a entidade atua no monitoramento da qualidade de fios e cabos e denuncia irregularidades aos IPEMs (Institutos de Pesos e Medidas).<\/p>\n\n\n\n<p>A fraude, no entanto, n\u00e3o \u00e9 o \u00fanico desafio. &#8220;O uso de cabos de alum\u00ednio revestidos de cobre, em substitui\u00e7\u00e3o ao cabo de cobre convencional, tem se tornado frequente e igualmente perigoso. O alum\u00ednio aquece mais, pode comprometer conex\u00f5es e levar a temperaturas cr\u00edticas em sistemas el\u00e9tricos&#8221;, explica Santana.<\/p>\n\n\n\n<p>De acordo com o diretor da entidade, os cabos de alum\u00ednio podem ser utilizados em situa\u00e7\u00f5es espec\u00edficas. O problema, segundo ele, \u00e9 que, por apresentarem di\u00e2metro maior devido \u00e0 menor condutividade do material, muitas vezes confundem o consumidor, que acaba aplicando esse tipo de cabo em circuitos com corrente superior \u00e0 recomendada, comprometendo a seguran\u00e7a da instala\u00e7\u00e3o. \u201cAl\u00e9m disso, vemos construtoras instalando cabos de alum\u00ednio em diferentes \u00e1reas de novas obras sem considerar a real demanda que cada ponto precisar\u00e1 suportar futuramente. Como s\u00e3o materiais de qualidade inferior, isso acaba gerando riscos significativos \u00e0 seguran\u00e7a\u201d, alerta.<\/p>\n\n\n\n<p>Al\u00e9m disso, a fiscaliza\u00e7\u00e3o limitada \u00e9 outro agravante. &#8220;O Inmetro, principal \u00f3rg\u00e3o regulador, enfrenta dificuldades para ampliar suas a\u00e7\u00f5es. Inspe\u00e7\u00f5es por organismos certificadores de produtos, devidamente credenciados pelo Inmetro, precisam notificar com cinco dias de anteced\u00eancia, o que d\u00e1 margem para que os fabricantes burlem as auditorias&#8221;, destaca Santana.<\/p>\n\n\n\n<p>Ele relata um caso recente em que uma consumidora contratou uma construtora para a reforma de sua casa. A empresa instalou fios de alum\u00ednio em toda a liga\u00e7\u00e3o da rua at\u00e9 a resid\u00eancia, mesmo sabendo que a casa precisaria suportar a carga de quatro aparelhos de ar-condicionado, al\u00e9m de diversos eletrodom\u00e9sticos a energia el\u00e9trica, como fog\u00e3o, forno, coifa e chuveiros.<\/p>\n\n\n\n<p>Maur\u00edcio Santana conta ainda que a construtora iniciou a instala\u00e7\u00e3o corretamente, saindo do poste com fio de cobre recomendado para a situa\u00e7\u00e3o. No entanto, no meio do trajeto, fizeram uma emenda para fio de alum\u00ednio, mascarando com o uso do material mais barato. \u201cEssa pr\u00e1tica coloca em risco a vida de toda uma fam\u00edlia. \u00c9 um ato de extrema irresponsabilidade, que pode ser caracterizado at\u00e9 mesmo como crime\u201d, sublinha. A sa\u00edda, para especialistas, passa por tr\u00eas frentes: fiscaliza\u00e7\u00e3o mais r\u00edgida, inspe\u00e7\u00e3o peri\u00f3dica das instala\u00e7\u00f5es e, principalmente, a educa\u00e7\u00e3o do consumidor. &#8220;Se a consumidora tivesse conhecimento do assunto, ela fiscalizaria sua pr\u00f3pria obra e exigiria a utiliza\u00e7\u00e3o de cabos de qualidade, evitando problemas futuros&#8221;, diz.<\/p>\n\n\n\n<p>A Associa\u00e7\u00e3o Brasileira de Normas T\u00e9cnicas (ABNT) estabelece normas claras para a seguran\u00e7a el\u00e9trica em obras, como a NBR 5410 (instala\u00e7\u00f5es el\u00e9tricas de baixa tens\u00e3o) e a Normas T\u00e9cnicas Brasileiras (NBR) 14039 (alta tens\u00e3o). Mas, na pr\u00e1tica, muitas vezes s\u00e3o ignoradas em nome da redu\u00e7\u00e3o de custos imediatos.<\/p>\n\n\n\n<p>Na ponta, empresas s\u00e9rias tentam blindar seus clientes. O Brasil enfrenta uma realidade dura, mas que pode ser revertida com a conscientiza\u00e7\u00e3o dos consumidores e, principalmente, com a responsabilidade dos profissionais que atuam no mercado\u201d, refor\u00e7a Marco Stoppa, diretor comercial da Reymaster Materiais El\u00e9tricos \u2014 empresa certificada ISO 9001 h\u00e1 10 anos e especializada em cabos de alta qualidade.<\/p>\n\n\n\n<p>Ele ainda completa: &#8220;Na Reymaster s\u00f3 entregamos ao mercado fios e cabos certificados pelo Inmetro. Entendemos a import\u00e2ncia dessa seguran\u00e7a&#8221;.<\/p>\n\n\n\n<p>&#8220;No Brasil, onde a cada dia surgem novas ofertas de cabos baratos e falsificados, principalmente nos e-commerces, a diferen\u00e7a entre economia e seguran\u00e7a e at\u00e9 uma vida pode estar em um simples carretel de fio&#8221;, conclui Stoppa.<\/p>\n\n\n\n<p>Mais informa\u00e7\u00f5es: https:\/\/reymaster.com.br<\/p>\n\n\n\n<p>Legenda Foto: Marco Stoppa, diretor comercial da Reymaster<\/p>\n","protected":false},"excerpt":{"rendered":"<p>Setor estima que quase um ter\u00e7o dos cabos em circula\u00e7\u00e3o s\u00e3o fraudulentos, feitos com menos&#8230;<\/p>\n","protected":false},"author":1,"featured_media":26600,"comment_status":"open","ping_status":"open","sticky":false,"template":"","format":"standard","meta":{"footnotes":""},"categories":[2],"tags":[],"featured_image_urls":{"full":["https:\/\/novosaopaulo.com.br\/n1\/wp-content\/uploads\/2025\/10\/WhatsApp-Image-2025-10-24-at-15.57.49.jpeg",1600,1142,false],"thumbnail":["https:\/\/novosaopaulo.com.br\/n1\/wp-content\/uploads\/2025\/10\/WhatsApp-Image-2025-10-24-at-15.57.49-150x150.jpeg",150,150,true],"medium":["https:\/\/novosaopaulo.com.br\/n1\/wp-content\/uploads\/2025\/10\/WhatsApp-Image-2025-10-24-at-15.57.49-300x214.jpeg",300,214,true],"medium_large":["https:\/\/novosaopaulo.com.br\/n1\/wp-content\/uploads\/2025\/10\/WhatsApp-Image-2025-10-24-at-15.57.49-768x548.jpeg",640,457,true],"large":["https:\/\/novosaopaulo.com.br\/n1\/wp-content\/uploads\/2025\/10\/WhatsApp-Image-2025-10-24-at-15.57.49-1024x731.jpeg",640,457,true],"1536x1536":["https:\/\/novosaopaulo.com.br\/n1\/wp-content\/uploads\/2025\/10\/WhatsApp-Image-2025-10-24-at-15.57.49-1536x1096.jpeg",1536,1096,true],"2048x2048":["https:\/\/novosaopaulo.com.br\/n1\/wp-content\/uploads\/2025\/10\/WhatsApp-Image-2025-10-24-at-15.57.49.jpeg",1600,1142,false],"newsever-slider-full":["https:\/\/novosaopaulo.com.br\/n1\/wp-content\/uploads\/2025\/10\/WhatsApp-Image-2025-10-24-at-15.57.49-1280x845.jpeg",1280,845,true],"newsever-featured":["https:\/\/novosaopaulo.com.br\/n1\/wp-content\/uploads\/2025\/10\/WhatsApp-Image-2025-10-24-at-15.57.49-1024x731.jpeg",1024,731,true],"newsever-medium":["https:\/\/novosaopaulo.com.br\/n1\/wp-content\/uploads\/2025\/10\/WhatsApp-Image-2025-10-24-at-15.57.49-720x475.jpeg",720,475,true]},"author_info":{"display_name":"Reda\u00e7\u00e3o","author_link":"https:\/\/novosaopaulo.com.br\/n1\/author\/g5poa\/"},"category_info":"<a href=\"https:\/\/novosaopaulo.com.br\/n1\/category\/cidades\/\" rel=\"category tag\">Cidades<\/a>","tag_info":"Cidades","comment_count":"0","_links":{"self":[{"href":"https:\/\/novosaopaulo.com.br\/n1\/wp-json\/wp\/v2\/posts\/26599"}],"collection":[{"href":"https:\/\/novosaopaulo.com.br\/n1\/wp-json\/wp\/v2\/posts"}],"about":[{"href":"https:\/\/novosaopaulo.com.br\/n1\/wp-json\/wp\/v2\/types\/post"}],"author":[{"embeddable":true,"href":"https:\/\/novosaopaulo.com.br\/n1\/wp-json\/wp\/v2\/users\/1"}],"replies":[{"embeddable":true,"href":"https:\/\/novosaopaulo.com.br\/n1\/wp-json\/wp\/v2\/comments?post=26599"}],"version-history":[{"count":1,"href":"https:\/\/novosaopaulo.com.br\/n1\/wp-json\/wp\/v2\/posts\/26599\/revisions"}],"predecessor-version":[{"id":26601,"href":"https:\/\/novosaopaulo.com.br\/n1\/wp-json\/wp\/v2\/posts\/26599\/revisions\/26601"}],"wp:featuredmedia":[{"embeddable":true,"href":"https:\/\/novosaopaulo.com.br\/n1\/wp-json\/wp\/v2\/media\/26600"}],"wp:attachment":[{"href":"https:\/\/novosaopaulo.com.br\/n1\/wp-json\/wp\/v2\/media?parent=26599"}],"wp:term":[{"taxonomy":"category","embeddable":true,"href":"https:\/\/novosaopaulo.com.br\/n1\/wp-json\/wp\/v2\/categories?post=26599"},{"taxonomy":"post_tag","embeddable":true,"href":"https:\/\/novosaopaulo.com.br\/n1\/wp-json\/wp\/v2\/tags?post=26599"}],"curies":[{"name":"wp","href":"https:\/\/api.w.org\/{rel}","templated":true}]}}