{"id":26595,"date":"2025-10-24T17:53:43","date_gmt":"2025-10-24T20:53:43","guid":{"rendered":"https:\/\/novosaopaulo.com.br\/n1\/?p=26595"},"modified":"2025-10-24T17:54:11","modified_gmt":"2025-10-24T20:54:11","slug":"grupo-literario-alagoano-marca-presenca-na-xi-bienal-internacional-do-livro-de-alagoas","status":"publish","type":"post","link":"https:\/\/novosaopaulo.com.br\/n1\/grupo-literario-alagoano-marca-presenca-na-xi-bienal-internacional-do-livro-de-alagoas\/","title":{"rendered":"Grupo Liter\u00e1rio Alagoano marca presen\u00e7a na XI Bienal Internacional do Livro de Alagoas"},"content":{"rendered":"\n<p>Evento acontece na sexta-feira (31), no Centro Cultural Ruth Cardoso, com lan\u00e7amentos de autoras alagoanas<\/p>\n\n\n\n<p>Por Gigi Accioly<\/p>\n\n\n\n<p>O Grupo Liter\u00e1rio Alagoano (GLA) participar\u00e1 da XI Bienal Internacional do Livro de Alagoas, levando ao p\u00fablico uma programa\u00e7\u00e3o especial de lan\u00e7amentos e encontros com escritoras locais. A participa\u00e7\u00e3o acontece na sexta-feira, 31 de outubro, a partir das 10h, no estande 17, localizado no Centro Cultural e de Exposi\u00e7\u00e3o Ruth Cardoso, em Macei\u00f3.<\/p>\n\n\n\n<p>Sob a presid\u00eancia de Maria Helena Amorim Lima, o GLA atua em parceria com a Federa\u00e7\u00e3o das Academias de Letras, Artes, Cultura e Ci\u00eancias de Alagoas (FALACCAL), com o apoio do vereador Davi Davino Filho, refor\u00e7ando o compromisso das institui\u00e7\u00f5es com a valoriza\u00e7\u00e3o da literatura e das artes no estado.<\/p>\n\n\n\n<p>Entre os destaques da programa\u00e7\u00e3o, est\u00e3o os lan\u00e7amentos das obras das escritoras Isv\u00e2nia Marques, Eliana Cust\u00f3dio, Celeste Diniz, Maria da Puresa Amorim e Terezinha de Jesus Carvalho, todas integrantes do grupo. Os livros abordam tem\u00e1ticas diversas, que v\u00e3o da poesia \u00e0 narrativa contempor\u00e2nea, refletindo a pluralidade e a for\u00e7a da produ\u00e7\u00e3o liter\u00e1ria alagoana.<br>\u201cA Bienal \u00e9 um espa\u00e7o de celebra\u00e7\u00e3o da leitura e da escrita, e o GLA tem orgulho de representar o talento feminino e a cultura de Alagoas neste importante evento\u201d, evidenciou a presidente Maria Helena Amorim Lima.<\/p>\n\n\n\n<p>O estande promete ser um dos mais movimentados da feira, com sess\u00f5es de aut\u00f3grafos, conversas com o p\u00fablico e momentos de integra\u00e7\u00e3o entre autores e leitores. De acordo com a organiza\u00e7\u00e3o, a presen\u00e7a do grupo refor\u00e7a a import\u00e2ncia do livro f\u00edsico, que segue despertando o interesse de leitores que valorizam o contato direto com a obra impressa \u2014 em contraponto \u00e0 crescente digitaliza\u00e7\u00e3o do mercado editorial.<\/p>\n\n\n\n<p>A XI Bienal Internacional do Livro de Alagoas segue at\u00e9 o dia 9 de novembro, reunindo autores, editoras, leitores e institui\u00e7\u00f5es culturais em uma grande celebra\u00e7\u00e3o da palavra escrita.<\/p>\n\n\n\n<p>Durante a programa\u00e7\u00e3o, o p\u00fablico leitor ter\u00e1 a oportunidade de adquirir obras como o livro \u201cDo Cl\u00e1ssico ao Moderno \u2013 desde O Patinho Feio e A Terra dos Meninos Pelados\u201d, da autora Isv\u00e2nia Marques (em Parceria com Prof\u00aa Kathia Leite) que aborda o estudo cr\u00edtico \u00e0s obras \u201cO Patinho Feio\u201d e \u201cA Terra dos Meninos Pelados\u201d que, mesmo escritas em \u00e9pocas distantes focalizam o \u201cbullying\u201d e o preconceito em todas as suas nuances. Tornam-se, ent\u00e3o, modernas e atuais.<\/p>\n\n\n\n<p>\u201cTravessia\u201d da escritora Eliana Cust\u00f3dio, um livro que aborda sobre sentimentos que todos, em algum momento, conhecem: perdas, recome\u00e7os, amor e esperan\u00e7a. Nos versos de Eliana Cust\u00f3dio, cada palavra nasce da urg\u00eancia de viver e sobreviver em tempos de mudan\u00e7a, transformando experi\u00eancias pessoais em reflex\u00f5es universais.<\/p>\n\n\n\n<p>Outro livro que ser\u00e1 lan\u00e7ado \u00e9 \u201cRecortes de uma Vida\u201d, da escritora Celeste Diniz que revela, em p\u00e1ginas discretas e sinceras, uma tape\u00e7aria de pensamentos e sentimentos.<br>Em cada cap\u00edtulo, despontam nuances quase impercept\u00edveis: a hesita\u00e7\u00e3o antes de um \u201cbom dia\u201d, o aroma do caf\u00e9 invadindo a manh\u00e3, o peso leve das palavras n\u00e3o ditas. Reflex\u00f5es sussurradas entre as linhas convidam \u00e0 pausa, ao mergulho interior, \u00e0 contempla\u00e7\u00e3o dos pequenos gestos que costuram a rotina.<\/p>\n\n\n\n<p>A escritora Maria da Puresa Amorim com o livro \u201cO Brilho da Estrela\u201d, que com sua sensibilidade, a autora nos presenteia com mais uma obra liter\u00e1ria repleta de emo\u00e7\u00e3o e devo\u00e7\u00e3o. Desta vez, ela dedica suas poesias a Ela, Nossa Senhora M\u00e3e de Jesus, tocando nossos cora\u00e7\u00f5es com sua escrita delicada e profunda.<\/p>\n\n\n\n<p>Fechando o dia de lan\u00e7amentos do Grupo Liter\u00e1rio Alagoano, a escritora Terezinha de Jesus Carvalho lan\u00e7a o livro que trata da vida e obra de Suham Torres. Uma mulher trans, que \u00e9 pintora, com \u00eanfase em ser retratista, \u00e9 bailarina de dan\u00e7a cigana e flamenca, al\u00e9m de ter outros dons.<br>Ela hoje \u00e9 idosa, mas vive com a garra que sempre teve e exerceu, em sua luta por um lugar ao sol, diante de uma sociedade formatada por conceitos estereotipados, e guardados por muralhas, quase intranspon\u00edveis.<\/p>\n\n\n\n<p>Servi\u00e7o:<br>Grupo Liter\u00e1rio Alagoano na XI Bienal Internacional do Livro de Alagoas<br>Data: 31 de outubro, a partir das 10h<br>Local: Estande 17 \u2013 Centro Cultural e de Exposi\u00e7\u00e3o Ruth Cardoso<br>Apoio: Vereador Davi Davino Filho<\/p>\n\n\n\n<p>legenda foto: Legenda foto: (em p\u00e9) Maria Helena Amorim Lima ladeada pelas escritoras, Eliana Cust\u00f3dio e Celeste Diniz, (sentadas) Terezinha de Jesus Carvalho, Isv\u00e2nia Marques e Maria da Puresa Amorim<\/p>\n","protected":false},"excerpt":{"rendered":"<p>Evento acontece na sexta-feira (31), no Centro Cultural Ruth Cardoso, com lan\u00e7amentos de autoras alagoanas&#8230;<\/p>\n","protected":false},"author":1,"featured_media":26596,"comment_status":"open","ping_status":"open","sticky":false,"template":"","format":"standard","meta":{"footnotes":""},"categories":[38],"tags":[],"featured_image_urls":{"full":["https:\/\/novosaopaulo.com.br\/n1\/wp-content\/uploads\/2025\/10\/WhatsApp-Image-2025-10-24-at-12.53.47.jpeg",1600,1200,false],"thumbnail":["https:\/\/novosaopaulo.com.br\/n1\/wp-content\/uploads\/2025\/10\/WhatsApp-Image-2025-10-24-at-12.53.47-150x150.jpeg",150,150,true],"medium":["https:\/\/novosaopaulo.com.br\/n1\/wp-content\/uploads\/2025\/10\/WhatsApp-Image-2025-10-24-at-12.53.47-300x225.jpeg",300,225,true],"medium_large":["https:\/\/novosaopaulo.com.br\/n1\/wp-content\/uploads\/2025\/10\/WhatsApp-Image-2025-10-24-at-12.53.47-768x576.jpeg",640,480,true],"large":["https:\/\/novosaopaulo.com.br\/n1\/wp-content\/uploads\/2025\/10\/WhatsApp-Image-2025-10-24-at-12.53.47-1024x768.jpeg",640,480,true],"1536x1536":["https:\/\/novosaopaulo.com.br\/n1\/wp-content\/uploads\/2025\/10\/WhatsApp-Image-2025-10-24-at-12.53.47-1536x1152.jpeg",1536,1152,true],"2048x2048":["https:\/\/novosaopaulo.com.br\/n1\/wp-content\/uploads\/2025\/10\/WhatsApp-Image-2025-10-24-at-12.53.47.jpeg",1600,1200,false],"newsever-slider-full":["https:\/\/novosaopaulo.com.br\/n1\/wp-content\/uploads\/2025\/10\/WhatsApp-Image-2025-10-24-at-12.53.47-1280x845.jpeg",1280,845,true],"newsever-featured":["https:\/\/novosaopaulo.com.br\/n1\/wp-content\/uploads\/2025\/10\/WhatsApp-Image-2025-10-24-at-12.53.47-1024x768.jpeg",1024,768,true],"newsever-medium":["https:\/\/novosaopaulo.com.br\/n1\/wp-content\/uploads\/2025\/10\/WhatsApp-Image-2025-10-24-at-12.53.47-720x475.jpeg",720,475,true]},"author_info":{"display_name":"Reda\u00e7\u00e3o","author_link":"https:\/\/novosaopaulo.com.br\/n1\/author\/g5poa\/"},"category_info":"<a href=\"https:\/\/novosaopaulo.com.br\/n1\/category\/joao-costa\/\" rel=\"category tag\">Jo\u00e3o Costa<\/a>","tag_info":"Jo\u00e3o Costa","comment_count":"0","_links":{"self":[{"href":"https:\/\/novosaopaulo.com.br\/n1\/wp-json\/wp\/v2\/posts\/26595"}],"collection":[{"href":"https:\/\/novosaopaulo.com.br\/n1\/wp-json\/wp\/v2\/posts"}],"about":[{"href":"https:\/\/novosaopaulo.com.br\/n1\/wp-json\/wp\/v2\/types\/post"}],"author":[{"embeddable":true,"href":"https:\/\/novosaopaulo.com.br\/n1\/wp-json\/wp\/v2\/users\/1"}],"replies":[{"embeddable":true,"href":"https:\/\/novosaopaulo.com.br\/n1\/wp-json\/wp\/v2\/comments?post=26595"}],"version-history":[{"count":1,"href":"https:\/\/novosaopaulo.com.br\/n1\/wp-json\/wp\/v2\/posts\/26595\/revisions"}],"predecessor-version":[{"id":26597,"href":"https:\/\/novosaopaulo.com.br\/n1\/wp-json\/wp\/v2\/posts\/26595\/revisions\/26597"}],"wp:featuredmedia":[{"embeddable":true,"href":"https:\/\/novosaopaulo.com.br\/n1\/wp-json\/wp\/v2\/media\/26596"}],"wp:attachment":[{"href":"https:\/\/novosaopaulo.com.br\/n1\/wp-json\/wp\/v2\/media?parent=26595"}],"wp:term":[{"taxonomy":"category","embeddable":true,"href":"https:\/\/novosaopaulo.com.br\/n1\/wp-json\/wp\/v2\/categories?post=26595"},{"taxonomy":"post_tag","embeddable":true,"href":"https:\/\/novosaopaulo.com.br\/n1\/wp-json\/wp\/v2\/tags?post=26595"}],"curies":[{"name":"wp","href":"https:\/\/api.w.org\/{rel}","templated":true}]}}