{"id":26592,"date":"2025-10-24T17:52:03","date_gmt":"2025-10-24T20:52:03","guid":{"rendered":"https:\/\/novosaopaulo.com.br\/n1\/?p=26592"},"modified":"2025-10-24T17:52:04","modified_gmt":"2025-10-24T20:52:04","slug":"felipe-ferrari-lancam-coracao-teimoso-e-pessoafria-novas-faixas-do-projeto-um-novo-de-nos","status":"publish","type":"post","link":"https:\/\/novosaopaulo.com.br\/n1\/felipe-ferrari-lancam-coracao-teimoso-e-pessoafria-novas-faixas-do-projeto-um-novo-de-nos\/","title":{"rendered":"Felipe &#038; Ferrari lan\u00e7am \u201cCora\u00e7\u00e3o Teimoso\u201d e \u201cPessoaFria\u201d, novas faixas do projeto Um Novo de N\u00f3s"},"content":{"rendered":"\n<p>Composi\u00e7\u00e3o assinada por grandes nomes do sertanejo, \u201cCora\u00e7\u00e3o Teimoso\u201d \u00e9 o destaque e<br>promete tocar fundo no cora\u00e7\u00e3o dos apaixonados<\/p>\n\n\n\n<p>A dupla Felipe &amp; Ferrari d\u00e1 sequ\u00eancia ao projeto audiovisual Um Novo de N\u00f3s com o<br>lan\u00e7amento de duas novas faixas: \u201cCora\u00e7\u00e3o Teimoso\u201d e \u201cPessoa Fria\u201d. As m\u00fasicas<br>chegaram em todas as plataformas digitais nesta sexta-feira, 24 de outubro, refor\u00e7ando a<br>nova fase art\u00edstica dos cantores. O clipe de \u201cCora\u00e7\u00e3o Teimoso\u201d j\u00e1 est\u00e1 dispon\u00edvel no<br>YouTube. E o v\u00eddeo de \u201cPessoa Fria\u201d estreia no dia 31 de outubro, \u00e0s 11h.<br>O sentimento \u00e0 flor da pele em \u201cCora\u00e7\u00e3o Teimoso\u201d<br>Escolhida como m\u00fasica de trabalho desta nova etapa, \u201cCora\u00e7\u00e3o Teimoso\u201d \u00e9 uma<br>composi\u00e7\u00e3o de Renato Sousa, Lari Ferreira, Thales Lessa e Eliabe Quexin \u2013 nomes que<br>figuram entre os principais compositores do sertanejo atual. Com uma pegada moderna e o<br>timbre caracter\u00edstico da dupla, que se destaca pela entrega emocional e pela interpreta\u00e7\u00e3o<br>marcante, a faixa equilibra dor e leveza ao narrar o drama de quem luta em v\u00e3o para<br>esquecer um amor que insiste em permanecer.<br>\u201c\u2018Cora\u00e7\u00e3o Teimoso\u2019 fala de um sentimento que todo mundo j\u00e1 viveu: aquele amor que a<br>gente sabe que devia esquecer, mas o cora\u00e7\u00e3o insiste em lembrar. \u00c9 uma m\u00fasica que tem<br>verdade, emo\u00e7\u00e3o e uma melodia que gruda. Quando ouvimos, sentimos que ela tinha que<br>estar no projeto\u201d, destaca Felipe.<br>\u201c\u00c9 uma daquelas can\u00e7\u00f5es que falam direto com o p\u00fablico. Tem uma letra forte, uma hist\u00f3ria<br>real e uma energia que emociona. A gente acredita muito no poder dessa m\u00fasica\u201d,<br>complementa Ferrari.<br>\u201cPessoa Fria\u201d: o outro lado da desilus\u00e3o<br>Na sequ\u00eancia, \u201cPessoa Fria\u201d apresenta uma narrativa complementar, mostrando o resultado<br>de um amor que esgotou todas as tentativas. A letra, que diz \u201cSe hoje eu sou essa pessoa<br>fria, foi voc\u00ea que congelou\u201d, traz um desabafo maduro, revelando o momento em que a<br>paix\u00e3o d\u00e1 lugar \u00e0 indiferen\u00e7a.<br>Com arranjos envolventes e vocais marcantes, a can\u00e7\u00e3o refor\u00e7a a capacidade da dupla de<br>equilibrar emo\u00e7\u00e3o e verdade, entregando ao p\u00fablico o que h\u00e1 de mais aut\u00eantico na<br>sofr\u00eancia contempor\u00e2nea.<br>Um projeto que celebra recome\u00e7os<br>Gravado em fevereiro, em Goi\u00e2nia, o audiovisual Um Novo de N\u00f3s marca uma nova fase de<br>Felipe &amp; Ferrari. O DVD conta com 12 faixas in\u00e9ditas, produ\u00e7\u00e3o musical de Dudu Oliveira e<br>participa\u00e7\u00f5es especiais de Traia V\u00e9ia e Diego &amp; Arnaldo.<br>Em junho, o lan\u00e7amento do primeiro EP apresentou quatro m\u00fasicas, incluindo \u201cDa \u00c1gua Pra<br>Nada\u201d, parceria com Traia V\u00e9ia. J\u00e1 em setembro, a dupla deu continuidade ao projeto com<br>as faixas \u201cChorei no Mudo\u201d e \u201cTr\u00eas Tapas\u201d, que rapidamente ca\u00edram no gosto do p\u00fablico e<br>se tornaram trend nas redes sociais, consolidando ainda mais essa nova fase art\u00edstica.<br>Cronograma de lan\u00e7amentos<br>\u25cf 24\/10 \u2013 00h: faixas \u201cCora\u00e7\u00e3o Teimoso\u201d e \u201cPessoa Fria\u201d dispon\u00edveis nas plataformas<br>de \u00e1udio<br>\u25cf 24\/10 \u2013 11h: clipe de \u201cCora\u00e7\u00e3o Teimoso\u201d no YouTube<br>\u25cf 31\/10 \u2013 11h: clipe de \u201cPessoa Fria\u201d no YouTube<br>Sobre Felipe &amp; Ferrari<br>Com mais de uma d\u00e9cada de estrada, Felipe &amp; Ferrari s\u00e3o reconhecidos pela autenticidade<br>e pela for\u00e7a de suas composi\u00e7\u00f5es autorais. A dupla emplacou sucessos como \u201cA Carta de<br>Larissa\u201d e \u201cA Menina de Fone\u201d, al\u00e9m de projetos marcantes como o audiovisual No Fervo<br>em Cuiab\u00e1 (2022). O novo DVD, Um Novo de N\u00f3s, reafirma a identidade e a maturidade<br>musical dos artistas, que seguem conquistando p\u00fablico em todo o Brasil.<\/p>\n","protected":false},"excerpt":{"rendered":"<p>Composi\u00e7\u00e3o assinada por grandes nomes do sertanejo, \u201cCora\u00e7\u00e3o Teimoso\u201d \u00e9 o destaque epromete tocar fundo&#8230;<\/p>\n","protected":false},"author":1,"featured_media":26593,"comment_status":"open","ping_status":"open","sticky":false,"template":"","format":"standard","meta":{"footnotes":""},"categories":[2],"tags":[],"featured_image_urls":{"full":["https:\/\/novosaopaulo.com.br\/n1\/wp-content\/uploads\/2025\/10\/IMG_0686-600x337-1.jpeg",600,337,false],"thumbnail":["https:\/\/novosaopaulo.com.br\/n1\/wp-content\/uploads\/2025\/10\/IMG_0686-600x337-1-150x150.jpeg",150,150,true],"medium":["https:\/\/novosaopaulo.com.br\/n1\/wp-content\/uploads\/2025\/10\/IMG_0686-600x337-1-300x169.jpeg",300,169,true],"medium_large":["https:\/\/novosaopaulo.com.br\/n1\/wp-content\/uploads\/2025\/10\/IMG_0686-600x337-1.jpeg",600,337,false],"large":["https:\/\/novosaopaulo.com.br\/n1\/wp-content\/uploads\/2025\/10\/IMG_0686-600x337-1.jpeg",600,337,false],"1536x1536":["https:\/\/novosaopaulo.com.br\/n1\/wp-content\/uploads\/2025\/10\/IMG_0686-600x337-1.jpeg",600,337,false],"2048x2048":["https:\/\/novosaopaulo.com.br\/n1\/wp-content\/uploads\/2025\/10\/IMG_0686-600x337-1.jpeg",600,337,false],"newsever-slider-full":["https:\/\/novosaopaulo.com.br\/n1\/wp-content\/uploads\/2025\/10\/IMG_0686-600x337-1.jpeg",600,337,false],"newsever-featured":["https:\/\/novosaopaulo.com.br\/n1\/wp-content\/uploads\/2025\/10\/IMG_0686-600x337-1.jpeg",600,337,false],"newsever-medium":["https:\/\/novosaopaulo.com.br\/n1\/wp-content\/uploads\/2025\/10\/IMG_0686-600x337-1.jpeg",600,337,false]},"author_info":{"display_name":"Reda\u00e7\u00e3o","author_link":"https:\/\/novosaopaulo.com.br\/n1\/author\/g5poa\/"},"category_info":"<a href=\"https:\/\/novosaopaulo.com.br\/n1\/category\/cidades\/\" rel=\"category tag\">Cidades<\/a>","tag_info":"Cidades","comment_count":"0","_links":{"self":[{"href":"https:\/\/novosaopaulo.com.br\/n1\/wp-json\/wp\/v2\/posts\/26592"}],"collection":[{"href":"https:\/\/novosaopaulo.com.br\/n1\/wp-json\/wp\/v2\/posts"}],"about":[{"href":"https:\/\/novosaopaulo.com.br\/n1\/wp-json\/wp\/v2\/types\/post"}],"author":[{"embeddable":true,"href":"https:\/\/novosaopaulo.com.br\/n1\/wp-json\/wp\/v2\/users\/1"}],"replies":[{"embeddable":true,"href":"https:\/\/novosaopaulo.com.br\/n1\/wp-json\/wp\/v2\/comments?post=26592"}],"version-history":[{"count":1,"href":"https:\/\/novosaopaulo.com.br\/n1\/wp-json\/wp\/v2\/posts\/26592\/revisions"}],"predecessor-version":[{"id":26594,"href":"https:\/\/novosaopaulo.com.br\/n1\/wp-json\/wp\/v2\/posts\/26592\/revisions\/26594"}],"wp:featuredmedia":[{"embeddable":true,"href":"https:\/\/novosaopaulo.com.br\/n1\/wp-json\/wp\/v2\/media\/26593"}],"wp:attachment":[{"href":"https:\/\/novosaopaulo.com.br\/n1\/wp-json\/wp\/v2\/media?parent=26592"}],"wp:term":[{"taxonomy":"category","embeddable":true,"href":"https:\/\/novosaopaulo.com.br\/n1\/wp-json\/wp\/v2\/categories?post=26592"},{"taxonomy":"post_tag","embeddable":true,"href":"https:\/\/novosaopaulo.com.br\/n1\/wp-json\/wp\/v2\/tags?post=26592"}],"curies":[{"name":"wp","href":"https:\/\/api.w.org\/{rel}","templated":true}]}}