{"id":26587,"date":"2025-10-24T17:47:55","date_gmt":"2025-10-24T20:47:55","guid":{"rendered":"https:\/\/novosaopaulo.com.br\/n1\/?p=26587"},"modified":"2025-10-24T17:47:56","modified_gmt":"2025-10-24T20:47:56","slug":"lula-trump-e-maduro-preocupacoes-a-al-e-ao-mundo","status":"publish","type":"post","link":"https:\/\/novosaopaulo.com.br\/n1\/lula-trump-e-maduro-preocupacoes-a-al-e-ao-mundo\/","title":{"rendered":"Lula, Trump e Maduro, preocupa\u00e7\u00f5es \u00e0 AL e ao Mundo"},"content":{"rendered":"\n<p>O presidente Lula voltou a dividir a bola com Donald Trump. No discurso proferido nesta quinta-feira (23), em Jacarta, capital da Indon\u00e9sia, criticou o protecionismo, o que classificou como uma nova Guerra Fria, e prop\u00f4s com\u00e9rcio em moeda nacional, uma alternativa ao d\u00f3lar americano. Afirmou ainda que os pa\u00edses n\u00e3o podem ser \u201cdependentes de ningu\u00e9m\u201d. Recorde-se que esses temas, anteriormente referidos, foram parte dos motivos para o tarifa\u00e7o de 50% decretado pelo presidente norte-americano \u00e0s importa\u00e7\u00f5es de produtos brasileiros. E que a volta ao assunto tende a prejudicar o encontro Lula-Trump, naquele pa\u00eds. O governante brasileiro j\u00e1 adiantou n\u00e3o esperar solu\u00e7\u00f5es imediatas naquela reuni\u00e3o marcada para a capital indon\u00e9sia. Bom seria se houvesse condi\u00e7\u00f5es para um acordo de redu\u00e7\u00e3o de al\u00edquotas que dezenas de pa\u00edses j\u00e1 celebraram com os EUA, que desoneraria nossos produtores e tornariam nossos produtos mais competitivos na pauta internacional. Que os dois governantes pensem mais nos dois povos do que em suas pr\u00f3prias posi\u00e7\u00f5es e interesses pol\u00edticos e ideol\u00f3gicos.<\/p>\n\n\n\n<pre class=\"wp-block-code\"><code>  Donald Trump vem agitando todo o planeta. Al\u00e9m do tarifa\u00e7o, j\u00e1 negociou o fim de oito conflitos b\u00e9licos. Hoje se esfor\u00e7a com o russo Vladimir Putin, para conseguir o cessar-fogo na guerra R\u00fassia-Ucr\u00e2nia e tem a Venezuela sob al\u00e7a de mira. Os EUA oferecem pr\u00eamio de 50 milh\u00f5es de d\u00f3lares a quem der informa\u00e7\u00f5es que levem \u00e0 pris\u00e3o ou at\u00e9 elimina\u00e7\u00e3o de Nicol\u00e1s Maduro, presidente contestado da Venezuela. O pr\u00eamio \u00e9 o dobro do  pago pelas informa\u00e7\u00f5es que levaram \u00e0 elimina\u00e7\u00e3o de Osama Bin-Laden, o l\u00edder da Al Qaeda, acusado de ordenar e executar os ataques de 11 de setembro de 2001, quando foi destru\u00eddo o pr\u00e9dio do World Trade Center e atacadas outras institui\u00e7\u00f5es americanas, inclusive o Pent\u00e1gono.\n\n  Os militares posicionados no mar do Caribe e no Oceano Pac\u00edfico \u2013 norte da Am\u00e9rica do Sul - j\u00e1 destru\u00edram v\u00e1rios barcos venezuelanos acusados de transportar drogas aos EUA, matando consider\u00e1vel n\u00famero de tripulantes. Maduro chegou a usar a via diplom\u00e1tica para propor algum acordo a Trump, mas agora j\u00e1 disse (amea\u00e7ador) que possui 5 mil m\u00edsseis sovi\u00e9ticos para sustentar a guerra. Trump disse que, al\u00e9m de ter autorizado o Pent\u00e1gono e a CIA a entrar na Venezuela, tem suas tropas orientadas a combater o narcotr\u00e1fico em opera\u00e7\u00f5es terrestres. Al\u00e9m da Venezuela, j\u00e1 citou a Col\u00f4mbia como pa\u00edses cartelizados, al\u00e9m de propor a decreta\u00e7\u00e3o das fac\u00e7\u00f5es brasileiras Primeiro Comando da Capital e Comando Vermelho, como organiza\u00e7\u00f5es terroristas, alternativa negada por Lula sob o argumento de que essa medida n\u00e3o encontra suporte na legisla\u00e7\u00e3o brasileira.\n\n  O quadro pol\u00edtico, institucional e militar vivido pela Am\u00e9rica Latina \u2013 especialmente Venezuela, Col\u00f4mbia e outros pa\u00edses governados pela esquerda, \u00e9 preocupante. Espera-se que as solu\u00e7\u00f5es para essa problem\u00e1tica venham de negocia\u00e7\u00f5es e n\u00e3o de confrontos, pois essa alternativa poder\u00e1 custar muitas vidas, inclusive de civis que nada tem com os conflitos e podem  at\u00e9, mesmo sem guerras, ser v\u00edtimas de seus efeitos.\n\n  S\u00e3o muitas as quest\u00f5es \u2013 cr\u00edticas e at\u00e9 den\u00fancias de irregularidades e crimes envolvendo a luta pelo poder. De tempos at\u00e9 o presente, parece que o bom senso ausentou-se por completo e isso vem produzindo a derrocada da imagem da classe pol\u00edtica e de condest\u00e1veis da Rep\u00fablica, dos Estados e Munic\u00edpios. Uns acusam os outros e a maioria deles acaba com a imagem conspurcada por a\u00e7\u00f5es denunciadas pelos oponentes que podem, inclusive, constitu\u00edrem meras acusa\u00e7\u00f5es para atrapalhar suas carreiras.\n\n  Temos no Brasil, al\u00e9m da classe pol\u00edtica, um vasto quadro de servidores de carreira com f\u00e9 p\u00fablica e compet\u00eancia para apurar os malfeitos que hoje circulam na m\u00eddia e nas redes sociais catalogados como crimes ou desvios cometidos.  O Pa\u00eds precisa livrar-se dessas chagas que nada constroem, mas servem para destruir a imagem daqueles que escolheram atuar na representa\u00e7\u00e3o p\u00fablica, inclusive eleitoralmente.\n\n  Em vez de cruzar den\u00fancias, os agentes da comunidade deveriam lutar para que o Estado seja rigoroso na apura\u00e7\u00e3o das irregularidades. N\u00e3o para simplesmente punir o advers\u00e1rio de quem  promove a acusa\u00e7\u00e3o, mas para apurar a fundo os supostos crimes, mantendo ativo o instrumento de revers\u00e3o, onde da mesma forma que se apura o fato denunciado, busca-se a veracidade do denunciante e se ele n\u00e3o tiver provas do que diz, possa ser processado a apenado por denuncia\u00e7\u00e3o caluniosa. N\u00e3o podemos continuar vivendo sob o denuncismo desenfreado e nem sob o regime de jogar o lixo para baixo do tapete, como se n\u00e3o existisse, coisa que se v\u00ea nos acordos entre grupos. Toda vez que uma irregularidade \u00e9 levada ao conhecimento da sociedade, ela deve ser apurada \u00e0 exaust\u00e3o e algu\u00e9m precisa pagar seu pre\u00e7o; o acusado se tudo ficar comprovado ou o acusador se as provas n\u00e3o surgirem ou n\u00e3o se apresentarem convincentes. \n\n  A apura\u00e7\u00e3o do certo e do errado deve ser uma tarefa do Minist\u00e9rio P\u00fablico e do Poder Judici\u00e1rio. Afinal, existem no territ\u00f3rio nacional aproximadamente 2700 sedes de comanda, onde trabalham 18 mil magistrados, h\u00e1 4 mil vagas n\u00e3o preenchidas e o Minist\u00e9rio P\u00fablico possui 13 mil titulares, mais defensorias, corregedorias, \u00f3rg\u00e3os e fun\u00e7\u00f5es assemelhadas.  Nada mal que a compet\u00eancia desses profissionais pudesse ser utilizadas para recolocar a Na\u00e7\u00e3o nos trilhos. Que os titulares da intelig\u00eancia nacional e os detentores da tarefa de legislar \u2013 especialmente o Congresso Nacional \u2013 pensem nisso...<\/code><\/pre>\n\n\n\n<p>Tenente e Dirceu Cardoso Gon\u00e7alves &#8211; dirigente da ASPOMIL (Associa\u00e7\u00e3o de Assist. Social dos Policiais Militares de S\u00e3o Paulo).<\/p>\n","protected":false},"excerpt":{"rendered":"<p>O presidente Lula voltou a dividir a bola com Donald Trump. No discurso proferido nesta&#8230;<\/p>\n","protected":false},"author":1,"featured_media":23327,"comment_status":"open","ping_status":"open","sticky":false,"template":"","format":"standard","meta":{"footnotes":""},"categories":[2],"tags":[],"featured_image_urls":{"full":["https:\/\/novosaopaulo.com.br\/n1\/wp-content\/uploads\/2025\/04\/Tenente-Dirceu-Cardoso-Goncalves.jpg",600,564,false],"thumbnail":["https:\/\/novosaopaulo.com.br\/n1\/wp-content\/uploads\/2025\/04\/Tenente-Dirceu-Cardoso-Goncalves-150x150.jpg",150,150,true],"medium":["https:\/\/novosaopaulo.com.br\/n1\/wp-content\/uploads\/2025\/04\/Tenente-Dirceu-Cardoso-Goncalves-300x282.jpg",300,282,true],"medium_large":["https:\/\/novosaopaulo.com.br\/n1\/wp-content\/uploads\/2025\/04\/Tenente-Dirceu-Cardoso-Goncalves.jpg",600,564,false],"large":["https:\/\/novosaopaulo.com.br\/n1\/wp-content\/uploads\/2025\/04\/Tenente-Dirceu-Cardoso-Goncalves.jpg",600,564,false],"1536x1536":["https:\/\/novosaopaulo.com.br\/n1\/wp-content\/uploads\/2025\/04\/Tenente-Dirceu-Cardoso-Goncalves.jpg",600,564,false],"2048x2048":["https:\/\/novosaopaulo.com.br\/n1\/wp-content\/uploads\/2025\/04\/Tenente-Dirceu-Cardoso-Goncalves.jpg",600,564,false],"newsever-slider-full":["https:\/\/novosaopaulo.com.br\/n1\/wp-content\/uploads\/2025\/04\/Tenente-Dirceu-Cardoso-Goncalves.jpg",600,564,false],"newsever-featured":["https:\/\/novosaopaulo.com.br\/n1\/wp-content\/uploads\/2025\/04\/Tenente-Dirceu-Cardoso-Goncalves.jpg",600,564,false],"newsever-medium":["https:\/\/novosaopaulo.com.br\/n1\/wp-content\/uploads\/2025\/04\/Tenente-Dirceu-Cardoso-Goncalves-600x475.jpg",600,475,true]},"author_info":{"display_name":"Reda\u00e7\u00e3o","author_link":"https:\/\/novosaopaulo.com.br\/n1\/author\/g5poa\/"},"category_info":"<a href=\"https:\/\/novosaopaulo.com.br\/n1\/category\/cidades\/\" rel=\"category tag\">Cidades<\/a>","tag_info":"Cidades","comment_count":"0","_links":{"self":[{"href":"https:\/\/novosaopaulo.com.br\/n1\/wp-json\/wp\/v2\/posts\/26587"}],"collection":[{"href":"https:\/\/novosaopaulo.com.br\/n1\/wp-json\/wp\/v2\/posts"}],"about":[{"href":"https:\/\/novosaopaulo.com.br\/n1\/wp-json\/wp\/v2\/types\/post"}],"author":[{"embeddable":true,"href":"https:\/\/novosaopaulo.com.br\/n1\/wp-json\/wp\/v2\/users\/1"}],"replies":[{"embeddable":true,"href":"https:\/\/novosaopaulo.com.br\/n1\/wp-json\/wp\/v2\/comments?post=26587"}],"version-history":[{"count":1,"href":"https:\/\/novosaopaulo.com.br\/n1\/wp-json\/wp\/v2\/posts\/26587\/revisions"}],"predecessor-version":[{"id":26588,"href":"https:\/\/novosaopaulo.com.br\/n1\/wp-json\/wp\/v2\/posts\/26587\/revisions\/26588"}],"wp:featuredmedia":[{"embeddable":true,"href":"https:\/\/novosaopaulo.com.br\/n1\/wp-json\/wp\/v2\/media\/23327"}],"wp:attachment":[{"href":"https:\/\/novosaopaulo.com.br\/n1\/wp-json\/wp\/v2\/media?parent=26587"}],"wp:term":[{"taxonomy":"category","embeddable":true,"href":"https:\/\/novosaopaulo.com.br\/n1\/wp-json\/wp\/v2\/categories?post=26587"},{"taxonomy":"post_tag","embeddable":true,"href":"https:\/\/novosaopaulo.com.br\/n1\/wp-json\/wp\/v2\/tags?post=26587"}],"curies":[{"name":"wp","href":"https:\/\/api.w.org\/{rel}","templated":true}]}}