{"id":26584,"date":"2025-10-24T00:22:28","date_gmt":"2025-10-24T03:22:28","guid":{"rendered":"https:\/\/novosaopaulo.com.br\/n1\/?p=26584"},"modified":"2025-10-24T00:22:29","modified_gmt":"2025-10-24T03:22:29","slug":"tradicao-e-encanto-marcam-a-abertura-da-orquidea-fest-poa-2025","status":"publish","type":"post","link":"https:\/\/novosaopaulo.com.br\/n1\/tradicao-e-encanto-marcam-a-abertura-da-orquidea-fest-poa-2025\/","title":{"rendered":"Tradi\u00e7\u00e3o e encanto marcam a abertura da Orqu\u00eddea Fest Po\u00e1 2025"},"content":{"rendered":"\n<p>Evento foi aberto pelo prefeito Saulo Souza ao lado da primeira-dama Flavia Souza, reunindo autoridades e a popula\u00e7\u00e3o poaense na Pra\u00e7a de Eventos; edi\u00e7\u00e3o da festa tem a Holanda como tema<\/p>\n\n\n\n<p>A Orqu\u00eddea Fest Po\u00e1 2025 foi aberta oficialmente na manh\u00e3 desta quinta-feira (23) pelo prefeito Saulo Souza e pela primeira-dama Flavia Souza em uma cerim\u00f4nia marcada por emo\u00e7\u00e3o, cores e m\u00fasica. O evento, que ocorre at\u00e9 domingo (26) na Pra\u00e7a de Eventos, celebra a beleza das flores, a cultura local e a retomada de uma das festas mais tradicionais da cidade. Neste ano, o tema escolhido foi a Holanda, pa\u00eds conhecido por sua liga\u00e7\u00e3o hist\u00f3rica com Po\u00e1.<\/p>\n\n\n\n<p>Com a apresenta\u00e7\u00e3o oficial da Miss Orqu\u00eddea 2025, Beatriz Suyama, acompanhada da 1\u00aa princesa Gabrielly Lins, 2\u00aa princesa Gabriela Moreau e 3\u00aa princesa T\u00e1bata Freitas, a abertura da festa encantou o p\u00fablico presente e chamou a aten\u00e7\u00e3o pela decora\u00e7\u00e3o seguindo a cultura holandesa, composta por grande moinho e uma vila t\u00edpica.<\/p>\n\n\n\n<p>O espa\u00e7o da festa est\u00e1 aberto diariamente das 10h \u00e0s 18h, com exposi\u00e7\u00e3o e venda de orqu\u00eddeas, pra\u00e7a de alimenta\u00e7\u00e3o, barraca do Fundo Social, feira de artesanato, ambientes instagram\u00e1veis e a tradicional feira da ind\u00fastria e com\u00e9rcio, que valoriza o empreendedorismo local. Os shows ter\u00e3 o in\u00edcio \u00e0s 19 horas (veja abaixo).<\/p>\n\n\n\n<p>Resgate da tradi\u00e7\u00e3o<br>Durante seu discurso, o prefeito Saulo Souza destacou a import\u00e2ncia da retomada da festa e o papel do evento como s\u00edmbolo de orgulho para os moradores. \u201cA Orqu\u00eddea Fest Po\u00e1 2025 abre suas portas para receber toda a popula\u00e7\u00e3o poaense e da nossa regi\u00e3o. Esse ser\u00e1 um dos grandes eventos que a nossa cidade j\u00e1 teve. \u00c9 o resgate da nossa tradi\u00e7\u00e3o, da celebra\u00e7\u00e3o da beleza das orqu\u00eddeas e, principalmente, do orgulho de ser poaense\u201d, afirmou.<\/p>\n\n\n\n<p>O prefeito tamb\u00e9m revelou que o tema internacional ser\u00e1 uma marca registrada da festa. \u201cIniciamos com o tema Holanda e, a cada ano, homenagearemos um pa\u00eds com v\u00ednculos e amizade com a nossa cidade\u201d, completou.<\/p>\n\n\n\n<p>A primeira-dama Flavia Souza refor\u00e7ou o sentimento de gratid\u00e3o e emo\u00e7\u00e3o pela volta da celebra\u00e7\u00e3o. \u201cTudo o que voc\u00eas est\u00e3o vendo foi preparado com muito amor e carinho. Quero agradecer o decorador Paulinho e sua equipe, os orquid\u00f3filos que acreditaram na retomada da festa e os empres\u00e1rios da cidade que confiaram nesse projeto\u201d, declarou.<\/p>\n\n\n\n<p>O secret\u00e1rio de Cultura, Paulo Barbosa, celebrou a oportunidade de reunir a popula\u00e7\u00e3o em um evento de grande porte. \u201c\u00c9 uma felicidade imensa receber todos os visitantes para essa retomada. A festa foi pensada com muito carinho, para valorizar nossa cultura e nossos artistas\u201d, disse.<\/p>\n\n\n\n<p>J\u00e1 a secret\u00e1ria de Ind\u00fastria, Com\u00e9rcio e Rela\u00e7\u00f5es do Trabalho, Jeruza Reis, destacou o papel econ\u00f4mico da festa. \u201c\u00c9 uma alegria ver a Orqu\u00eddea Fest de volta, dando espa\u00e7o para mostrar a for\u00e7a do nosso empreendedor e dos comerciantes poaenses\u201d, afirmou.<\/p>\n\n\n\n<p>A secret\u00e1ria de Turismo, D\u00e9bora de Lucrezio, refor\u00e7ou o papel da festa na promo\u00e7\u00e3o do artesanato local. \u201cCada pe\u00e7a vendida aqui representa o talento e o esfor\u00e7o de nossos artes\u00e3os. \u00c9 um orgulho ver o artesanato poaense sendo valorizado\u201d, disse.<\/p>\n\n\n\n<p>A cerim\u00f4nia de abertura contou com a presen\u00e7a de vereadores, entre eles o presidente da C\u00e2mara Municipal, Lucas Ferrari, de secret\u00e1rios municipais, da primeira-dama e presidente do Fundo Social de Aruj\u00e1, Clau Camargo, e de autoridades da cidade e da regi\u00e3o.<\/p>\n\n\n\n<p>Shows<br>Com uma programa\u00e7\u00e3o que agrada a diferentes p\u00fablicos, a Orqu\u00eddea Fest Po\u00e1 2025 traz grandes nomes da m\u00fasica nacional. Os shows principais ser\u00e3o de Bruna Karla nesta quinta-feira (23), Simone Mendes (24\/10), Alok (25\/10) e P\u00e9ricles (26\/10), com entrada solid\u00e1ria mediante a doa\u00e7\u00e3o de 1 kg de alimento n\u00e3o perec\u00edvel no momento da entrada do show. Os ingressos gratuitos est\u00e3o dispon\u00edveis no site www.poaorquideafest.com.br, que tamb\u00e9m oferece a compra de camarotes e \u00e1rea VIP.<\/p>\n\n\n\n<p>Os alimentos arrecadados ser\u00e3o revertidos para o Fundo Social de Solidariedade de Po\u00e1. Para cada dia de show, foi definido um item espec\u00edfico: macarr\u00e3o (quinta-feira), arroz (sexta-feira), feij\u00e3o (s\u00e1bado) e leite (domingo). A festa ainda contar\u00e1 com um show infantil da Patrulha Canina, no domingo (26), \u00e0s 16 horas.<\/p>\n\n\n\n<p>Foto: Nivaldo Alves<\/p>\n","protected":false},"excerpt":{"rendered":"<p>Evento foi aberto pelo prefeito Saulo Souza ao lado da primeira-dama Flavia Souza, reunindo autoridades&#8230;<\/p>\n","protected":false},"author":1,"featured_media":26585,"comment_status":"open","ping_status":"open","sticky":false,"template":"","format":"standard","meta":{"footnotes":""},"categories":[8],"tags":[],"featured_image_urls":{"full":["https:\/\/novosaopaulo.com.br\/n1\/wp-content\/uploads\/2025\/10\/WhatsApp-Image-2025-10-23-at-22.07.26.jpeg",640,426,false],"thumbnail":["https:\/\/novosaopaulo.com.br\/n1\/wp-content\/uploads\/2025\/10\/WhatsApp-Image-2025-10-23-at-22.07.26-150x150.jpeg",150,150,true],"medium":["https:\/\/novosaopaulo.com.br\/n1\/wp-content\/uploads\/2025\/10\/WhatsApp-Image-2025-10-23-at-22.07.26-300x200.jpeg",300,200,true],"medium_large":["https:\/\/novosaopaulo.com.br\/n1\/wp-content\/uploads\/2025\/10\/WhatsApp-Image-2025-10-23-at-22.07.26.jpeg",640,426,false],"large":["https:\/\/novosaopaulo.com.br\/n1\/wp-content\/uploads\/2025\/10\/WhatsApp-Image-2025-10-23-at-22.07.26.jpeg",640,426,false],"1536x1536":["https:\/\/novosaopaulo.com.br\/n1\/wp-content\/uploads\/2025\/10\/WhatsApp-Image-2025-10-23-at-22.07.26.jpeg",640,426,false],"2048x2048":["https:\/\/novosaopaulo.com.br\/n1\/wp-content\/uploads\/2025\/10\/WhatsApp-Image-2025-10-23-at-22.07.26.jpeg",640,426,false],"newsever-slider-full":["https:\/\/novosaopaulo.com.br\/n1\/wp-content\/uploads\/2025\/10\/WhatsApp-Image-2025-10-23-at-22.07.26.jpeg",640,426,false],"newsever-featured":["https:\/\/novosaopaulo.com.br\/n1\/wp-content\/uploads\/2025\/10\/WhatsApp-Image-2025-10-23-at-22.07.26.jpeg",640,426,false],"newsever-medium":["https:\/\/novosaopaulo.com.br\/n1\/wp-content\/uploads\/2025\/10\/WhatsApp-Image-2025-10-23-at-22.07.26.jpeg",640,426,false]},"author_info":{"display_name":"Reda\u00e7\u00e3o","author_link":"https:\/\/novosaopaulo.com.br\/n1\/author\/g5poa\/"},"category_info":"<a href=\"https:\/\/novosaopaulo.com.br\/n1\/category\/poa\/\" rel=\"category tag\">Po\u00e1<\/a>","tag_info":"Po\u00e1","comment_count":"0","_links":{"self":[{"href":"https:\/\/novosaopaulo.com.br\/n1\/wp-json\/wp\/v2\/posts\/26584"}],"collection":[{"href":"https:\/\/novosaopaulo.com.br\/n1\/wp-json\/wp\/v2\/posts"}],"about":[{"href":"https:\/\/novosaopaulo.com.br\/n1\/wp-json\/wp\/v2\/types\/post"}],"author":[{"embeddable":true,"href":"https:\/\/novosaopaulo.com.br\/n1\/wp-json\/wp\/v2\/users\/1"}],"replies":[{"embeddable":true,"href":"https:\/\/novosaopaulo.com.br\/n1\/wp-json\/wp\/v2\/comments?post=26584"}],"version-history":[{"count":1,"href":"https:\/\/novosaopaulo.com.br\/n1\/wp-json\/wp\/v2\/posts\/26584\/revisions"}],"predecessor-version":[{"id":26586,"href":"https:\/\/novosaopaulo.com.br\/n1\/wp-json\/wp\/v2\/posts\/26584\/revisions\/26586"}],"wp:featuredmedia":[{"embeddable":true,"href":"https:\/\/novosaopaulo.com.br\/n1\/wp-json\/wp\/v2\/media\/26585"}],"wp:attachment":[{"href":"https:\/\/novosaopaulo.com.br\/n1\/wp-json\/wp\/v2\/media?parent=26584"}],"wp:term":[{"taxonomy":"category","embeddable":true,"href":"https:\/\/novosaopaulo.com.br\/n1\/wp-json\/wp\/v2\/categories?post=26584"},{"taxonomy":"post_tag","embeddable":true,"href":"https:\/\/novosaopaulo.com.br\/n1\/wp-json\/wp\/v2\/tags?post=26584"}],"curies":[{"name":"wp","href":"https:\/\/api.w.org\/{rel}","templated":true}]}}